{"id":15729,"date":"2020-10-30T09:23:46","date_gmt":"2020-10-30T12:23:46","guid":{"rendered":"http:\/\/blogopara.com.br\/?p=15729"},"modified":"2020-10-30T12:51:58","modified_gmt":"2020-10-30T15:51:58","slug":"opiniao-flavio-luiz-ribeiro-silva-um-homem-a-frente-do-seu-tempo","status":"publish","type":"post","link":"https:\/\/blogopara.com.br\/index.php\/2020\/10\/30\/opiniao-flavio-luiz-ribeiro-silva-um-homem-a-frente-do-seu-tempo","title":{"rendered":"Opini\u00e3o: Fl\u00e1vio Luiz Ribeiro Silva: Um homem a frente do seu tempo"},"content":{"rendered":"<p><img loading=\"lazy\" decoding=\"async\" class=\"\" src=\"https:\/\/www.carlosbritto.com\/wp-content\/uploads\/2012\/05\/JK.jpg\" alt=\"Jorge Khoury no p\u00e1reo pela Prefeitura de Juazeiro | Blog do Carlos Britto\" width=\"44\" height=\"50\">&nbsp; Jorge Khoury*<\/p>\n<p style=\"text-align: justify;\">Juazeiro recebeu consternada a not\u00edcia do falecimento do empres\u00e1rio, homem p\u00fablico e cidad\u00e3o Fl\u00e1vio Luiz, acometido por essa terr\u00edvel doen\u00e7a que assola o mundo, a Covid19.<\/p>\n<p style=\"text-align: justify;\">Fl\u00e1vio Luiz foi um amigo de longa data. Estivemos juntos em todas as etapas de nossas vidas. E \u00e9 por isso que a not\u00edcia de seu falecimento nos traz um turbilh\u00e3o de sentimentos.<\/p>\n<p style=\"text-align: justify;\">Por um lado, a tristeza profunda por sua partida precoce e por saber que n\u00e3o dividiremos mais as conversas e sonhos da idade madura. Por outro, fica o alento possibilitado pelas lembran\u00e7as alegres que nos remetem aos anos dourados de nossa inf\u00e2ncia e juventude.<\/p>\n<p style=\"text-align: justify;\">A amizade aproximou as nossas fam\u00edlias. Foram anos de conviv\u00eancia com a querida dona Socorro, o senhor Fl\u00e1vio e toda a sua fam\u00edlia, da minha parte. E ele, com dona L\u00e9a, o senhor Shefik, e toda a minha fam\u00edlia.<\/p>\n<p style=\"text-align: justify;\">Conhecemos Fl\u00e1vio Luiz no curso prim\u00e1rio, na Escola Estadual Padre Anchieta, com a professora Lourdes Duarte, nossa querida mestra. Nossa turma ainda contava com Joseph, e outros tantos amigos que seguiram presentes em nossas vidas.<\/p>\n<p style=\"text-align: justify;\">Fl\u00e1vio Luiz e eu continuamos juntos no curso ginasial, no Col\u00e9gio Dom Bosco, em Petrolina. No curso colegial, nos distanciamos pela primeira vez, quando ele foi estudar no Col\u00e9gio Marista, em Salvador, eu no Instituto Adventista de Ensino, em S\u00e3o Paulo.<\/p>\n<p style=\"text-align: justify;\">Mas, anos depois, ir\u00edamos voltar a nos encontrar, j\u00e1 no curso de Engenharia Civil da Escola Polit\u00e9cnica da Ufba, em Salvador.<\/p>\n<p style=\"text-align: justify;\">Nesse per\u00edodo, juntos e com mais Joseph, Paganini e tantos outros colegas<br \/>\nconterr\u00e2neos, criamos a Associa\u00e7\u00e3o dos Universit\u00e1rios de Juazeiro \u2013 AUJ.<\/p>\n<p style=\"text-align: justify;\">A prefeitura aceitou a nossa proposta e alugou uma casa na Rua Banco dos Ingleses, em Salvador, para abrigar os universit\u00e1rios de Juazeiro que precisassem de ajuda. A AUJ realizou os principais eventos da \u00e9poca na cidade: a Gincana Automobil\u00edstica, o Festival da Can\u00e7\u00e3o e uma s\u00e9rie de eventos culturais. Durante as f\u00e9rias, os universit\u00e1rios prestavam servi\u00e7os \u00e0s comunidades carentes, em parceria com a prefeitura.<\/p>\n<p><img loading=\"lazy\" decoding=\"async\" class=\"alignnone size-medium wp-image-15731\" src=\"https:\/\/blogopara.com.br\/wp-content\/uploads\/2020\/10\/WhatsApp-Image-2020-10-27-at-21.42.05-300x204.jpeg\" alt=\"\" width=\"300\" height=\"204\" srcset=\"https:\/\/blogopara.com.br\/wp-content\/uploads\/2020\/10\/WhatsApp-Image-2020-10-27-at-21.42.05-300x204.jpeg 300w, https:\/\/blogopara.com.br\/wp-content\/uploads\/2020\/10\/WhatsApp-Image-2020-10-27-at-21.42.05.jpeg 720w\" sizes=\"auto, (max-width: 300px) 100vw, 300px\" \/><\/p>\n<p style=\"text-align: justify;\">Novamente juntos, Fl\u00e1vio Luiz, Paganini e eu, resolvemos criar um ve\u00edculo de comunica\u00e7\u00e3o. Fizemos um concurso para a escolha do nome. Ap\u00f3s a sele\u00e7\u00e3o, o nosso jornal foi batizado de RIVALE &#8211; Renova\u00e7\u00e3o e Integra\u00e7\u00e3o do Vale.<\/p>\n<p style=\"text-align: justify;\">Foram tantas viv\u00eancias, experi\u00eancias e momentos marcantes que poder\u00edamos escrever um livro para relatar o valor da nossa amizade. Somos de uma gera\u00e7\u00e3o que se permitiu sonhar e enxergar os mesmos horizontes. Ao longo da nossa trajet\u00f3ria, trilhamos caminhos, juntos ou separados, mas sem nunca nos perdermos de vista, afinal, sempre tivemos o foco de servir bem a nossa terra natal, a nossa Juazeiro.<\/p>\n<p><img loading=\"lazy\" decoding=\"async\" class=\"alignnone size-medium wp-image-15732\" src=\"https:\/\/blogopara.com.br\/wp-content\/uploads\/2020\/10\/WhatsApp-Image-2020-10-25-at-15.08.58-300x225.jpeg\" alt=\"\" width=\"300\" height=\"225\" srcset=\"https:\/\/blogopara.com.br\/wp-content\/uploads\/2020\/10\/WhatsApp-Image-2020-10-25-at-15.08.58-300x225.jpeg 300w, https:\/\/blogopara.com.br\/wp-content\/uploads\/2020\/10\/WhatsApp-Image-2020-10-25-at-15.08.58-768x576.jpeg 768w, https:\/\/blogopara.com.br\/wp-content\/uploads\/2020\/10\/WhatsApp-Image-2020-10-25-at-15.08.58.jpeg 1024w\" sizes=\"auto, (max-width: 300px) 100vw, 300px\" \/><\/p>\n<p style=\"text-align: justify;\">Fl\u00e1vio Luiz ainda teria muito para contribuir. Sei que ainda seria poss\u00edvel v\u00ea-lo concretizar in\u00fameros projetos que ele guardava para o desenvolvimento da cidade.<\/p>\n<p style=\"text-align: justify;\">Mas, pela vontade do nosso Pai maior, a sua miss\u00e3o entre n\u00f3s foi conclu\u00edda. Temos certeza que sua f\u00e9 crist\u00e3, atrav\u00e9s da doutrina esp\u00edrita, o preparou para esse momento de passagem para que continue sua trajet\u00f3ria de luz em outro plano.<\/p>\n<p style=\"text-align: justify;\">Aos familiares e amigos, a dor se ameniza ao perceber esse rico legado de in\u00fameros exemplos que ele deixa conosco. Esse legado \u00e9 eterno e sabemos que manter\u00e1 viva para sempre a mem\u00f3ria de nosso querido Fl\u00e1vio Luiz entre todos n\u00f3s.<\/p>\n<p style=\"text-align: justify;\">Daqui, continuaremos perseguindo os seus sonhos, os seus ideais, os seus projetos, com a mesma energia que esbanjamos, lado a lado, ao longo dessa vida.<\/p>\n<p style=\"text-align: justify;\">Descanse em paz, meu amigo, Fl\u00e1vio Luiz, e obrigado por esses anos de presen\u00e7a iluminada.<\/p>\n<p style=\"text-align: justify;\">*Ex-prefeito de Juazeiro<br \/>\n23 de Outubro de 2020<\/p>\n","protected":false},"excerpt":{"rendered":"<p>&nbsp; Jorge Khoury* Juazeiro recebeu consternada a not\u00edcia do falecimento do empres\u00e1rio, homem p\u00fablico e cidad\u00e3o Fl\u00e1vio Luiz, acometido por essa terr\u00edvel doen\u00e7a que assola o mundo, a Covid19. Fl\u00e1vio Luiz foi um amigo de longa data. Estivemos juntos em todas as etapas de nossas vidas. E \u00e9 por isso que a not\u00edcia de seu [&hellip;]<\/p>\n","protected":false},"author":1,"featured_media":15730,"comment_status":"open","ping_status":"open","sticky":false,"template":"","format":"standard","meta":{"_uag_custom_page_level_css":"","_monsterinsights_skip_tracking":false,"_monsterinsights_sitenote_active":false,"_monsterinsights_sitenote_note":"","_monsterinsights_sitenote_category":0,"jetpack_post_was_ever_published":false,"_jetpack_newsletter_access":"","_jetpack_dont_email_post_to_subs":false,"_jetpack_newsletter_tier_id":0,"_jetpack_memberships_contains_paywalled_content":false,"_jetpack_memberships_contains_paid_content":false,"footnotes":"","jetpack_publicize_message":"","jetpack_publicize_feature_enabled":true,"jetpack_social_post_already_shared":true,"jetpack_social_options":{"image_generator_settings":{"template":"highway","default_image_id":0,"font":"","enabled":false},"version":2}},"categories":[203],"tags":[],"class_list":["post-15729","post","type-post","status-publish","format-standard","has-post-thumbnail","hentry","category-juazeiro"],"jetpack_publicize_connections":[],"jetpack_featured_media_url":"https:\/\/blogopara.com.br\/wp-content\/uploads\/2020\/10\/flavio-luiz.jpg","uagb_featured_image_src":{"full":["https:\/\/blogopara.com.br\/wp-content\/uploads\/2020\/10\/flavio-luiz.jpg",500,500,false],"thumbnail":["https:\/\/blogopara.com.br\/wp-content\/uploads\/2020\/10\/flavio-luiz-150x150.jpg",150,150,true],"medium":["https:\/\/blogopara.com.br\/wp-content\/uploads\/2020\/10\/flavio-luiz-300x300.jpg",300,300,true],"medium_large":["https:\/\/blogopara.com.br\/wp-content\/uploads\/2020\/10\/flavio-luiz.jpg",500,500,false],"large":["https:\/\/blogopara.com.br\/wp-content\/uploads\/2020\/10\/flavio-luiz.jpg",500,500,false],"1536x1536":["https:\/\/blogopara.com.br\/wp-content\/uploads\/2020\/10\/flavio-luiz.jpg",500,500,false],"2048x2048":["https:\/\/blogopara.com.br\/wp-content\/uploads\/2020\/10\/flavio-luiz.jpg",500,500,false],"mantranews-slider-large":["https:\/\/blogopara.com.br\/wp-content\/uploads\/2020\/10\/flavio-luiz.jpg",500,500,false],"mantranews-featured-medium":["https:\/\/blogopara.com.br\/wp-content\/uploads\/2020\/10\/flavio-luiz-420x307.jpg",420,307,true],"mantranews-featured-long":["https:\/\/blogopara.com.br\/wp-content\/uploads\/2020\/10\/flavio-luiz-300x443.jpg",300,443,true],"mantranews-block-medium":["https:\/\/blogopara.com.br\/wp-content\/uploads\/2020\/10\/flavio-luiz-464x290.jpg",464,290,true],"mantranews-carousel-image":["https:\/\/blogopara.com.br\/wp-content\/uploads\/2020\/10\/flavio-luiz.jpg",500,500,false],"mantranews-block-thumb":["https:\/\/blogopara.com.br\/wp-content\/uploads\/2020\/10\/flavio-luiz-322x230.jpg",322,230,true],"mantranews-single-large":["https:\/\/blogopara.com.br\/wp-content\/uploads\/2020\/10\/flavio-luiz.jpg",500,500,false]},"uagb_author_info":{"display_name":"Reda\u00e7\u00e3o geral","author_link":"https:\/\/blogopara.com.br\/index.php\/author\/blogopara"},"uagb_comment_info":1,"uagb_excerpt":"&nbsp; Jorge Khoury* Juazeiro recebeu consternada a not\u00edcia do falecimento do empres\u00e1rio, homem p\u00fablico e cidad\u00e3o Fl\u00e1vio Luiz, acometido por essa terr\u00edvel doen\u00e7a que assola o mundo, a Covid19. Fl\u00e1vio Luiz foi um amigo de longa data. Estivemos juntos em todas as etapas de nossas vidas. E \u00e9 por isso que a not\u00edcia de seu&hellip;","jetpack_sharing_enabled":true,"jetpack_likes_enabled":true,"_links":{"self":[{"href":"https:\/\/blogopara.com.br\/index.php\/wp-json\/wp\/v2\/posts\/15729","targetHints":{"allow":["GET"]}}],"collection":[{"href":"https:\/\/blogopara.com.br\/index.php\/wp-json\/wp\/v2\/posts"}],"about":[{"href":"https:\/\/blogopara.com.br\/index.php\/wp-json\/wp\/v2\/types\/post"}],"author":[{"embeddable":true,"href":"https:\/\/blogopara.com.br\/index.php\/wp-json\/wp\/v2\/users\/1"}],"replies":[{"embeddable":true,"href":"https:\/\/blogopara.com.br\/index.php\/wp-json\/wp\/v2\/comments?post=15729"}],"version-history":[{"count":2,"href":"https:\/\/blogopara.com.br\/index.php\/wp-json\/wp\/v2\/posts\/15729\/revisions"}],"predecessor-version":[{"id":15745,"href":"https:\/\/blogopara.com.br\/index.php\/wp-json\/wp\/v2\/posts\/15729\/revisions\/15745"}],"wp:featuredmedia":[{"embeddable":true,"href":"https:\/\/blogopara.com.br\/index.php\/wp-json\/wp\/v2\/media\/15730"}],"wp:attachment":[{"href":"https:\/\/blogopara.com.br\/index.php\/wp-json\/wp\/v2\/media?parent=15729"}],"wp:term":[{"taxonomy":"category","embeddable":true,"href":"https:\/\/blogopara.com.br\/index.php\/wp-json\/wp\/v2\/categories?post=15729"},{"taxonomy":"post_tag","embeddable":true,"href":"https:\/\/blogopara.com.br\/index.php\/wp-json\/wp\/v2\/tags?post=15729"}],"curies":[{"name":"wp","href":"https:\/\/api.w.org\/{rel}","templated":true}]}}