{"id":158,"date":"2019-05-26T11:38:21","date_gmt":"2019-05-26T14:38:21","guid":{"rendered":"http:\/\/blogopara.com.br\/?p=158"},"modified":"2019-05-26T11:38:22","modified_gmt":"2019-05-26T14:38:22","slug":"e-preciso-cortar-na-propria-carne","status":"publish","type":"post","link":"https:\/\/blogopara.com.br\/index.php\/2019\/05\/26\/e-preciso-cortar-na-propria-carne","title":{"rendered":"\u00c9 preciso cortar na pr\u00f3pria carne"},"content":{"rendered":"<p style=\"text-align: justify;\">Um desgoverno municipal que n\u00e3o para de nomear assessores desnecess\u00e1rios (semana passada nomeou OSANAH SETUBAL) e com um n\u00famero excessivo de secretarias, elevando as despesas do Munic\u00edpio, agora anuncia cortes alegando est\u00e1 passando por uma crise, prejudicando os servi\u00e7os p\u00fablicos essenciais.<\/p>\n<p style=\"text-align: justify;\">N\u00e3o existe uma f\u00f3rmula m\u00e1gica para ser um bom gestor p\u00fablico, assim como n\u00e3o \u00e9 na base do improviso. As principais caracter\u00edsticas que o gestor p\u00fablico precisa ter: a clareza do momento, planejamento e liderar uma equipe. Coisas que faltam ao prefeito Paulo Bomfim.<\/p>\n<p style=\"text-align: justify;\">Infelizmente, as decis\u00f5es do prefeito s\u00e3o muita amadoras ou no improviso. \u00c9 inconceb\u00edvel que passados mais de 10 anos, o grupo liderado pelo ex-prefeito Isaac Carvalho, ainda desenvolvam a\u00e7\u00f5es p\u00fablicas em Juazeiro sem planejamento. Desde 2016 que o pa\u00eds vive uma crise sem fim, mas prefeito n\u00e3o tomou nenhuma medida s\u00e9ria, preparando as finan\u00e7as do munic\u00edpio para os piores dias.<\/p>\n<p style=\"text-align: justify;\">Ao contr\u00e1rio, continuou gastando a vontade, contratando a demasiada, nomeando sem crit\u00e9rios e firmando contratos e celebrando conv\u00eanios sem planejar. Esse fat\u00eddico Decreto do Fim de Juazeiro precisava ter sido publicado muito antes, mas as v\u00e9speras de uma elei\u00e7\u00e3o, numa clara demonstra\u00e7\u00e3o de fazer economia para uso eleitoral, o prefeito recorre a um expediente cretino de penalizar o cidad\u00e3o j\u00e1 t\u00e3o sofrido com as altas taxas de IPTU, com zona azul, com taxa de lixo e com servi\u00e7os p\u00fablicos de p\u00e9ssima qualidade.<\/p>\n<p style=\"text-align: justify;\">Sabemos das dificuldades em que se encontra a sa\u00fade p\u00fablica no Brasil, n\u00e3o \u00e9 uma situa\u00e7\u00e3o especifica de cidade, mas fechar a UPA e direcionar os atendimentos para o Hospital Regional e para rede privada a fim de economizar, \u00e9 um verdadeiro crime contra popula\u00e7\u00e3o mais pobre. Senhor Prefeito, o Hospital Regional est\u00e1 cambaleando e a rede privada o seu grupo sucateou.<\/p>\n<p style=\"text-align: justify;\">Por isso, a solu\u00e7\u00e3o \u00e9 cortar na pr\u00f3pria carne, n\u00e3o \u00e9 fazer demiss\u00e3o em massa, mas demitir assessores dos acordos de campanha, reduzir os altos sal\u00e1rios (inclusive reduzindo o seu e da vice-prefeita); extinguir secretarias, rescindir os alto contratos de alugueis de carros e im\u00f3veis, fazer um planejamento estrat\u00e9gico para os pr\u00f3ximos meses; reduzir os gastos com di\u00e1rias e combust\u00edvel.<\/p>\n<p style=\"text-align: justify;\">\n<p style=\"text-align: justify;\">Ant\u00f4nio Carlos dos Santos<\/p>\n<p style=\"text-align: justify;\">Contador<\/p>\n","protected":false},"excerpt":{"rendered":"<p>Paulo Bomfim nomea novos secret\u00e1rios.<\/p>\n","protected":false},"author":1,"featured_media":160,"comment_status":"open","ping_status":"open","sticky":false,"template":"","format":"standard","meta":{"_uag_custom_page_level_css":"","_monsterinsights_skip_tracking":false,"_monsterinsights_sitenote_active":false,"_monsterinsights_sitenote_note":"","_monsterinsights_sitenote_category":0,"jetpack_post_was_ever_published":false,"_jetpack_newsletter_access":"","_jetpack_dont_email_post_to_subs":false,"_jetpack_newsletter_tier_id":0,"_jetpack_memberships_contains_paywalled_content":false,"_jetpack_memberships_contains_paid_content":false,"footnotes":"","jetpack_publicize_message":"","jetpack_publicize_feature_enabled":true,"jetpack_social_post_already_shared":false,"jetpack_social_options":{"image_generator_settings":{"template":"highway","default_image_id":0,"font":"","enabled":false},"version":2}},"categories":[1],"tags":[9,15],"class_list":["post-158","post","type-post","status-publish","format-standard","has-post-thumbnail","hentry","category-sem-categoria","tag-juazeiro","tag-paulo-bomfim"],"jetpack_publicize_connections":[],"jetpack_featured_media_url":"https:\/\/blogopara.com.br\/wp-content\/uploads\/2019\/05\/WhatsApp-Image-2019-05-24-at-21.14.33.jpeg","uagb_featured_image_src":{"full":["https:\/\/blogopara.com.br\/wp-content\/uploads\/2019\/05\/WhatsApp-Image-2019-05-24-at-21.14.33.jpeg",1024,768,false],"thumbnail":["https:\/\/blogopara.com.br\/wp-content\/uploads\/2019\/05\/WhatsApp-Image-2019-05-24-at-21.14.33-150x150.jpeg",150,150,true],"medium":["https:\/\/blogopara.com.br\/wp-content\/uploads\/2019\/05\/WhatsApp-Image-2019-05-24-at-21.14.33-300x225.jpeg",300,225,true],"medium_large":["https:\/\/blogopara.com.br\/wp-content\/uploads\/2019\/05\/WhatsApp-Image-2019-05-24-at-21.14.33-768x576.jpeg",640,480,true],"large":["https:\/\/blogopara.com.br\/wp-content\/uploads\/2019\/05\/WhatsApp-Image-2019-05-24-at-21.14.33-1024x768.jpeg",640,480,true],"1536x1536":["https:\/\/blogopara.com.br\/wp-content\/uploads\/2019\/05\/WhatsApp-Image-2019-05-24-at-21.14.33.jpeg",1024,768,false],"2048x2048":["https:\/\/blogopara.com.br\/wp-content\/uploads\/2019\/05\/WhatsApp-Image-2019-05-24-at-21.14.33.jpeg",1024,768,false],"mantranews-slider-large":["https:\/\/blogopara.com.br\/wp-content\/uploads\/2019\/05\/WhatsApp-Image-2019-05-24-at-21.14.33.jpeg",988,741,false],"mantranews-featured-medium":["https:\/\/blogopara.com.br\/wp-content\/uploads\/2019\/05\/WhatsApp-Image-2019-05-24-at-21.14.33.jpeg",409,307,false],"mantranews-featured-long":["https:\/\/blogopara.com.br\/wp-content\/uploads\/2019\/05\/WhatsApp-Image-2019-05-24-at-21.14.33.jpeg",300,225,false],"mantranews-block-medium":["https:\/\/blogopara.com.br\/wp-content\/uploads\/2019\/05\/WhatsApp-Image-2019-05-24-at-21.14.33.jpeg",387,290,false],"mantranews-carousel-image":["https:\/\/blogopara.com.br\/wp-content\/uploads\/2019\/05\/WhatsApp-Image-2019-05-24-at-21.14.33.jpeg",600,450,false],"mantranews-block-thumb":["https:\/\/blogopara.com.br\/wp-content\/uploads\/2019\/05\/WhatsApp-Image-2019-05-24-at-21.14.33.jpeg",307,230,false],"mantranews-single-large":["https:\/\/blogopara.com.br\/wp-content\/uploads\/2019\/05\/WhatsApp-Image-2019-05-24-at-21.14.33.jpeg",856,642,false]},"uagb_author_info":{"display_name":"Reda\u00e7\u00e3o geral","author_link":"https:\/\/blogopara.com.br\/index.php\/author\/blogopara"},"uagb_comment_info":2,"uagb_excerpt":"Paulo Bomfim nomea novos secret\u00e1rios.","jetpack_sharing_enabled":true,"jetpack_likes_enabled":true,"_links":{"self":[{"href":"https:\/\/blogopara.com.br\/index.php\/wp-json\/wp\/v2\/posts\/158","targetHints":{"allow":["GET"]}}],"collection":[{"href":"https:\/\/blogopara.com.br\/index.php\/wp-json\/wp\/v2\/posts"}],"about":[{"href":"https:\/\/blogopara.com.br\/index.php\/wp-json\/wp\/v2\/types\/post"}],"author":[{"embeddable":true,"href":"https:\/\/blogopara.com.br\/index.php\/wp-json\/wp\/v2\/users\/1"}],"replies":[{"embeddable":true,"href":"https:\/\/blogopara.com.br\/index.php\/wp-json\/wp\/v2\/comments?post=158"}],"version-history":[{"count":1,"href":"https:\/\/blogopara.com.br\/index.php\/wp-json\/wp\/v2\/posts\/158\/revisions"}],"predecessor-version":[{"id":161,"href":"https:\/\/blogopara.com.br\/index.php\/wp-json\/wp\/v2\/posts\/158\/revisions\/161"}],"wp:featuredmedia":[{"embeddable":true,"href":"https:\/\/blogopara.com.br\/index.php\/wp-json\/wp\/v2\/media\/160"}],"wp:attachment":[{"href":"https:\/\/blogopara.com.br\/index.php\/wp-json\/wp\/v2\/media?parent=158"}],"wp:term":[{"taxonomy":"category","embeddable":true,"href":"https:\/\/blogopara.com.br\/index.php\/wp-json\/wp\/v2\/categories?post=158"},{"taxonomy":"post_tag","embeddable":true,"href":"https:\/\/blogopara.com.br\/index.php\/wp-json\/wp\/v2\/tags?post=158"}],"curies":[{"name":"wp","href":"https:\/\/api.w.org\/{rel}","templated":true}]}}