{"id":15830,"date":"2020-11-03T08:16:51","date_gmt":"2020-11-03T11:16:51","guid":{"rendered":"http:\/\/blogopara.com.br\/?p=15830"},"modified":"2020-11-02T13:17:15","modified_gmt":"2020-11-02T16:17:15","slug":"juazeiro-rejeicao-politica-de-paulo-bomfim-chega-a-62-afirma-o-jornal-a-tarde","status":"publish","type":"post","link":"https:\/\/blogopara.com.br\/index.php\/2020\/11\/03\/juazeiro-rejeicao-politica-de-paulo-bomfim-chega-a-62-afirma-o-jornal-a-tarde","title":{"rendered":"Juazeiro: Rejei\u00e7\u00e3o pol\u00edtica de Paulo Bomfim chega a 62%, afirma o jornal A Tarde"},"content":{"rendered":"<p style=\"text-align: justify;\">A pesquisa foi realizada entre os dias 26 e 29 de outubro, com 600 entrevistas presenciais, das quais 435 na sede do munic\u00edpio e 165 dos distritos. A margem de erro \u00e9 de 4 pontos percentuais e o n\u00edvel de confian\u00e7a, de 95%. O levantamento foi registrado no Tribunal Superior Eleitoral (TSE) sob o n\u00ba BA-02877\/2020.<\/p>\n<p style=\"text-align: justify;\">O prefeito Paulo Bomfim (PT) tem \u00edndice de rejei\u00e7\u00e3o de 62%, somente sendo ultrapassado pelo candidato Raffani (64%). Breno (PSOL) tem uma rejei\u00e7\u00e3o menor que o grupo, de 46%, mas \u00e9 tamb\u00e9m o postulante mais desconhecido &#8211; 28% dos entrevistados disseram n\u00e3o conhec\u00ea-lo bem o suficiente para opinar.<\/p>\n<p style=\"text-align: justify;\">&#8220;N\u00e3o \u00e9 comum um cen\u00e1rio de reelei\u00e7\u00e3o com o prefeito com uma diferen\u00e7a a menor. Pode estar at\u00e9 atr\u00e1s, mas dentro da margem amostral, como em Feira de Santana. Nesse caso, est\u00e1 bem diferente do que normalmente acontece. Quem est\u00e1 na administra\u00e7\u00e3o municipal geralmente consegue uma musculatura para disputar acirradamente&#8221;, afirma Martins.<\/p>\n<p style=\"text-align: justify;\">A diferen\u00e7a de 30 pontos percentuais de Suzana para Bomfim se repete na espont\u00e2nea, quando os nomes dos postulantes n\u00e3o s\u00e3o apresentados \u00e0s pessoas entrevistadas. A ex-vereadora tem 42% das inten\u00e7\u00f5es de voto, contra 12% do prefeito. O cen\u00e1rio \u00e9 pouco usual em munic\u00edpios onde o atual chefe do Executivo tenta a reelei\u00e7\u00e3o, segundo o estat\u00edstico e especialista em marketing pol\u00edtico Zeca Martins, diretor da Potencial Pesquisa.<\/p>\n<p style=\"text-align: justify;\">Al\u00e9m da grande diferen\u00e7a para o segundo colocado, outros fatores ajudam a construir um cen\u00e1rio bastante favor\u00e1vel \u00e0 candidata tucana, acrescenta o diretor da Potencial: a m\u00e1 avalia\u00e7\u00e3o da gest\u00e3o municipal e o alto \u00edndice de rejei\u00e7\u00e3o de todos os outros postulantes.<\/p>\n<p style=\"text-align: justify;\">&#8220;O principal advers\u00e1rio \u00e9 o prefeito, que est\u00e1 mal avaliado, com uma rejei\u00e7\u00e3o grande. E todos os demais candidatos tem alta rejei\u00e7\u00e3o. \u00c9 um cen\u00e1rio de defini\u00e7\u00e3o, praticamente, embora em elei\u00e7\u00e3o sempre tem algum fator que pode mudar&#8221;, diz.<\/p>\n<p style=\"text-align: justify;\">Suzana lidera com folga em todos os segmentos analisados, seja por faixa et\u00e1ria, renda, n\u00edvel de escolaridade ou g\u00eanero. &#8220;Quando a diferen\u00e7a \u00e9 t\u00e3o grande, acaba abarcando toda a popula\u00e7\u00e3o, e n\u00e3o um grupo espec\u00edfico ou outro&#8221;, explica o diretor da Potencial.<\/p>\n<p style=\"text-align: justify;\">Na sede do munic\u00edpio, Suzana tem 50% das inten\u00e7\u00f5es de voto, Bomfim tem 20% e Bispo pontua com 7%. Raffani aparece com 2% e Moreira com 1%, enquanto 14% n\u00e3o sabem em quem votar\u00e3o. J\u00e1 nos distritos, a candidata do PSDB lidera com 48%, o prefeito aparece com 15% e o postulante do DEM surge com 12%. Raffani e Moreira repetem os percentuais e os indecisos s\u00e3o 18%.<\/p>\n<p style=\"text-align: justify;\">\n<p style=\"text-align: justify;\">\n<p style=\"text-align: justify;\"><span id=\"alttext-container\"><a href=\"http:\/\/fw.atarde.uol.com.br\/2020\/10\/2020103002441599_pesquisa_juazeiro1.jpg\" target=\"_blank\" rel=\"noopener noreferrer\">Click para ver o resultado da pesquisa<br \/>\n<\/a><\/span><\/p>\n","protected":false},"excerpt":{"rendered":"<p>A pesquisa foi realizada entre os dias 26 e 29 de outubro, com 600 entrevistas presenciais, das quais 435 na sede do munic\u00edpio e 165 dos distritos. A margem de erro \u00e9 de 4 pontos percentuais e o n\u00edvel de confian\u00e7a, de 95%. O levantamento foi registrado no Tribunal Superior Eleitoral (TSE) sob o n\u00ba [&hellip;]<\/p>\n","protected":false},"author":1,"featured_media":15831,"comment_status":"open","ping_status":"open","sticky":false,"template":"","format":"standard","meta":{"_uag_custom_page_level_css":"","_monsterinsights_skip_tracking":false,"_monsterinsights_sitenote_active":false,"_monsterinsights_sitenote_note":"","_monsterinsights_sitenote_category":0,"jetpack_post_was_ever_published":false,"_jetpack_newsletter_access":"","_jetpack_dont_email_post_to_subs":false,"_jetpack_newsletter_tier_id":0,"_jetpack_memberships_contains_paywalled_content":false,"_jetpack_memberships_contains_paid_content":false,"footnotes":"","jetpack_publicize_message":"","jetpack_publicize_feature_enabled":true,"jetpack_social_post_already_shared":true,"jetpack_social_options":{"image_generator_settings":{"template":"highway","default_image_id":0,"font":"","enabled":false},"version":2}},"categories":[203,197],"tags":[],"class_list":["post-15830","post","type-post","status-publish","format-standard","has-post-thumbnail","hentry","category-juazeiro","category-politica"],"jetpack_publicize_connections":[],"jetpack_featured_media_url":"https:\/\/blogopara.com.br\/wp-content\/uploads\/2020\/11\/2020103002441599_pesquisa_juazeiro1.jpg","uagb_featured_image_src":{"full":["https:\/\/blogopara.com.br\/wp-content\/uploads\/2020\/11\/2020103002441599_pesquisa_juazeiro1.jpg",500,253,false],"thumbnail":["https:\/\/blogopara.com.br\/wp-content\/uploads\/2020\/11\/2020103002441599_pesquisa_juazeiro1-150x150.jpg",150,150,true],"medium":["https:\/\/blogopara.com.br\/wp-content\/uploads\/2020\/11\/2020103002441599_pesquisa_juazeiro1-300x152.jpg",300,152,true],"medium_large":["https:\/\/blogopara.com.br\/wp-content\/uploads\/2020\/11\/2020103002441599_pesquisa_juazeiro1.jpg",500,253,false],"large":["https:\/\/blogopara.com.br\/wp-content\/uploads\/2020\/11\/2020103002441599_pesquisa_juazeiro1.jpg",500,253,false],"1536x1536":["https:\/\/blogopara.com.br\/wp-content\/uploads\/2020\/11\/2020103002441599_pesquisa_juazeiro1.jpg",500,253,false],"2048x2048":["https:\/\/blogopara.com.br\/wp-content\/uploads\/2020\/11\/2020103002441599_pesquisa_juazeiro1.jpg",500,253,false],"mantranews-slider-large":["https:\/\/blogopara.com.br\/wp-content\/uploads\/2020\/11\/2020103002441599_pesquisa_juazeiro1.jpg",500,253,false],"mantranews-featured-medium":["https:\/\/blogopara.com.br\/wp-content\/uploads\/2020\/11\/2020103002441599_pesquisa_juazeiro1-420x253.jpg",420,253,true],"mantranews-featured-long":["https:\/\/blogopara.com.br\/wp-content\/uploads\/2020\/11\/2020103002441599_pesquisa_juazeiro1-300x253.jpg",300,253,true],"mantranews-block-medium":["https:\/\/blogopara.com.br\/wp-content\/uploads\/2020\/11\/2020103002441599_pesquisa_juazeiro1-464x253.jpg",464,253,true],"mantranews-carousel-image":["https:\/\/blogopara.com.br\/wp-content\/uploads\/2020\/11\/2020103002441599_pesquisa_juazeiro1.jpg",500,253,false],"mantranews-block-thumb":["https:\/\/blogopara.com.br\/wp-content\/uploads\/2020\/11\/2020103002441599_pesquisa_juazeiro1-322x230.jpg",322,230,true],"mantranews-single-large":["https:\/\/blogopara.com.br\/wp-content\/uploads\/2020\/11\/2020103002441599_pesquisa_juazeiro1.jpg",500,253,false]},"uagb_author_info":{"display_name":"Reda\u00e7\u00e3o geral","author_link":"https:\/\/blogopara.com.br\/index.php\/author\/blogopara"},"uagb_comment_info":0,"uagb_excerpt":"A pesquisa foi realizada entre os dias 26 e 29 de outubro, com 600 entrevistas presenciais, das quais 435 na sede do munic\u00edpio e 165 dos distritos. A margem de erro \u00e9 de 4 pontos percentuais e o n\u00edvel de confian\u00e7a, de 95%. O levantamento foi registrado no Tribunal Superior Eleitoral (TSE) sob o n\u00ba&hellip;","jetpack_sharing_enabled":true,"jetpack_likes_enabled":true,"_links":{"self":[{"href":"https:\/\/blogopara.com.br\/index.php\/wp-json\/wp\/v2\/posts\/15830","targetHints":{"allow":["GET"]}}],"collection":[{"href":"https:\/\/blogopara.com.br\/index.php\/wp-json\/wp\/v2\/posts"}],"about":[{"href":"https:\/\/blogopara.com.br\/index.php\/wp-json\/wp\/v2\/types\/post"}],"author":[{"embeddable":true,"href":"https:\/\/blogopara.com.br\/index.php\/wp-json\/wp\/v2\/users\/1"}],"replies":[{"embeddable":true,"href":"https:\/\/blogopara.com.br\/index.php\/wp-json\/wp\/v2\/comments?post=15830"}],"version-history":[{"count":2,"href":"https:\/\/blogopara.com.br\/index.php\/wp-json\/wp\/v2\/posts\/15830\/revisions"}],"predecessor-version":[{"id":15833,"href":"https:\/\/blogopara.com.br\/index.php\/wp-json\/wp\/v2\/posts\/15830\/revisions\/15833"}],"wp:featuredmedia":[{"embeddable":true,"href":"https:\/\/blogopara.com.br\/index.php\/wp-json\/wp\/v2\/media\/15831"}],"wp:attachment":[{"href":"https:\/\/blogopara.com.br\/index.php\/wp-json\/wp\/v2\/media?parent=15830"}],"wp:term":[{"taxonomy":"category","embeddable":true,"href":"https:\/\/blogopara.com.br\/index.php\/wp-json\/wp\/v2\/categories?post=15830"},{"taxonomy":"post_tag","embeddable":true,"href":"https:\/\/blogopara.com.br\/index.php\/wp-json\/wp\/v2\/tags?post=15830"}],"curies":[{"name":"wp","href":"https:\/\/api.w.org\/{rel}","templated":true}]}}