{"id":15837,"date":"2020-11-02T17:21:01","date_gmt":"2020-11-02T20:21:01","guid":{"rendered":"http:\/\/blogopara.com.br\/?p=15837"},"modified":"2020-11-02T17:21:08","modified_gmt":"2020-11-02T20:21:08","slug":"chuvas-danificam-teto-do-hospital-de-campanha-de-petrolina-e-do-hospital-regional-de-juazeiro-unidades-hospitalares-emitem-notas-de-esclarecimento","status":"publish","type":"post","link":"https:\/\/blogopara.com.br\/index.php\/2020\/11\/02\/chuvas-danificam-teto-do-hospital-de-campanha-de-petrolina-e-do-hospital-regional-de-juazeiro-unidades-hospitalares-emitem-notas-de-esclarecimento","title":{"rendered":"Chuvas danificam teto do Hospital de Campanha de Petrolina e do Hospital Regional de Juazeiro. Unidades hospitalares emitem notas de esclarecimento"},"content":{"rendered":"<p style=\"text-align: justify;\">Al\u00e9m dos relatos de alagamento em bairros de Petrolina como Jardim Petr\u00f3polis e Jo\u00e3o de Deus, outros preju\u00edzos foram registrados na cidade. Em um v\u00eddeo encaminhado ao blog Nossa Voz, \u00e9 poss\u00edvel ver a lona do hospital de campanha acumulando \u00e1gua, formando verdeiros bols\u00f5es com risco de rompimento e danifica\u00e7\u00e3o de equipamentos.<\/p>\n<p style=\"text-align: justify;\">Em Juazeiro, o relato de uma profissional lotada no Hospital Regional chama a aten\u00e7\u00e3o pela fatalidade registrada. A UTI da unidade de sa\u00fade ficou alagada e houve o desabamento do teto do primeiro pavilh\u00e3o.\u00a0Os pacientes precisaram ser transferidos do local.<\/p>\n<div class=\"post-content-area\" style=\"text-align: justify;\">\n<p><strong>NOTA DE ESCLARECIMENTO HOSPITAL DE CAMPANHA PETROLINA<\/strong><\/p>\n<p>O Instituto Social das Medianeiras da Paz, entidade que administra o Hospital de Campanha de Petrolina, informa que, devido \u00e0s fortes chuvas que ca\u00edram na madrugada desta segunda-feira, 02, uma parte da estrutura em lona cedeu em virtude da grande quantidade de \u00e1gua acumulada.<\/p>\n<p>Nenhum funcion\u00e1rio ou paciente e acompanhante foi ferido e nenhum equipamento danificado. Nas primeiras horas do dia, a empresa respons\u00e1vel pela manuten\u00e7\u00e3o iniciou os reparos das lonas e da parte el\u00e9trica. T\u00e3o breve esta manuten\u00e7\u00e3o seja finalizada, o atendimento voltar\u00e1 ao normal.<\/p>\n<p>Os pacientes de UTI que estavam no Hospital de Campanha foram transferidos para o Hospital Universit\u00e1rio e para o Memorial e os pacientes de cl\u00ednica m\u00e9dica foram transferidos para o Hospital Municipal Monte Carmelo. Todos os familiares foram devidamente informados e as transfer\u00eancias ocorreram tranquilamente.<\/p>\n<p>O Instituto informa ainda que o \u00f3bito ocorrido nesta madrugada n\u00e3o tem liga\u00e7\u00e3o com o incidente causado pelas fortes chuvas. E agradece ainda \u00e0 Univasf, Secretarias Municipal e Estadual de Sa\u00fade e aos funcion\u00e1rios pela ajuda dedicada desde o in\u00edcio do dia.<\/p>\n<p>Com a ajuda de Deus, nada de mais grave ocorreu e em breve o Hospital de Campanha estar\u00e1 atendendo novamente a popula\u00e7\u00e3o ajudando na miss\u00e3o de salvar vidas.<\/p>\n<p><strong>Por meio de nota, a assessoria do Hospital Regional de Juazeiro explicou a situa\u00e7\u00e3o:<\/strong><\/p>\n<p>As chuvas intensas no munic\u00edpio de Juazeiro ocasionaram nesta segunda-feira (2), por volta das 4 horas da madrugada, a queda de parte do forro de gesso de uma das UTIs Covid-19 do Hospital Regional de Juazeiro (HRJ). Todos os 14 pacientes foram transferidos para outra Unidade de Terapia Intensiva na pr\u00f3pria unidade, que estava pronta e seria aberta nesta semana. N\u00e3o haviam pacientes na \u00e1rea \u00a0do forro danificada. A estrutura ser\u00e1 periciada e os ajustes necess\u00e1rios \u00a0realizados com a maior brevidade poss\u00edvel.<\/p>\n<p>Fonte: RedeGN<\/p>\n<\/div>\n<div class=\"post-footer\" style=\"text-align: justify;\"><\/div>\n","protected":false},"excerpt":{"rendered":"<p>Al\u00e9m dos relatos de alagamento em bairros de Petrolina como Jardim Petr\u00f3polis e Jo\u00e3o de Deus, outros preju\u00edzos foram registrados na cidade. Em um v\u00eddeo encaminhado ao blog Nossa Voz, \u00e9 poss\u00edvel ver a lona do hospital de campanha acumulando \u00e1gua, formando verdeiros bols\u00f5es com risco de rompimento e danifica\u00e7\u00e3o de equipamentos. Em Juazeiro, o [&hellip;]<\/p>\n","protected":false},"author":1,"featured_media":15838,"comment_status":"open","ping_status":"open","sticky":false,"template":"","format":"standard","meta":{"_uag_custom_page_level_css":"","_monsterinsights_skip_tracking":false,"_monsterinsights_sitenote_active":false,"_monsterinsights_sitenote_note":"","_monsterinsights_sitenote_category":0,"jetpack_post_was_ever_published":false,"_jetpack_newsletter_access":"","_jetpack_dont_email_post_to_subs":false,"_jetpack_newsletter_tier_id":0,"_jetpack_memberships_contains_paywalled_content":false,"_jetpack_memberships_contains_paid_content":false,"footnotes":"","jetpack_publicize_message":"","jetpack_publicize_feature_enabled":true,"jetpack_social_post_already_shared":true,"jetpack_social_options":{"image_generator_settings":{"template":"highway","default_image_id":0,"font":"","enabled":false},"version":2}},"categories":[203,197],"tags":[],"class_list":["post-15837","post","type-post","status-publish","format-standard","has-post-thumbnail","hentry","category-juazeiro","category-politica"],"jetpack_publicize_connections":[],"jetpack_featured_media_url":"https:\/\/blogopara.com.br\/wp-content\/uploads\/2020\/11\/tetohospitaldecampanha.jpg","uagb_featured_image_src":{"full":["https:\/\/blogopara.com.br\/wp-content\/uploads\/2020\/11\/tetohospitaldecampanha.jpg",500,357,false],"thumbnail":["https:\/\/blogopara.com.br\/wp-content\/uploads\/2020\/11\/tetohospitaldecampanha-150x150.jpg",150,150,true],"medium":["https:\/\/blogopara.com.br\/wp-content\/uploads\/2020\/11\/tetohospitaldecampanha-300x214.jpg",300,214,true],"medium_large":["https:\/\/blogopara.com.br\/wp-content\/uploads\/2020\/11\/tetohospitaldecampanha.jpg",500,357,false],"large":["https:\/\/blogopara.com.br\/wp-content\/uploads\/2020\/11\/tetohospitaldecampanha.jpg",500,357,false],"1536x1536":["https:\/\/blogopara.com.br\/wp-content\/uploads\/2020\/11\/tetohospitaldecampanha.jpg",500,357,false],"2048x2048":["https:\/\/blogopara.com.br\/wp-content\/uploads\/2020\/11\/tetohospitaldecampanha.jpg",500,357,false],"mantranews-slider-large":["https:\/\/blogopara.com.br\/wp-content\/uploads\/2020\/11\/tetohospitaldecampanha.jpg",500,357,false],"mantranews-featured-medium":["https:\/\/blogopara.com.br\/wp-content\/uploads\/2020\/11\/tetohospitaldecampanha-420x307.jpg",420,307,true],"mantranews-featured-long":["https:\/\/blogopara.com.br\/wp-content\/uploads\/2020\/11\/tetohospitaldecampanha-300x357.jpg",300,357,true],"mantranews-block-medium":["https:\/\/blogopara.com.br\/wp-content\/uploads\/2020\/11\/tetohospitaldecampanha-464x290.jpg",464,290,true],"mantranews-carousel-image":["https:\/\/blogopara.com.br\/wp-content\/uploads\/2020\/11\/tetohospitaldecampanha.jpg",500,357,false],"mantranews-block-thumb":["https:\/\/blogopara.com.br\/wp-content\/uploads\/2020\/11\/tetohospitaldecampanha-322x230.jpg",322,230,true],"mantranews-single-large":["https:\/\/blogopara.com.br\/wp-content\/uploads\/2020\/11\/tetohospitaldecampanha.jpg",500,357,false]},"uagb_author_info":{"display_name":"Reda\u00e7\u00e3o geral","author_link":"https:\/\/blogopara.com.br\/index.php\/author\/blogopara"},"uagb_comment_info":0,"uagb_excerpt":"Al\u00e9m dos relatos de alagamento em bairros de Petrolina como Jardim Petr\u00f3polis e Jo\u00e3o de Deus, outros preju\u00edzos foram registrados na cidade. Em um v\u00eddeo encaminhado ao blog Nossa Voz, \u00e9 poss\u00edvel ver a lona do hospital de campanha acumulando \u00e1gua, formando verdeiros bols\u00f5es com risco de rompimento e danifica\u00e7\u00e3o de equipamentos. Em Juazeiro, o&hellip;","jetpack_sharing_enabled":true,"jetpack_likes_enabled":true,"_links":{"self":[{"href":"https:\/\/blogopara.com.br\/index.php\/wp-json\/wp\/v2\/posts\/15837","targetHints":{"allow":["GET"]}}],"collection":[{"href":"https:\/\/blogopara.com.br\/index.php\/wp-json\/wp\/v2\/posts"}],"about":[{"href":"https:\/\/blogopara.com.br\/index.php\/wp-json\/wp\/v2\/types\/post"}],"author":[{"embeddable":true,"href":"https:\/\/blogopara.com.br\/index.php\/wp-json\/wp\/v2\/users\/1"}],"replies":[{"embeddable":true,"href":"https:\/\/blogopara.com.br\/index.php\/wp-json\/wp\/v2\/comments?post=15837"}],"version-history":[{"count":1,"href":"https:\/\/blogopara.com.br\/index.php\/wp-json\/wp\/v2\/posts\/15837\/revisions"}],"predecessor-version":[{"id":15839,"href":"https:\/\/blogopara.com.br\/index.php\/wp-json\/wp\/v2\/posts\/15837\/revisions\/15839"}],"wp:featuredmedia":[{"embeddable":true,"href":"https:\/\/blogopara.com.br\/index.php\/wp-json\/wp\/v2\/media\/15838"}],"wp:attachment":[{"href":"https:\/\/blogopara.com.br\/index.php\/wp-json\/wp\/v2\/media?parent=15837"}],"wp:term":[{"taxonomy":"category","embeddable":true,"href":"https:\/\/blogopara.com.br\/index.php\/wp-json\/wp\/v2\/categories?post=15837"},{"taxonomy":"post_tag","embeddable":true,"href":"https:\/\/blogopara.com.br\/index.php\/wp-json\/wp\/v2\/tags?post=15837"}],"curies":[{"name":"wp","href":"https:\/\/api.w.org\/{rel}","templated":true}]}}