{"id":15908,"date":"2020-11-04T18:51:57","date_gmt":"2020-11-04T21:51:57","guid":{"rendered":"http:\/\/blogopara.com.br\/?p=15908"},"modified":"2020-11-04T16:58:07","modified_gmt":"2020-11-04T19:58:07","slug":"eu-esperava-mais-grandeza-em-uma-disputa-como-esta-afirma-olivia-santana-sobre-rui-costa","status":"publish","type":"post","link":"https:\/\/blogopara.com.br\/index.php\/2020\/11\/04\/eu-esperava-mais-grandeza-em-uma-disputa-como-esta-afirma-olivia-santana-sobre-rui-costa","title":{"rendered":"\u201cEu esperava mais grandeza em uma disputa como esta\u201d. afirma Olivia Santana sobre Rui Costa"},"content":{"rendered":"<div class=\"box-body\" data-io-article-url=\"https:\/\/www.bahianoticias.com.br\/entrevista\/704-olivia-santana.html?utm_source=principal&amp;utm_medium=link&amp;utm_campaign=destaques\">\n<div class=\"text-descricao\">\n<p style=\"text-align: justify;\">\u201cEu esperava mais grandeza em uma disputa como esta\u201d. Assim a candidata Ol\u00edvia (PCdoB), em entrevista ao Bahia Not\u00edcias nesta ter\u00e7a-feira (3), avaliou o comportamento quase exclusivo de apoio do governador Rui Costa (PT) \u00e0 candidata do Partido dos Trabalhadores, apesar de sua proposta tamb\u00e9m integrar a base do petista. Para Ol\u00edvia, concentrar o capital simb\u00f3lico e eleitoral do governador a apenas um candidato \u201c\u00e9 uma perda de oportunidade de estar junto, de chegar junto, de liderar com grandeza todo esse campo\u201d.<\/p>\n<p style=\"text-align: justify;\">Apesar do aparente desapontamento, Ol\u00edvia diz n\u00e3o se \u201cintimidar\u201d. \u201cEu estou ali no meio, abrindo meu caminho, metendo o cotovelo e abrindo caminho. Eu acredito que pol\u00edtica n\u00e3o pode ser definida apenas por m\u00e1quina e por dinheiro\u201d, enfatiza.<\/p>\n<p style=\"text-align: justify;\">Sexta candidata \u00e0 prefeitura de Salvador a passar pela sabatina do Bahia Not\u00edcias, Ol\u00edvia elegeu a \u201cexperi\u00eancia\u201d como uma das principais caracter\u00edsticas necess\u00e1rias ao novo gestor da capital baiana. Descreve ainda propostas para a educa\u00e7\u00e3o, a qual compreende como a necessidade de ser \u201cintegrada\u201d com o esporte e a cultura, e para a sa\u00fade, \u00e1rea que revela interesse em garantir \u201c100% de aten\u00e7\u00e3o b\u00e1sica\u201d, al\u00e9m da implementa\u00e7\u00e3o de um sistema digital que facilite o acesso tamb\u00e9m a especialidades. Descreve ainda como pretende priorizar a juventude negra, \u201cprincipal alvo\u201d de seu projeto, em suas palavras.<\/p>\n<p style=\"text-align: justify;\">Durante a entrevista, a candidata ainda falou sobre a tend\u00eancia que vem se evidenciando no per\u00edodo eleitoral de aproxim\u00e1-la na candidata petista, Major Denice, como se disputassem o mesmo eleitorado e fosse permeadas por similaridades. Para Ol\u00edvia, esse \u00e9 um tra\u00e7o do racismo. \u201cPara sustentar o sistema \u00e9 preciso restringir os nossos espa\u00e7os. Eu tenho respeito a Major Denice, mas o fato de sermos duas mulheres negras n\u00e3o significa que somos a mesma pessoa ou que somos iguais\u201d, destaca.<\/p>\n<p style=\"text-align: justify;\">\u201cEssa quest\u00e3o de querer espelhar, e vejo que a campanha at\u00e9 faz isso, esses truques de marketing que alimentam essa ideia exatamente para confundir. Acho isso desonesto porque penso que elei\u00e7\u00e3o a gente tem que apostar bastante na verdade. Cada um capitalizar o seu quinh\u00e3o a sua trajet\u00f3ria real, a sua hist\u00f3ria de vida e suas propostas. Jogar na confus\u00e3o \u00e9 alimentar a fogueira do racismo\u201d, completa.<\/p>\n<p style=\"text-align: justify;\">O que esperar do pr\u00f3ximo gestor ou gestora de Salvador para lidar com as consequ\u00eancias da pandemia, sejam elas sociais ou econ\u00f4micas?<\/p>\n<p style=\"text-align: justify;\">Primeiro, experi\u00eancia. Considero que a pr\u00f3xima gestora da cidade tem que ter experi\u00eancia pol\u00edtica, capacidade de dialogar com o Legislativo, capacidade de articular a bancada de deputados federais, estaduais, dialogar a C\u00e2mara de Vereadores. N\u00f3s temos que pactuar uma agenda de retomada econ\u00f4mica. Eu particularmente defendo e tem l\u00e1 no meu programa a institui\u00e7\u00e3o imediata de um grande programa de microcr\u00e9dito em Salvador que possa injetar recursos nos microempreendimentos, porque a micro e a pequena empresa \u00e9 o setor que mais emprega. \u00c9 muito importante fazer a\u00e7\u00f5es na prefeitura, pol\u00edtica p\u00fablica que possa oxigenar o ambiente econ\u00f4mico, fazer investimento, sim. A gente tem pouco recurso, mas \u00e9 preciso saber usar com melhores prioridades. Ent\u00e3o, reconhe\u00e7o, considero que nosso programa \u2018Favela Importa\u2019 \u00e9 muito importante, pois al\u00e9m de integrar as pol\u00edticas de infraestrutura, \u00e9 um programa que vai oxigenar a \u00e1rea de constru\u00e7\u00e3o civil. Abrir postos de trabalho, reconstruindo pelo menos parte dessa cidade t\u00e3o desigual, t\u00e3o absurda. Cheguei em Bate Cora\u00e7\u00e3o e disse, meu Deus, como \u00e9 que todo mundo sabe da exist\u00eancia de Bate Cora\u00e7\u00e3o, uma favela terrivelmente desestruturada, e a gente n\u00e3o tem uma a\u00e7\u00e3o de reestrutura, requalifica\u00e7\u00e3o de moradia para valer, abrir reservat\u00f3rios de \u00e1gua nos bairros, porque a maioria dos bairros sofre com a falta de \u00e1gua porque n\u00e3o tem reservat\u00f3rio. N\u00f3s temos essa pol\u00edtica. Tenho certeza que ela significa investimentos, significa gera\u00e7\u00e3o de empregos e renda.<\/p>\n<p style=\"text-align: justify;\">Ol\u00edvia, quais s\u00e3o os principais gargalos que o pr\u00f3ximo prefeito ou prefeita de Salvador ter\u00e1 que enfrentar?<\/p>\n<p style=\"text-align: justify;\">Eu penso que \u00e9 enfrentamento ao desemprego. Salvador \u00e9 uma cidade com quase 18% de sua popula\u00e7\u00e3o economicamente ativa desempregada. Essas pessoas precisam de uma pol\u00edtica que enfrente isso. \u00c9 claro que eu sei que \u00e9 a macroeconomia quem gera postos de trabalho. A gente tem um governo federal que \u00e9 uma l\u00e1stima, que n\u00e3o investe, e se os governos retraem, n\u00e3o fazem investimento, a \u00e1rea privada tamb\u00e9m retrai e n\u00e3o investe. Como \u00e9 que vai ter retomada econ\u00f4mica? N\u00e3o \u00e9 poss\u00edvel. Eu penso que n\u00f3s temos que lutar pela mudan\u00e7a da pol\u00edtica econ\u00f4mica do Paulo Guedes, mas tamb\u00e9m fazer uma agenda pr\u00f3pria municipal que oxigene o ambiente de neg\u00f3cios, invista na economia criativa, possa apostar na intelig\u00eancia do nosso povo. Eu sempre gosto de citar o caso do p\u00f3lo t\u00eaxtil de Salvador, que re\u00fane 22 empresas e investimento inicial de R$ 8 milh\u00f5es pelo governo do Estado na \u00e9poca de Wagner. Eu acompanhei aquela experi\u00eancia, sou pela rela\u00e7\u00e3o com todos os 22 empres\u00e1rios ali e os caras conseguiram fazer uma coisa incr\u00edvel no setor de vestu\u00e1rio e hoje empregam, mesmo na crise, mais de 700 pessoas. Empres\u00e1rio de Salvador, profissionais recrutados na cidade, principalmente na Cidade Baixa. N\u00f3s precisamos encontrar sa\u00edda para a crise. \u00c9 otimizando, dando suporte para os nossos empreendedores da cidade, os arranjos produtivos locais que precisam ser mantidos e multiplicados. Chegar no Sub\u00farbio, botar o \u2018Sub\u00farbio Digital\u2019, levar uma escola tecnol\u00f3gica, desconcentrar renda. Acho um absurdo que a prefeitura compre, por exemplo, cestas b\u00e1sicas apenas na m\u00e3o de um \u00fanico grande fornecedor. Em um momento de crise voc\u00ea divide, faz uma pol\u00edtica de fazer compras com os pequenos produtores porque vai dando a eles a condi\u00e7\u00e3o de girar seu neg\u00f3cio, que \u00e9 para n\u00e3o quebrar, n\u00e3o fechar. N\u00e3o adianta botar tudo na m\u00e3o do grande porque s\u00f3 est\u00e1 ajudando a fazer concentra\u00e7\u00e3o de riqueza, concentra\u00e7\u00e3o de renda. Salvador precisa de um movimento diferente, de descentraliza\u00e7\u00e3o da riqueza para que todo mundo possa ter um lugar ao sol.<\/p>\n<p style=\"text-align: justify;\"><img decoding=\"async\" src=\"https:\/\/www.bahianoticias.com.br\/fotos\/principal_entrevistas\/704\/mg\/DSC_1609.jpg\" alt=\"\" \/><\/p>\n<p style=\"text-align: justify;\"><em>Foto: Rebeca Menezes\/ Bahia Not\u00edcias\u00a0<\/em><\/p>\n<p style=\"text-align: justify;\">\nQuais as principais a\u00e7\u00f5es que a senhora faria, caso\u00a0eleita, diferente da atual administra\u00e7\u00e3o?<\/p>\n<p style=\"text-align: justify;\">Acabei de citar uma. Eu faria uma pol\u00edtica de que \u2018se a colcha \u00e9 curta\u2019, eu vou dialogar melhor e investir melhor numa rede de fornecedores, incorporando tamb\u00e9m os pequenos, os micros, dialogando com o Minist\u00e9rio P\u00fablico, fazendo uma pol\u00edtica com di\u00e1logo, com transpar\u00eancia e com democracia. N\u00f3s estamos no mesmo mar revolto, mas em barcos diferentes. \u00c9 preciso entender que o menor precisa de mais apoio e de mais aten\u00e7\u00e3o para conseguir atravessar esse momento de pandemia. Eu faria um grande programa de qualifica\u00e7\u00e3o profissional. O programa de educa\u00e7\u00e3o de jovens e adultos, na minha gest\u00e3o, vai ser muito diferente do que est\u00e1 a\u00ed. Salvador tem quase 500 mil pessoas, 50 mil delas s\u00e3o analfabetas e 450 mil n\u00e3o conclu\u00edram o ensino fundamental. Como \u00e9 que na era da intelig\u00eancia artificial, na era em que est\u00e1 discutindo tecnologia 5G&#8230; Eu estive na China e fiz impressionada com o padr\u00e3o de desenvolvimento que os caras t\u00eam. E a gente ainda tem esse grau de exclus\u00e3o em Salvador e n\u00e3o tem nenhuma pol\u00edtica de educa\u00e7\u00e3o de jovens e adultos decente. Eu farei, sim, o programa municipal de educa\u00e7\u00e3o de jovens e adultos incorporando tecnologia, educa\u00e7\u00e3o a dist\u00e2ncia e educa\u00e7\u00e3o presencial. Fazer um grande mutir\u00e3o de educa\u00e7\u00e3o articulado com o IFBA, com a UFBA, com a UNEB. Voc\u00ea tem que fazer um programa que integre as universidades e esses estudantes que est\u00e3o se formando, professores tamb\u00e9m contratados para poder enfrentar esse passivo de meio milh\u00e3o de pessoas. Isso \u00e9 uma vergonha para uma cidade como Salvador. A\u00ed fica falando porque o turismo, porque isso, porque aquilo outro. Tem que investir em m\u00e3o de obra, qualifica\u00e7\u00e3o de m\u00e3o de obras, na educa\u00e7\u00e3o do povo. Quando a gente cuida do nosso povo, at\u00e9 os turistas vem mais para c\u00e1 porque quer conhecer essa cidade de oportunidades. E \u00a0sa\u00fade, que eu tamb\u00e9m investirei para ampliar a cobertura de aten\u00e7\u00e3o b\u00e1sica para 100%, integrar a rede prim\u00e1ria com a rede especializada e implantar em Salvador, pela primeira vez, o prontu\u00e1rio eletr\u00f4nico. Quando a pessoa vai, \u00e9 atendida no posto e precisa de um especialista j\u00e1 tem um prontu\u00e1rio eletr\u00f4nico dela. Tamb\u00e9m j\u00e1 vai sair com a sua consulta marcada. N\u00e3o vai sair com um papel na m\u00e3o dizendo procure um cardiologista e a pessoa penando sem conseguir e depois vai morrer na fila da regula\u00e7\u00e3o. \u00c9 isso que acontece em Salvador. A maioria preta, pobre, branco pobre, ent\u00e3o, \u00e9 tratada como descart\u00e1vel.<\/p>\n<p style=\"text-align: justify;\">N\u00f3s temos em Salvador, maior cidade negra fora da \u00c1frica, uma quest\u00e3o de exclus\u00e3o hist\u00f3rica. O passado de Salvador e o presente excluem a juventude negra principalmente, que \u00e9 talvez o grande alvo das mazelas sociais do Estado brasileiro como um todo. Quais s\u00e3o as pol\u00edticas voltadas especificamente para a juventude negra que a senhora pretende desenvolver caso seja eleita?<\/p>\n<p style=\"text-align: justify;\">Esse \u00e9 meu alvo principal, a juventude negra. Eu sou resultado da escola p\u00fablica. Nunca estudei em escola particular. A educa\u00e7\u00e3o transformou a minha vida e, portanto, eu vou apostar na educa\u00e7\u00e3o para transformar a vida dessa juventude. Eu vou pegar meus adolescentes. Eu sou professora, pedagoga, sempre trabalhei com crian\u00e7a e adolescente. Eu fico animada, emocionada s\u00f3 de falar. O que eu vou implantar \u00e9 a educa\u00e7\u00e3o integral. N\u00e3o \u00e9 s\u00f3 de tempo integral, \u00e9 educa\u00e7\u00e3o integral com esporte, com cultura. Precisamos entender que arte \u00e9 elemento civilizat\u00f3rio. N\u00f3s temos que garantir o esporte na escola. Garantir que essas a\u00e7\u00f5es integradas elas possam ser alternativas concretas para a nossa juventude. N\u00f3s vamos implantar o programa \u2018Dever de Casa\u2019. A gente v\u00ea que a maior faixa de evas\u00e3o \u00e9 exatamente no ensino fundamental II, onde est\u00e3o os adolescentes. Por que eles evadem? Muitos evadem para trabalhar, outros porque v\u00e3o perdendo o significado, o senso de pertencimento com a escola e porque a pessoa chega em casa e os deveres, a m\u00e3e n\u00e3o sabe ensinar, o pai n\u00e3o sabe ensinar.\u00a0Muitos s\u00e3o partes desse ex\u00e9rcito que n\u00e3o estudou, que n\u00e3o teve oportunidade de estudar e n\u00e3o consegue acompanhar as atividades escolares. Como \u00e9 que ningu\u00e9m enxerga isso? Eu vou fazer o programa municipal de tutoria dentro do programa de educa\u00e7\u00e3o integrada para essa juventude. N\u00f3s vamos, assim como eu falei no \u2018Sub\u00farbio Digital\u2019. \u00c9 botar essa meninada do Sub\u00farbio nos centros de educa\u00e7\u00e3o, de rob\u00f3tica, de novas tecnologias. N\u00f3s temos que democratizar as tecnologias. Tecnologia n\u00e3o pode ser visto como patrim\u00f4nio de poucos, que \u00e9 um luxo. A tecnologia tem que estar a servi\u00e7o enfrentamento \u00e1s desigualdades. Quando eu falo do programa de jovens e adultos eu falo porque sei da import\u00e2ncia que \u00e9 colocar esses jovens para fazer qualifica\u00e7\u00e3o profissional, dialogando com Senai\/Cimatec, trazendo experi\u00eancias concretas de forma\u00e7\u00e3o. Quando os meninos e as meninas veem que tem investimento p\u00fablico real, ningu\u00e9m sai da escola, n\u00e3o. Ningu\u00e9m vai buscar outro caminho. Vai apostar naquilo ali. Eu lutei pelas cotas. Eu fui uma das grandes, junto com todo o coletivo, lideran\u00e7a da luta pelas cotas porque eu sabia que era importante. Olha a universidade p\u00fablica hoje como ela mudou a configura\u00e7\u00e3o e eu tenho o maior orgulho. Eu dormi em Bras\u00edlia, fiquei naquela vig\u00edlia do STF quando o DEM, o partido do prefeito, entrou com uma a\u00e7\u00e3o para poder derrubar a pol\u00edtica de cotas. Porque eles querem a universidade para eles. Eles querem que a negrada carregue a pedra, o saco de cimento, construa o pr\u00e9dio, mas n\u00e3o sente para estudar. ACM Neto, que \u00e9 um prefeito, que \u00e9 jovem at\u00e9, deveria ter tido a sensibilidade de lutar l\u00e1 atr\u00e1s pelas cotas em 2012. Foi um horror aquele partido dele, e ainda colocou o cara que negro para fazer artigo para me atacar porque eu estava defendendo as cotas, mas a gente venceu todos eles. Hoje voc\u00ea olha a universidade, olhe quantas meninas negras, quantos meninos negros. Educa\u00e7\u00e3o \u00e9 oportunidade e esse ser\u00e1 um dos grandes legados, grandes marcas da minha gest\u00e3o na prefeitura de Salvador.<\/p>\n<p style=\"text-align: justify;\">Semana passada n\u00f3s entrevistamos outro candidato aqui no BN e ele falou sobre a press\u00e3o de estar entre dois grupos pol\u00edticos, o grupo do prefeito ACM Neto (DEM), que tem a candidatura do Bruno Reis (DEM), e o grupo do governador Rui Costa (PT), que apesar de ter m\u00faltiplas candidaturas, tem estado muito mais presente, muito mais participativo na campanha da Major Denice (PT). A senhora tamb\u00e9m se sente pressionada entre esses dois tit\u00e3s pol\u00edtica baiana? Isso de alguma forma atrapalha o desenvolvimento da campanha da senhora?<\/p>\n<p style=\"text-align: justify;\">Eu esperava mais grandeza em uma disputa como esta. N\u00f3s somos de um grande bloco pol\u00edtico, o governador Rui Costa, que eu tenho um profundo respeito, conhe\u00e7o a trajet\u00f3ria de Rui, mas tenho o entendimento que Rui s\u00f3 \u00e9 governador porque ele contou com nosso apoio, contou com o apoio de um bloco de for\u00e7as de partidos. O sucesso do governo Rui Costa \u00e9 o sucesso deste bloco de for\u00e7as n\u00e3o pode ser apropriado por apenas um partido, ainda que seja o partido do governador, que \u00e9 o Partido dos Trabalhadores. Eu acho que \u00e9 uma perda de oportunidade de estar junto, de chegar junto, de liderar com grandeza todo esse campo. Mas eu n\u00e3o me intimido com essas coisas. Eu j\u00e1 passei por tanto barril na minha vida. Eu sobrevivi \u00e0 favela, \u00e0 mis\u00e9ria, \u00e0 fome, \u00e0\u00a0tudo que n\u00e3o presta. Eu venho de uma fam\u00edlia de oito irm\u00e3os. Cinco se foram porque n\u00e3o conseguiram sobreviver a tudo isso que a gente passou na nova vida. Para mim, est\u00e1 em uma disputa dessa, quando eu falo dos meus irm\u00e3os eu me sinto [emocionada]&#8230; Est\u00e1 em uma disputa dessa, entre dois tit\u00e3s, \u00e9 ACM Neto endinheirado, dono de um conglomerado de comunica\u00e7\u00e3o. A campanha do candidato dele \u00e9 a segunda em termos de investimento financeiro. Do outro lado a m\u00e1quina do governo, poderosa. E eu estou ali no meio, abrindo meu caminho, metendo o cotovelo e abrindo caminho. Eu acredito que pol\u00edtica n\u00e3o pode ser definida apenas por m\u00e1quina e por dinheiro. O 65, que \u00e9 o meu partido, o PCdoB, \u00e9 um partido que tem projeto, tem uma hist\u00f3ria, que uma trajet\u00f3ria, que eu sempre agrade\u00e7o a coragem do PCdoB de dizer \u2018vamos aqui Ol\u00edvia, n\u00f3s vamos apostar em voc\u00ea, vamos financiar sua candidatura. O dinheiro que a gente tem \u00e9 pequeno, \u00e9 pouco, do nosso fundo partid\u00e1rio\u2019. O partido foi l\u00e1, me incluiu no bloco nacional de investimentos em candidatura e eu estou aqui feliz fazendo minha campanha. \u00c9 desigual. S\u00f3 tenho um minuto e dez de tempo de televis\u00e3o, mas eu estou dizendo aquilo que eu de fato acredito. A minha campanha tem a marca da verdade. Tem a marca da experi\u00eancia, tanto no Legislativo, no Executivo, como nos movimentos sociais. Eu n\u00e3o entrei em partido para ser candidata de \u00faltima hora e n\u00e3o entendo a disputa eleitoral como escolinha de forma\u00e7\u00e3o de quadros. A gente est\u00e1 no meio de uma pandemia, com a cidade que \u00e9 marcada por uma segrega\u00e7\u00e3o estrutural, cr\u00f4nica, a\u00ed eu vou agora bancar a candidatura, entrar no partido somente para ser candidata? Pelo amor de Deus. Eu tenho mais de 30 anos de milit\u00e2ncia. \u00c9 nisso que eu acredito. Respeito todos os candidatos, os advers\u00e1rios, mas eu tamb\u00e9m tenho uma autoestima elevada, porque o movimento negro me ensinou a acreditar em mim, a ter confian\u00e7a e apostar na coletividade. Tem gente que quer outra coisa para Salvador, outro caminho para salvador. E \u00e9 nessas pessoas que eu me apoio, que eu me sustento e que eu sei que essas pessoas v\u00e3o nos levar ao Pal\u00e1cio Thom\u00e9 de Souza. Estou muito confiante nisso.<\/p>\n<p style=\"text-align: justify;\"><img decoding=\"async\" src=\"https:\/\/www.bahianoticias.com.br\/fotos\/principal_entrevistas\/704\/mg\/DSC_1617.jpg\" alt=\"\" \/><\/p>\n<p style=\"text-align: justify;\"><em>Foto: Rebeca Menezes\/ Bahia Not\u00edcias<\/em><\/p>\n<p style=\"text-align: justify;\">A gente teve uma discuss\u00e3o recente aqui na pr\u00f3pria reda\u00e7\u00e3o do BN por perceber que h\u00e1 uma insist\u00eancia muito grande em comparar a candidatura da senhora com a da Major Denice, por serem duas mulheres negras que est\u00e3o disputando o mesmo espa\u00e7o de poder, mas s\u00e3o projetos diferentes. Ainda assim, h\u00e1 uma insist\u00eancia massiva em dizer que voc\u00eas disputam o mesmo eleitorado, disputam o mesmo segmento. H\u00e1 racismo estrutural nesse processo?<\/p>\n<p style=\"text-align: justify;\">Com certeza. Para sustentar o sistema \u00e9 preciso restringir os nossos espa\u00e7os. Eu tenho respeito a Major Denice, mas o fato de sermos duas mulheres negras n\u00e3o significa que somos a mesma pessoa ou que somos iguais. Eu mesma n\u00e3o acho que Celsinho Cotrim \u00e9 igual a Jo\u00e3o Carlos Bacelar. N\u00e3o acho que por serem brancos s\u00e3o as mesmas pessoas ou s\u00f3 v\u00e3o atingir o mesmo eleitorado. Ent\u00e3o, os brancos s\u00e3o diversos, reconhecidos como universais. Quando chegam candidaturas negras, e \u00e9 a primeira vez que isso acontece na hist\u00f3ria de Salvador, de duas mulheres negras, as pessoas ficam insistindo \u2018mas voc\u00eas s\u00e3o iguais\u2019. N\u00e3o somos iguais. Denice tem uma hist\u00f3ria. \u00c9 uma policial, construiu uma hist\u00f3ria de vida, a carreira dela na Pol\u00edcia Militar. Eu sou uma pedagoga, uma professora, constru\u00ed minha hist\u00f3ria de vida no movimento negro, no movimento feminista. N\u00e3o de agora. De um tempo que n\u00e3o tinha rede social, que n\u00e3o tinha hashtag sou preta. Um tempo em que a gente foi desbravando com a unha. N\u00f3s chegamos at\u00e9 aqui com a experi\u00eancia que \u00e9 completamente diferente da experi\u00eancia de Denice. Essa quest\u00e3o de querer espelhar, e vejo que a campanha at\u00e9 faz isso, esses truques de marketing que alimentam essa ideia exatamente para confundir. Acho isso desonesto porque penso que elei\u00e7\u00e3o a gente tem que apostar bastante na verdade. Cada um capitalizar o seu quinh\u00e3o a sua trajet\u00f3ria real, a sua hist\u00f3ria de vida e suas propostas. Jogar na confus\u00e3o \u00e9 alimentar a fogueira do racismo. Eu levei muito tempo as pessoas achando que eu era C\u00e9lia Sacramento. C\u00e9lia foi a vice de Neto. Eu fui vice de Pelegrino. Vamos separar. Pessoas negras s\u00e3o diferentes. \u00c9 preciso prestar aten\u00e7\u00e3o nisso. Alimentar essa coisa de dizer que tudo \u00e9 igual tamb\u00e9m \u00e9 racismo. A gente tem que aprender a enxergar as singularidades das trajet\u00f3rias, da hist\u00f3ria e da apar\u00eancia f\u00edsica de cada uma e de cada um.<\/p>\n<p style=\"text-align: justify;\">No come\u00e7o a senhora falou da \u2018prefeita preta perfeita\u2019, que \u00e9 uma brincadeira que a campanha tem feito nas redes sociais e a campanha de Ol\u00edvia Santana \u00e9 quem tem, na avalia\u00e7\u00e3o da equipe do BN, utilizando de uma maneira bem mais progressista as redes sociais. De onde partiu essa inspira\u00e7\u00e3o para usar melhor das tecnologias dentro do processo de campanha?<\/p>\n<p style=\"text-align: justify;\">Tem muitos jovens comigo e eles v\u00e3o chegando. Tem um grupo de jovens que tem se integrado e criado coisas. Quando eu vejo j\u00e1 est\u00e1 l\u00e1. Essa coisa do TikTok foi Lia, Lorena, Caio, tem uma turma que vai chegando, vai inventando. \u00c9 uma oficina militante que vai entrando e eu vou agregando essa turma e dando lugar de fala para essa juventude que chega. Ela chega porque se identifica. Eu tenho um ex\u00e9rcito de jovens que desce a pirambeira comigo nesses bairros populares. \u00c9 uma galera. A gente usa muito as redes sociais. Eu adoro o Instagram. \u00c9 uma rede que eu particularmente me identifico mais que o Facebook. Eu venho usando o Instagram n\u00e3o agora somente para a campanha. Eu gosto mesmo. A maioria das coisas sou eu mesma que posto e agora com o acirramento da campanha essa turma mais jovem assumiu mesmo o comando das redes sociais.<\/p>\n<\/div>\n<\/div>\n","protected":false},"excerpt":{"rendered":"<p>\u201cEu esperava mais grandeza em uma disputa como esta\u201d. Assim a candidata Ol\u00edvia (PCdoB), em entrevista ao Bahia Not\u00edcias nesta ter\u00e7a-feira (3), avaliou o comportamento quase exclusivo de apoio do governador Rui Costa (PT) \u00e0 candidata do Partido dos Trabalhadores, apesar de sua proposta tamb\u00e9m integrar a base do petista. Para Ol\u00edvia, concentrar o capital [&hellip;]<\/p>\n","protected":false},"author":1,"featured_media":15909,"comment_status":"open","ping_status":"open","sticky":false,"template":"","format":"standard","meta":{"_uag_custom_page_level_css":"","_monsterinsights_skip_tracking":false,"_monsterinsights_sitenote_active":false,"_monsterinsights_sitenote_note":"","_monsterinsights_sitenote_category":0,"jetpack_post_was_ever_published":false,"_jetpack_newsletter_access":"","_jetpack_dont_email_post_to_subs":false,"_jetpack_newsletter_tier_id":0,"_jetpack_memberships_contains_paywalled_content":false,"_jetpack_memberships_contains_paid_content":false,"footnotes":"","jetpack_publicize_message":"","jetpack_publicize_feature_enabled":true,"jetpack_social_post_already_shared":true,"jetpack_social_options":{"image_generator_settings":{"template":"highway","default_image_id":0,"font":"","enabled":false},"version":2}},"categories":[199,197],"tags":[],"class_list":["post-15908","post","type-post","status-publish","format-standard","has-post-thumbnail","hentry","category-bahia","category-politica"],"jetpack_publicize_connections":[],"jetpack_featured_media_url":"https:\/\/blogopara.com.br\/wp-content\/uploads\/2020\/11\/IMAGEM_ENTREVISTA_5.jpg","uagb_featured_image_src":{"full":["https:\/\/blogopara.com.br\/wp-content\/uploads\/2020\/11\/IMAGEM_ENTREVISTA_5.jpg",380,280,false],"thumbnail":["https:\/\/blogopara.com.br\/wp-content\/uploads\/2020\/11\/IMAGEM_ENTREVISTA_5-150x150.jpg",150,150,true],"medium":["https:\/\/blogopara.com.br\/wp-content\/uploads\/2020\/11\/IMAGEM_ENTREVISTA_5-300x221.jpg",300,221,true],"medium_large":["https:\/\/blogopara.com.br\/wp-content\/uploads\/2020\/11\/IMAGEM_ENTREVISTA_5.jpg",380,280,false],"large":["https:\/\/blogopara.com.br\/wp-content\/uploads\/2020\/11\/IMAGEM_ENTREVISTA_5.jpg",380,280,false],"1536x1536":["https:\/\/blogopara.com.br\/wp-content\/uploads\/2020\/11\/IMAGEM_ENTREVISTA_5.jpg",380,280,false],"2048x2048":["https:\/\/blogopara.com.br\/wp-content\/uploads\/2020\/11\/IMAGEM_ENTREVISTA_5.jpg",380,280,false],"mantranews-slider-large":["https:\/\/blogopara.com.br\/wp-content\/uploads\/2020\/11\/IMAGEM_ENTREVISTA_5.jpg",380,280,false],"mantranews-featured-medium":["https:\/\/blogopara.com.br\/wp-content\/uploads\/2020\/11\/IMAGEM_ENTREVISTA_5.jpg",380,280,false],"mantranews-featured-long":["https:\/\/blogopara.com.br\/wp-content\/uploads\/2020\/11\/IMAGEM_ENTREVISTA_5-300x280.jpg",300,280,true],"mantranews-block-medium":["https:\/\/blogopara.com.br\/wp-content\/uploads\/2020\/11\/IMAGEM_ENTREVISTA_5.jpg",380,280,false],"mantranews-carousel-image":["https:\/\/blogopara.com.br\/wp-content\/uploads\/2020\/11\/IMAGEM_ENTREVISTA_5.jpg",380,280,false],"mantranews-block-thumb":["https:\/\/blogopara.com.br\/wp-content\/uploads\/2020\/11\/IMAGEM_ENTREVISTA_5-322x230.jpg",322,230,true],"mantranews-single-large":["https:\/\/blogopara.com.br\/wp-content\/uploads\/2020\/11\/IMAGEM_ENTREVISTA_5.jpg",380,280,false]},"uagb_author_info":{"display_name":"Reda\u00e7\u00e3o geral","author_link":"https:\/\/blogopara.com.br\/index.php\/author\/blogopara"},"uagb_comment_info":0,"uagb_excerpt":"\u201cEu esperava mais grandeza em uma disputa como esta\u201d. Assim a candidata Ol\u00edvia (PCdoB), em entrevista ao Bahia Not\u00edcias nesta ter\u00e7a-feira (3), avaliou o comportamento quase exclusivo de apoio do governador Rui Costa (PT) \u00e0 candidata do Partido dos Trabalhadores, apesar de sua proposta tamb\u00e9m integrar a base do petista. Para Ol\u00edvia, concentrar o capital&hellip;","jetpack_sharing_enabled":true,"jetpack_likes_enabled":true,"_links":{"self":[{"href":"https:\/\/blogopara.com.br\/index.php\/wp-json\/wp\/v2\/posts\/15908","targetHints":{"allow":["GET"]}}],"collection":[{"href":"https:\/\/blogopara.com.br\/index.php\/wp-json\/wp\/v2\/posts"}],"about":[{"href":"https:\/\/blogopara.com.br\/index.php\/wp-json\/wp\/v2\/types\/post"}],"author":[{"embeddable":true,"href":"https:\/\/blogopara.com.br\/index.php\/wp-json\/wp\/v2\/users\/1"}],"replies":[{"embeddable":true,"href":"https:\/\/blogopara.com.br\/index.php\/wp-json\/wp\/v2\/comments?post=15908"}],"version-history":[{"count":1,"href":"https:\/\/blogopara.com.br\/index.php\/wp-json\/wp\/v2\/posts\/15908\/revisions"}],"predecessor-version":[{"id":15910,"href":"https:\/\/blogopara.com.br\/index.php\/wp-json\/wp\/v2\/posts\/15908\/revisions\/15910"}],"wp:featuredmedia":[{"embeddable":true,"href":"https:\/\/blogopara.com.br\/index.php\/wp-json\/wp\/v2\/media\/15909"}],"wp:attachment":[{"href":"https:\/\/blogopara.com.br\/index.php\/wp-json\/wp\/v2\/media?parent=15908"}],"wp:term":[{"taxonomy":"category","embeddable":true,"href":"https:\/\/blogopara.com.br\/index.php\/wp-json\/wp\/v2\/categories?post=15908"},{"taxonomy":"post_tag","embeddable":true,"href":"https:\/\/blogopara.com.br\/index.php\/wp-json\/wp\/v2\/tags?post=15908"}],"curies":[{"name":"wp","href":"https:\/\/api.w.org\/{rel}","templated":true}]}}