{"id":15973,"date":"2020-11-07T08:00:20","date_gmt":"2020-11-07T11:00:20","guid":{"rendered":"http:\/\/blogopara.com.br\/?p=15973"},"modified":"2020-11-07T07:58:45","modified_gmt":"2020-11-07T10:58:45","slug":"juazeiro-os-servidores-contratados-do-municipio-podem-ser-demitidos-apos-as-eleicoes","status":"publish","type":"post","link":"https:\/\/blogopara.com.br\/index.php\/2020\/11\/07\/juazeiro-os-servidores-contratados-do-municipio-podem-ser-demitidos-apos-as-eleicoes","title":{"rendered":"Juazeiro: Os servidores contratados do munic\u00edpio poder\u00e3o ser demitidos ap\u00f3s as elei\u00e7\u00f5es?"},"content":{"rendered":"<p style=\"text-align: justify;\">A cada per\u00edodo eleitoral os servidores contratados da prefeitura de Juazeiro passam pelas mesmas afli\u00e7\u00f5es, ser\u00e1 que seremos demitidos? Ser\u00e1 que pagar\u00e3o as nossas rescis\u00f5es? Ser\u00e1 que vou receber o d\u00e9cimo terceiro?<\/p>\n<p style=\"text-align: justify;\">Tornou-se comum a cada per\u00edodo eleitoral crescer o n\u00famero de contratados, que depois das elei\u00e7\u00f5es s\u00e3o demitidos. Muitos saem sem receber um \u00fanico centavo, e n\u00e3o \u00e9 porque a prefeitura n\u00e3o paga rescis\u00e3o, mas porque s\u00e3o escolhidos os que devem receber as rescis\u00f5es.<\/p>\n<p style=\"text-align: justify;\">N\u00e3o \u00e9 segredo para ningu\u00e9m que a prefeitura de Juazeiro est\u00e1 com a folha da pagamento inchada, com cerca de 5 mil funcion\u00e1rios contratados e comissionados, com um custo mensal que chega a quase 30 milh\u00f5es, o que corresponde anualmente a 50% das receitas do munic\u00edpio.<\/p>\n<p style=\"text-align: justify;\">No calend\u00e1rio normal das elei\u00e7\u00f5es, no m\u00eas de outubro, a prefeitura tinha cerca de dois meses para ajustar as contas, mas com a mudan\u00e7a do calend\u00e1rio para 15 de novembro, com certeza, o prefeito ter\u00e1 muitas dificuldades em fechar as contas at\u00e9 o dia 31 de dezembro.<\/p>\n<p style=\"text-align: justify;\">O malabarismo cont\u00e1bil vai ser muito grande, por isso, inevitavelmente poder\u00e1 haver muitas demiss\u00f5es ap\u00f3s as elei\u00e7\u00f5es em v\u00e1rias secretarias, a exemplo da Secretaria de Educa\u00e7\u00e3o e SESP. E poder\u00e1 ter situa\u00e7\u00f5es piores do que nos outros anos, quando muitos professores contratados foram dispensados no m\u00eas de dezembro, ficando at\u00e9 o m\u00eas de mar\u00e7o sem receber sal\u00e1rios.<\/p>\n<p style=\"text-align: justify;\">Uma coisa \u00e9 certa, a pr\u00f3xima ou o pr\u00f3ximo prefeito dever\u00e1 honrar os processos seletivos que estejam dentro dos prazos legais, ainda que muitos contratados estejam sofrendo terrorismo pol\u00edtico sobre o seu voto no dia 15 de novembro, a Lei dever\u00e1 ser respeitada e os empregos garantidos em 2021.<\/p>\n<p>Bons tempos apontam para novos horizontes em 2021!<\/p>\n","protected":false},"excerpt":{"rendered":"<p>A cada per\u00edodo eleitoral os servidores contratados da prefeitura de Juazeiro passam pelas mesmas afli\u00e7\u00f5es, ser\u00e1 que seremos demitidos? Ser\u00e1 que pagar\u00e3o as nossas rescis\u00f5es? Ser\u00e1 que vou receber o d\u00e9cimo terceiro? Tornou-se comum a cada per\u00edodo eleitoral crescer o n\u00famero de contratados, que depois das elei\u00e7\u00f5es s\u00e3o demitidos. Muitos saem sem receber um \u00fanico [&hellip;]<\/p>\n","protected":false},"author":1,"featured_media":15763,"comment_status":"open","ping_status":"open","sticky":false,"template":"","format":"standard","meta":{"_uag_custom_page_level_css":"","_monsterinsights_skip_tracking":false,"_monsterinsights_sitenote_active":false,"_monsterinsights_sitenote_note":"","_monsterinsights_sitenote_category":0,"jetpack_post_was_ever_published":false,"_jetpack_newsletter_access":"","_jetpack_dont_email_post_to_subs":false,"_jetpack_newsletter_tier_id":0,"_jetpack_memberships_contains_paywalled_content":false,"_jetpack_memberships_contains_paid_content":false,"footnotes":"","jetpack_publicize_message":"","jetpack_publicize_feature_enabled":true,"jetpack_social_post_already_shared":true,"jetpack_social_options":{"image_generator_settings":{"template":"highway","default_image_id":0,"font":"","enabled":false},"version":2}},"categories":[203,197],"tags":[],"class_list":["post-15973","post","type-post","status-publish","format-standard","has-post-thumbnail","hentry","category-juazeiro","category-politica"],"jetpack_publicize_connections":[],"jetpack_featured_media_url":"https:\/\/blogopara.com.br\/wp-content\/uploads\/2020\/10\/IMAGEM_NOTICIA_5-1-2.jpg","uagb_featured_image_src":{"full":["https:\/\/blogopara.com.br\/wp-content\/uploads\/2020\/10\/IMAGEM_NOTICIA_5-1-2.jpg",400,294,false],"thumbnail":["https:\/\/blogopara.com.br\/wp-content\/uploads\/2020\/10\/IMAGEM_NOTICIA_5-1-2-150x150.jpg",150,150,true],"medium":["https:\/\/blogopara.com.br\/wp-content\/uploads\/2020\/10\/IMAGEM_NOTICIA_5-1-2-300x221.jpg",300,221,true],"medium_large":["https:\/\/blogopara.com.br\/wp-content\/uploads\/2020\/10\/IMAGEM_NOTICIA_5-1-2.jpg",400,294,false],"large":["https:\/\/blogopara.com.br\/wp-content\/uploads\/2020\/10\/IMAGEM_NOTICIA_5-1-2.jpg",400,294,false],"1536x1536":["https:\/\/blogopara.com.br\/wp-content\/uploads\/2020\/10\/IMAGEM_NOTICIA_5-1-2.jpg",400,294,false],"2048x2048":["https:\/\/blogopara.com.br\/wp-content\/uploads\/2020\/10\/IMAGEM_NOTICIA_5-1-2.jpg",400,294,false],"mantranews-slider-large":["https:\/\/blogopara.com.br\/wp-content\/uploads\/2020\/10\/IMAGEM_NOTICIA_5-1-2.jpg",400,294,false],"mantranews-featured-medium":["https:\/\/blogopara.com.br\/wp-content\/uploads\/2020\/10\/IMAGEM_NOTICIA_5-1-2.jpg",400,294,false],"mantranews-featured-long":["https:\/\/blogopara.com.br\/wp-content\/uploads\/2020\/10\/IMAGEM_NOTICIA_5-1-2-300x294.jpg",300,294,true],"mantranews-block-medium":["https:\/\/blogopara.com.br\/wp-content\/uploads\/2020\/10\/IMAGEM_NOTICIA_5-1-2-400x290.jpg",400,290,true],"mantranews-carousel-image":["https:\/\/blogopara.com.br\/wp-content\/uploads\/2020\/10\/IMAGEM_NOTICIA_5-1-2.jpg",400,294,false],"mantranews-block-thumb":["https:\/\/blogopara.com.br\/wp-content\/uploads\/2020\/10\/IMAGEM_NOTICIA_5-1-2-322x230.jpg",322,230,true],"mantranews-single-large":["https:\/\/blogopara.com.br\/wp-content\/uploads\/2020\/10\/IMAGEM_NOTICIA_5-1-2.jpg",400,294,false]},"uagb_author_info":{"display_name":"Reda\u00e7\u00e3o geral","author_link":"https:\/\/blogopara.com.br\/index.php\/author\/blogopara"},"uagb_comment_info":7,"uagb_excerpt":"A cada per\u00edodo eleitoral os servidores contratados da prefeitura de Juazeiro passam pelas mesmas afli\u00e7\u00f5es, ser\u00e1 que seremos demitidos? Ser\u00e1 que pagar\u00e3o as nossas rescis\u00f5es? Ser\u00e1 que vou receber o d\u00e9cimo terceiro? Tornou-se comum a cada per\u00edodo eleitoral crescer o n\u00famero de contratados, que depois das elei\u00e7\u00f5es s\u00e3o demitidos. Muitos saem sem receber um \u00fanico&hellip;","jetpack_sharing_enabled":true,"jetpack_likes_enabled":true,"_links":{"self":[{"href":"https:\/\/blogopara.com.br\/index.php\/wp-json\/wp\/v2\/posts\/15973","targetHints":{"allow":["GET"]}}],"collection":[{"href":"https:\/\/blogopara.com.br\/index.php\/wp-json\/wp\/v2\/posts"}],"about":[{"href":"https:\/\/blogopara.com.br\/index.php\/wp-json\/wp\/v2\/types\/post"}],"author":[{"embeddable":true,"href":"https:\/\/blogopara.com.br\/index.php\/wp-json\/wp\/v2\/users\/1"}],"replies":[{"embeddable":true,"href":"https:\/\/blogopara.com.br\/index.php\/wp-json\/wp\/v2\/comments?post=15973"}],"version-history":[{"count":7,"href":"https:\/\/blogopara.com.br\/index.php\/wp-json\/wp\/v2\/posts\/15973\/revisions"}],"predecessor-version":[{"id":15983,"href":"https:\/\/blogopara.com.br\/index.php\/wp-json\/wp\/v2\/posts\/15973\/revisions\/15983"}],"wp:featuredmedia":[{"embeddable":true,"href":"https:\/\/blogopara.com.br\/index.php\/wp-json\/wp\/v2\/media\/15763"}],"wp:attachment":[{"href":"https:\/\/blogopara.com.br\/index.php\/wp-json\/wp\/v2\/media?parent=15973"}],"wp:term":[{"taxonomy":"category","embeddable":true,"href":"https:\/\/blogopara.com.br\/index.php\/wp-json\/wp\/v2\/categories?post=15973"},{"taxonomy":"post_tag","embeddable":true,"href":"https:\/\/blogopara.com.br\/index.php\/wp-json\/wp\/v2\/tags?post=15973"}],"curies":[{"name":"wp","href":"https:\/\/api.w.org\/{rel}","templated":true}]}}