{"id":16030,"date":"2020-11-09T08:30:05","date_gmt":"2020-11-09T11:30:05","guid":{"rendered":"http:\/\/blogopara.com.br\/?p=16030"},"modified":"2020-11-09T12:16:34","modified_gmt":"2020-11-09T15:16:34","slug":"eleicoes-cade-o-vice-de-paulo-bomfim-bateu-o-desespero-depois-das-pesquisas","status":"publish","type":"post","link":"https:\/\/blogopara.com.br\/index.php\/2020\/11\/09\/eleicoes-cade-o-vice-de-paulo-bomfim-bateu-o-desespero-depois-das-pesquisas","title":{"rendered":"Elei\u00e7\u00f5es: Cad\u00ea o vice de Paulo Bomfim? Bateu o desespero depois das pesquisas?"},"content":{"rendered":"<p style=\"text-align: justify;\">Nesses \u00faltimos dias o prefeito Paulo Bomfim (PT) teve v\u00e1rios compromissos oficiais de campanha, e nada de Charles Le\u00e3o (PP) candidato a vice na chapa aparecer nas fotos oficiais.<\/p>\n<p style=\"text-align: justify;\">Na quinta-feira (05) o vice-governador e presidente do Partido Progressista na Bahia, Jo\u00e3o Le\u00e3o, esteve na cidade para uma reuni\u00e3o com o prefeito e os vereadores. O delegado Charles Le\u00e3o, segundo informa\u00e7\u00f5es, esteve presente \u00e0 reuni\u00e3o, mas n\u00e3o apareceu na foto oficial.<\/p>\n<p style=\"text-align: justify;\">Nesse domingo (08) o prefeito participou de uma carreata no Distrito de Pinh\u00f5es, a aus\u00eancia de Charles Le\u00e3o no carro oficial juntamente com o prefeito, foi bastante comentada entre os moradores.<\/p>\n<p style=\"text-align: justify;\">A conversa de boca mi\u00fada da conta que o delegado j\u00e1 estaria arrumando as malas para voltar para Salvador, ap\u00f3s as pesquisas que sa\u00edram no in\u00edcio do m\u00eas. Outros dizem que ele \u00e9 amplamente rejeitado pelas candidaturas femininas do PT e do PCdoB, bem como pela maioria das mulheres da cidade.<\/p>\n<p style=\"text-align: justify;\">Ser\u00e1 que o prefeito quer enganar a popula\u00e7\u00e3o, trocando o vice Charles Le\u00e3o?<\/p>\n","protected":false},"excerpt":{"rendered":"<p>Nesses \u00faltimos dias o prefeito Paulo Bomfim (PT) teve v\u00e1rios compromissos oficiais de campanha, e nada de Charles Le\u00e3o (PP) candidato a vice na chapa aparecer nas fotos oficiais. Na quinta-feira (05) o vice-governador e presidente do Partido Progressista na Bahia, Jo\u00e3o Le\u00e3o, esteve na cidade para uma reuni\u00e3o com o prefeito e os vereadores. [&hellip;]<\/p>\n","protected":false},"author":1,"featured_media":16031,"comment_status":"open","ping_status":"open","sticky":false,"template":"","format":"standard","meta":{"_uag_custom_page_level_css":"","_monsterinsights_skip_tracking":false,"_monsterinsights_sitenote_active":false,"_monsterinsights_sitenote_note":"","_monsterinsights_sitenote_category":0,"jetpack_post_was_ever_published":false,"_jetpack_newsletter_access":"","_jetpack_dont_email_post_to_subs":false,"_jetpack_newsletter_tier_id":0,"_jetpack_memberships_contains_paywalled_content":false,"_jetpack_memberships_contains_paid_content":false,"footnotes":"","jetpack_publicize_message":"","jetpack_publicize_feature_enabled":true,"jetpack_social_post_already_shared":true,"jetpack_social_options":{"image_generator_settings":{"template":"highway","default_image_id":0,"font":"","enabled":false},"version":2}},"categories":[203,197],"tags":[],"class_list":["post-16030","post","type-post","status-publish","format-standard","has-post-thumbnail","hentry","category-juazeiro","category-politica"],"jetpack_publicize_connections":[],"jetpack_featured_media_url":"https:\/\/blogopara.com.br\/wp-content\/uploads\/2020\/11\/WhatsApp-Image-2020-11-08-at-22.33.59.jpeg","uagb_featured_image_src":{"full":["https:\/\/blogopara.com.br\/wp-content\/uploads\/2020\/11\/WhatsApp-Image-2020-11-08-at-22.33.59.jpeg",500,332,false],"thumbnail":["https:\/\/blogopara.com.br\/wp-content\/uploads\/2020\/11\/WhatsApp-Image-2020-11-08-at-22.33.59-150x150.jpeg",150,150,true],"medium":["https:\/\/blogopara.com.br\/wp-content\/uploads\/2020\/11\/WhatsApp-Image-2020-11-08-at-22.33.59-300x199.jpeg",300,199,true],"medium_large":["https:\/\/blogopara.com.br\/wp-content\/uploads\/2020\/11\/WhatsApp-Image-2020-11-08-at-22.33.59.jpeg",500,332,false],"large":["https:\/\/blogopara.com.br\/wp-content\/uploads\/2020\/11\/WhatsApp-Image-2020-11-08-at-22.33.59.jpeg",500,332,false],"1536x1536":["https:\/\/blogopara.com.br\/wp-content\/uploads\/2020\/11\/WhatsApp-Image-2020-11-08-at-22.33.59.jpeg",500,332,false],"2048x2048":["https:\/\/blogopara.com.br\/wp-content\/uploads\/2020\/11\/WhatsApp-Image-2020-11-08-at-22.33.59.jpeg",500,332,false],"mantranews-slider-large":["https:\/\/blogopara.com.br\/wp-content\/uploads\/2020\/11\/WhatsApp-Image-2020-11-08-at-22.33.59.jpeg",500,332,false],"mantranews-featured-medium":["https:\/\/blogopara.com.br\/wp-content\/uploads\/2020\/11\/WhatsApp-Image-2020-11-08-at-22.33.59-420x307.jpeg",420,307,true],"mantranews-featured-long":["https:\/\/blogopara.com.br\/wp-content\/uploads\/2020\/11\/WhatsApp-Image-2020-11-08-at-22.33.59-300x332.jpeg",300,332,true],"mantranews-block-medium":["https:\/\/blogopara.com.br\/wp-content\/uploads\/2020\/11\/WhatsApp-Image-2020-11-08-at-22.33.59-464x290.jpeg",464,290,true],"mantranews-carousel-image":["https:\/\/blogopara.com.br\/wp-content\/uploads\/2020\/11\/WhatsApp-Image-2020-11-08-at-22.33.59.jpeg",500,332,false],"mantranews-block-thumb":["https:\/\/blogopara.com.br\/wp-content\/uploads\/2020\/11\/WhatsApp-Image-2020-11-08-at-22.33.59-322x230.jpeg",322,230,true],"mantranews-single-large":["https:\/\/blogopara.com.br\/wp-content\/uploads\/2020\/11\/WhatsApp-Image-2020-11-08-at-22.33.59.jpeg",500,332,false]},"uagb_author_info":{"display_name":"Reda\u00e7\u00e3o geral","author_link":"https:\/\/blogopara.com.br\/index.php\/author\/blogopara"},"uagb_comment_info":0,"uagb_excerpt":"Nesses \u00faltimos dias o prefeito Paulo Bomfim (PT) teve v\u00e1rios compromissos oficiais de campanha, e nada de Charles Le\u00e3o (PP) candidato a vice na chapa aparecer nas fotos oficiais. Na quinta-feira (05) o vice-governador e presidente do Partido Progressista na Bahia, Jo\u00e3o Le\u00e3o, esteve na cidade para uma reuni\u00e3o com o prefeito e os vereadores.&hellip;","jetpack_sharing_enabled":true,"jetpack_likes_enabled":true,"_links":{"self":[{"href":"https:\/\/blogopara.com.br\/index.php\/wp-json\/wp\/v2\/posts\/16030","targetHints":{"allow":["GET"]}}],"collection":[{"href":"https:\/\/blogopara.com.br\/index.php\/wp-json\/wp\/v2\/posts"}],"about":[{"href":"https:\/\/blogopara.com.br\/index.php\/wp-json\/wp\/v2\/types\/post"}],"author":[{"embeddable":true,"href":"https:\/\/blogopara.com.br\/index.php\/wp-json\/wp\/v2\/users\/1"}],"replies":[{"embeddable":true,"href":"https:\/\/blogopara.com.br\/index.php\/wp-json\/wp\/v2\/comments?post=16030"}],"version-history":[{"count":5,"href":"https:\/\/blogopara.com.br\/index.php\/wp-json\/wp\/v2\/posts\/16030\/revisions"}],"predecessor-version":[{"id":16042,"href":"https:\/\/blogopara.com.br\/index.php\/wp-json\/wp\/v2\/posts\/16030\/revisions\/16042"}],"wp:featuredmedia":[{"embeddable":true,"href":"https:\/\/blogopara.com.br\/index.php\/wp-json\/wp\/v2\/media\/16031"}],"wp:attachment":[{"href":"https:\/\/blogopara.com.br\/index.php\/wp-json\/wp\/v2\/media?parent=16030"}],"wp:term":[{"taxonomy":"category","embeddable":true,"href":"https:\/\/blogopara.com.br\/index.php\/wp-json\/wp\/v2\/categories?post=16030"},{"taxonomy":"post_tag","embeddable":true,"href":"https:\/\/blogopara.com.br\/index.php\/wp-json\/wp\/v2\/tags?post=16030"}],"curies":[{"name":"wp","href":"https:\/\/api.w.org\/{rel}","templated":true}]}}