{"id":16048,"date":"2020-11-10T09:24:06","date_gmt":"2020-11-10T12:24:06","guid":{"rendered":"http:\/\/blogopara.com.br\/?p=16048"},"modified":"2020-11-10T16:59:20","modified_gmt":"2020-11-10T19:59:20","slug":"eleicoes-2020-paulo-bomfim-nao-cumpriu-90-do-que-prometeu-em-2016","status":"publish","type":"post","link":"https:\/\/blogopara.com.br\/index.php\/2020\/11\/10\/eleicoes-2020-paulo-bomfim-nao-cumpriu-90-do-que-prometeu-em-2016","title":{"rendered":"Elei\u00e7\u00f5es 2020: Paulo Bomfim n\u00e3o cumpriu 90% do que prometeu em 2016"},"content":{"rendered":"<p style=\"text-align: justify;\">\u00c0s v\u00e9speras de uma elei\u00e7\u00e3o sempre o momento de avaliar a gest\u00e3o, principalmente das promessas feitas durante a campanha anterior, atrav\u00e9s do Plano de Governo.<\/p>\n<p style=\"text-align: justify;\">O Plano de Governo s\u00e3o as promessas que os candidatos mostram ao eleitor o que pretendem fazer para melhorar a sua cidade, o seu estado ou pa\u00eds. \u00c9 por esse meio tamb\u00e9m que o eleitor\u00a0pode identificar quais pautas cada candidato defende, e se o projeto de governo apresentado tem a ver com os seus interesses.<\/p>\n<p style=\"text-align: justify;\">Na elei\u00e7\u00e3o de 2016, o prefeito Paulo Bomfim (PT) construiu o Plano de Governo a partir de plen\u00e1rias em diversas comunidades na sede e no interior. Os momentos foram sempre acompanhados de belas pe\u00e7as de marketing.<\/p>\n<p style=\"text-align: justify;\">Mas passados quatro anos, analisando os diversos eixos que comp\u00f5em o Plano de Governo de Paulo Bomfim para o exerc\u00edcio 2017 a 2020, constata-se que ele n\u00e3o cumpriu cerca de 90% do que prometeu ou est\u00e1 no seu Plano.<\/p>\n<h4 style=\"text-align: justify;\"><strong>EDUCA\u00c7\u00c3O<\/strong><\/h4>\n<ul style=\"text-align: justify;\">\n<li>Implantar extens\u00e3o do curso pr\u00e9-vestibular do col\u00e9gio Paulo VI nos distritos que apresentem essa demanda;<\/li>\n<li>Ampliar o n\u00famero de profissionais para atendimento de crian\u00e7as com d\u00e9ficit de aprendizagem (psicopedagogos, psic\u00f3logo, pedagogos, psicanalistas);<\/li>\n<li>Dar continuidade \u00e0s amplia\u00e7\u00f5es e reformas dos pr\u00e9dios escolares;<\/li>\n<li>Permanecer construindo\u00a0\u00a0 quadras\u00a0\u00a0 cobertas\u00a0\u00a0\u00a0 nos\u00a0\u00a0\u00a0 bairros\u00a0\u00a0\u00a0 perif\u00e9ricos\u00a0\u00a0 nas proximidades das unidades escolares;<\/li>\n<li>Implantar bibliotecas ou programas de leitura nos bairros e nas sedes dos distritos;<\/li>\n<li>Ampliar a quantidade de salas de AEE nas unidades escolares;<\/li>\n<li>Implantar salas multim\u00eddia e laborat\u00f3rios interdisciplinares nas escolas dos distritos que n\u00e3o possuem esses recursos.<\/li>\n<\/ul>\n<h4 style=\"text-align: justify;\"><strong>SA\u00daDE<\/strong><\/h4>\n<ul style=\"text-align: justify;\">\n<li>Fortalecer e priorizar os Programas e espa\u00e7os da aten\u00e7\u00e3o b\u00e1sica;<\/li>\n<li>Promover a\u00e7\u00f5es de humaniza\u00e7\u00e3o a exemplo do Programa Sa\u00fade Acolhedora;<\/li>\n<li>Realizar a coleta de exames laboratoriais nas unidades de sa\u00fade da zona rural do munic\u00edpio;<\/li>\n<li>Investir na amplia\u00e7\u00e3o de unidades m\u00f3veis para atendimento m\u00f3vel de odontologia e oftalmologia na sede e distritos;<\/li>\n<li>Ampliar o Programa Sa\u00fade na Escola com o objetivo de identificar, diagnosticar e acompanhar os escolares com baixa acuidade visual e auditiva;<\/li>\n<li>Implantar uma unidade de urg\u00eancias oftalmol\u00f3gicas 24h;<\/li>\n<li>Fundar o \u201cProjeto Sorriso Saud\u00e1vel\u201d instituindo plant\u00e3o odontol\u00f3gico nas unidades de sa\u00fade das 18h \u00e0s 22h;<\/li>\n<li>Fortalecer a participa\u00e7\u00e3o da comunidade na gest\u00e3o das unidades de sa\u00fade, conforme a Lei 142\/90;<\/li>\n<li>Implantar novas Farm\u00e1cias da Fam\u00edlia;<\/li>\n<li>Ampliar o programa medicamento em casa: entrega de medica\u00e7\u00e3o em domicilio para pacientes hipertensos e diab\u00e9ticos;<\/li>\n<li>Expandir o atendimento na Maternidade Municipal, passando a constituir-se Hospital da Mulher;<\/li>\n<li>Implantar a Policl\u00ednica da Mulher;<\/li>\n<li>Realizar mutir\u00f5es de cirurgias eletivas: cataratas, pedi\u00e1tricas, cabe\u00e7a e pesco\u00e7o, urol\u00f3gicas, vasectomias, ginecol\u00f3gicas (histerectomia e laqueadura);<\/li>\n<li>Ampliar o n\u00famero de leitos no Centro de Apoio Psicossocial \u2013 CAPS;<\/li>\n<li>Instaurar o Centro de Reabilita\u00e7\u00e3o motora e psicol\u00f3gica do munic\u00edpio;<\/li>\n<li>Efetivar o Programa Tr\u00e2nsito Saud\u00e1vel: Parceria Inter setorial com o objetivo de prevenir acidentes automobil\u00edsticos que hoje geram grande demanda em ortopedia e reabilita\u00e7\u00e3o;<\/li>\n<li>Ampliar, progressivamente, a transfer\u00eancia financeira municipal pr\u00f3pria;<\/li>\n<li>Priorizar atendimento \u00e0s pessoas em situa\u00e7\u00e3o de vulnerabilidade \u2013 Idosos, mulheres e crian\u00e7as violentadas, grupos minorit\u00e1rios, ;<\/li>\n<li>Consolidar e ampliar o Programa de Autonomia Financeira das Unidades de Sa\u00fade \u2013 PROAFIS;<\/li>\n<li>Ampliar parcerias com hospitais credenciados da regi\u00e3o oferecendo equipe de m\u00e9dicos para realiza\u00e7\u00e3o de cirurgias;<\/li>\n<li>Promover a conscientiza\u00e7\u00e3o sobre o controle de natalidade para as fam\u00edlias de bairros perif\u00e9ricos com palestras e ligadura de trompas;<\/li>\n<li>Construir, reformar e ampliar os postos de sa\u00fade na periferia e distritos de juazeiro que ainda n\u00e3o foram atendidos;<\/li>\n<li>Aumentar a contrata\u00e7\u00e3o de agentes de sa\u00fade para a sede e distritos do munic\u00edpio;<\/li>\n<li>Fortalecer a rede de atendimentos nas unidades de sa\u00fade, melhorando a qualidade do atendimento nos postos de sa\u00fade dos bairros perif\u00e9ricos e distritos;<\/li>\n<li>Oferecer atendimento odontol\u00f3gico noturno nos postos de sa\u00fade da periferia;<\/li>\n<li>Ampliar os postos de sa\u00fade com salas de audit\u00f3rio nas sedes dos distritos;<\/li>\n<li>Firmar de maneira mais efetiva, a parceria entre sa\u00fade e educa\u00e7\u00e3o a partir de pol\u00edticas p\u00fablicas que facilitem e estimulem a ado\u00e7\u00e3o de h\u00e1bitos saud\u00e1veis desde a inf\u00e2ncia;<\/li>\n<li>Continuar ampliando o programa de sa\u00fade da fam\u00edlia e o NASF;<\/li>\n<li>Consolidar as parcerias com as esferas do Governo Estadual e do Governo Federal no que diz respeito \u00e0 garantia do acesso a medicamentos, bem como, promover o uso racional destes;<\/li>\n<li>Implantar a farm\u00e1cia popular da sede dos distritos;<\/li>\n<li>Promover o acesso de pessoas com transtornos mentais e\/ou usu\u00e1rios de drogas \u00e0s a\u00e7\u00f5es e aos servi\u00e7os de sa\u00fade;<\/li>\n<li>Implementar o projeto Menina-M\u00e3e junto a Maternidade de Juazeiro e a do bairro Jo\u00e3o Paulo II com o objetivo de dar apoio espec\u00edfico \u00e0s adolescentes em fase gestacional;<\/li>\n<li>Ampliar o n\u00famero de ambul\u00e2ncias que atendam especificamente os distritos;<\/li>\n<li>Oferecer tratamento diferenciado \u00e0s mulheres negras na maternidade municipal em consequ\u00eancia do alto \u00edndice de mortalidade;<\/li>\n<li>Estimular a valoriza\u00e7\u00e3o dos trabalhadores da sa\u00fade atrav\u00e9s de espa\u00e7os de forma\u00e7\u00e3o e melhoria das condi\u00e7\u00f5es de trabalho, tendo em vista que esses trabalhadores lidam com dif\u00edceis situa\u00e7\u00f5es.<\/li>\n<\/ul>\n<h4 style=\"text-align: justify;\">Cultura, Esporte e Lazer<\/h4>\n<ul style=\"text-align: justify;\">\n<li>Ampliar a presen\u00e7a da cultura na educa\u00e7\u00e3o, visando incluir no ambiente curricular e extracurricular das escolas p\u00fablicas municipais agentes, bens e manifesta\u00e7\u00f5es culturais para aprimorar a forma\u00e7\u00e3o dos estudantes;<\/li>\n<li>Identificar pr\u00e9dios antigos p\u00fablicos ou privados que tenham valor hist\u00f3rico, cultural, arquitet\u00f4nico, ambiental e afetivo para o munic\u00edpio para, atrav\u00e9s de Ato Administrativo realizar tombamento;<\/li>\n<li>Implantar a \u2018Casa da Cultura\u2019 nos bairros e distritos de Juazeiro de modo que ofere\u00e7a \u00e0 juventude cursos de m\u00fasica, teatro e dan\u00e7a;<\/li>\n<li>Desenvolver projetos culturais para a juventude nos distritos;<\/li>\n<\/ul>\n<h4 style=\"text-align: justify;\">Direitos Humanos, Cidadania e Acesso \u00e0 Justi\u00e7a \u2013 Pol\u00edticas para Mulheres, Juventude, Idosos, Pessoas com Defici\u00eancia, Comunidade LGBT e Igualdade Racial<\/h4>\n<ul style=\"text-align: justify;\">\n<li>Firmar conv\u00eanios com igrejas evang\u00e9licas com o objetivo de fortalecer projetos sociais a exemplo dos Centros de Recupera\u00e7\u00e3o de Usu\u00e1rios de Drogas;<\/li>\n<li>Implantar Centro de Refer\u00eancia para desenvolver a\u00e7\u00f5es integradas de pol\u00edtica p\u00fablica para pessoas com defici\u00eancia que, visar\u00e1 desenvolver projetos nas \u00e1reas de qualifica\u00e7\u00e3o profissional, educa\u00e7\u00e3o, sa\u00fade, a\u00e7\u00e3o social e cidadania, esportes e lazer, gera\u00e7\u00e3o de trabalho e renda, acessibilidade e transporte, comunica\u00e7\u00e3o e legisla\u00e7\u00e3o, que possam garantir a conquista da cidadania plena para pessoas com defici\u00eancia.<\/li>\n<li>Implantar Programa de transporte que contemple jovens estudantes de escolas p\u00fablicas na periferia e distritos do munic\u00edpio;<\/li>\n<li>Instituir parcerias para criar condi\u00e7\u00f5es de financiamento para universit\u00e1rios;<\/li>\n<li>Buscar parceria com o Governo Estadual e Federal com o objetivo de viabilizar extens\u00f5es de Escolas T\u00e9cnicas na \u00e1rea rural do munic\u00edpio;<\/li>\n<li>Regimentar pol\u00edticas p\u00fablicas que favore\u00e7am, intencionalmente, o enfrentamento do Genoc\u00eddio da Juventude Negra residente na periferia do munic\u00edpio;<\/li>\n<li>Fortalecer o enfrentamento da mortalidade materna juvenil durante gravidez, atrav\u00e9s de pol\u00edticas p\u00fablicas de aten\u00e7\u00e3o \u00e0s gestantes adolescentes, especialmente por meio do atendimento humanizado e qualificado nas Unidades de Sa\u00fade do munic\u00edpio;<\/li>\n<li>Implantar Programa de Cr\u00e9dito para jovens empreendedores nas faixas et\u00e1rias de 16 a 29 anos;<\/li>\n<li>Instalar pra\u00e7as para a melhor idade nos bairros perif\u00e9ricos;<\/li>\n<li>Implantar a Casa do Idoso em Juazeiro.Desenvolvimento Rural e Conviv\u00eancia com o Semi\u00e1rido.<\/li>\n<\/ul>\n<h4 style=\"text-align: justify;\">Desenvolvimento Rural e Conviv\u00eancia com o Semi\u00e1rido<\/h4>\n<ul style=\"text-align: justify;\">\n<li>Aprofundar o fortalecimento da agricultura familiar atrav\u00e9s de uma infraestrutura s\u00f3cio participativa com a finalidade de promover a amplia\u00e7\u00e3o e incentivo do mercado produtor do munic\u00edpio;<\/li>\n<li>Dar incentivo \u00e0 agricultura irrigada com a\u00e7\u00f5es que venham beneficiar o melhor desenvolvimento e escoamento da produ\u00e7\u00e3o, al\u00e9m de incentivo a cr\u00e9ditos para pequenos produtores;<\/li>\n<li>Criar a secretaria do interior;<\/li>\n<li>Realizar reformas de pontes de acesso nos distritos;<\/li>\n<li>Oferecer cess\u00e3o ou doa\u00e7\u00e3o de pr\u00e9dios p\u00fablicos municipais abandonados nos distritos;<\/li>\n<li>Viabilizar junto ao Governo Federal e Estadual a constru\u00e7\u00e3o de uma unidade da CONAB incluindo o fornecimento do milho subsidiado;<\/li>\n<li>Promover aprova\u00e7\u00e3o da pol\u00edtica municipal de conviv\u00eancia com o semi\u00e1rido;<\/li>\n<li>Incentivar projetos novos e a manuten\u00e7\u00e3o dos que est\u00e3o em andamento relacionados a compreens\u00e3o das pol\u00edticas de conviv\u00eancia com o semi\u00e1rido;<\/li>\n<li>Recuperar as estradas vicinais dos distritos;<\/li>\n<li>Ampliar a constru\u00e7\u00e3o de sanit\u00e1rios para resid\u00eancias rurais;<\/li>\n<li>Investir em cisternas com o objetivo de reservar \u00e1gua para consumo humano;<\/li>\n<li>Fornecer \u00e1gua encanada em 100 % das resid\u00eancias;<\/li>\n<li>Despoluir o rio Salitre;<\/li>\n<li>Incentivar \u00e0 cria\u00e7\u00e3o de cooperativas para o plantio de hortas org\u00e2nicas.<\/li>\n<\/ul>\n<ul style=\"text-align: justify;\">\n<li style=\"list-style-type: none;\"><\/li>\n<\/ul>\n<p style=\"text-align: justify;\">Muitos dizem que o candidato que n\u00e3o cumpre essas promessas comete o &#8220;crime de estelionato eleitoral&#8221;. Embora n\u00e3o seja ainda tipificado como crime o ato pol\u00edtico de prometer e n\u00e3o cumprir, tramita na C\u00e2mara dos Deputados alguns Projetos de Leis que visam punir o candidato que faz promessas e n\u00e3o cumpre.<\/p>\n<p style=\"text-align: justify;\">Confira o programa de governo de Paulo Bomfim\u00a0 de 2016:<\/p>\n<p style=\"text-align: justify;\"><a href=\"https:\/\/blogopara.com.br\/wp-content\/uploads\/2020\/11\/PROGRAMA-DE-GOVERNO-Pra-Juazeiro-Mudar-Mais-2016-Atualizado.pdf\">PROGRAMA-DE-GOVERNO-Pra-Juazeiro-Mudar-Mais-2016-Atualizado<\/a><\/p>\n","protected":false},"excerpt":{"rendered":"<p>\u00c0s v\u00e9speras de uma elei\u00e7\u00e3o sempre o momento de avaliar a gest\u00e3o, principalmente das promessas feitas durante a campanha anterior, atrav\u00e9s do Plano de Governo. O Plano de Governo s\u00e3o as promessas que os candidatos mostram ao eleitor o que pretendem fazer para melhorar a sua cidade, o seu estado ou pa\u00eds. \u00c9 por esse [&hellip;]<\/p>\n","protected":false},"author":1,"featured_media":16054,"comment_status":"open","ping_status":"open","sticky":false,"template":"","format":"standard","meta":{"_uag_custom_page_level_css":"","_monsterinsights_skip_tracking":false,"_monsterinsights_sitenote_active":false,"_monsterinsights_sitenote_note":"","_monsterinsights_sitenote_category":0,"jetpack_post_was_ever_published":false,"_jetpack_newsletter_access":"","_jetpack_dont_email_post_to_subs":false,"_jetpack_newsletter_tier_id":0,"_jetpack_memberships_contains_paywalled_content":false,"_jetpack_memberships_contains_paid_content":false,"footnotes":"","jetpack_publicize_message":"","jetpack_publicize_feature_enabled":true,"jetpack_social_post_already_shared":true,"jetpack_social_options":{"image_generator_settings":{"template":"highway","default_image_id":0,"font":"","enabled":false},"version":2}},"categories":[203,197],"tags":[],"class_list":["post-16048","post","type-post","status-publish","format-standard","has-post-thumbnail","hentry","category-juazeiro","category-politica"],"jetpack_publicize_connections":[],"jetpack_featured_media_url":"https:\/\/blogopara.com.br\/wp-content\/uploads\/2020\/11\/Capturar22222222.jpg","uagb_featured_image_src":{"full":["https:\/\/blogopara.com.br\/wp-content\/uploads\/2020\/11\/Capturar22222222.jpg",402,513,false],"thumbnail":["https:\/\/blogopara.com.br\/wp-content\/uploads\/2020\/11\/Capturar22222222-150x150.jpg",150,150,true],"medium":["https:\/\/blogopara.com.br\/wp-content\/uploads\/2020\/11\/Capturar22222222-235x300.jpg",235,300,true],"medium_large":["https:\/\/blogopara.com.br\/wp-content\/uploads\/2020\/11\/Capturar22222222.jpg",402,513,false],"large":["https:\/\/blogopara.com.br\/wp-content\/uploads\/2020\/11\/Capturar22222222.jpg",402,513,false],"1536x1536":["https:\/\/blogopara.com.br\/wp-content\/uploads\/2020\/11\/Capturar22222222.jpg",402,513,false],"2048x2048":["https:\/\/blogopara.com.br\/wp-content\/uploads\/2020\/11\/Capturar22222222.jpg",402,513,false],"mantranews-slider-large":["https:\/\/blogopara.com.br\/wp-content\/uploads\/2020\/11\/Capturar22222222.jpg",402,513,false],"mantranews-featured-medium":["https:\/\/blogopara.com.br\/wp-content\/uploads\/2020\/11\/Capturar22222222-402x307.jpg",402,307,true],"mantranews-featured-long":["https:\/\/blogopara.com.br\/wp-content\/uploads\/2020\/11\/Capturar22222222-300x443.jpg",300,443,true],"mantranews-block-medium":["https:\/\/blogopara.com.br\/wp-content\/uploads\/2020\/11\/Capturar22222222-402x290.jpg",402,290,true],"mantranews-carousel-image":["https:\/\/blogopara.com.br\/wp-content\/uploads\/2020\/11\/Capturar22222222-402x500.jpg",402,500,true],"mantranews-block-thumb":["https:\/\/blogopara.com.br\/wp-content\/uploads\/2020\/11\/Capturar22222222-322x230.jpg",322,230,true],"mantranews-single-large":["https:\/\/blogopara.com.br\/wp-content\/uploads\/2020\/11\/Capturar22222222.jpg",402,513,false]},"uagb_author_info":{"display_name":"Reda\u00e7\u00e3o geral","author_link":"https:\/\/blogopara.com.br\/index.php\/author\/blogopara"},"uagb_comment_info":0,"uagb_excerpt":"\u00c0s v\u00e9speras de uma elei\u00e7\u00e3o sempre o momento de avaliar a gest\u00e3o, principalmente das promessas feitas durante a campanha anterior, atrav\u00e9s do Plano de Governo. O Plano de Governo s\u00e3o as promessas que os candidatos mostram ao eleitor o que pretendem fazer para melhorar a sua cidade, o seu estado ou pa\u00eds. \u00c9 por esse&hellip;","jetpack_sharing_enabled":true,"jetpack_likes_enabled":true,"_links":{"self":[{"href":"https:\/\/blogopara.com.br\/index.php\/wp-json\/wp\/v2\/posts\/16048","targetHints":{"allow":["GET"]}}],"collection":[{"href":"https:\/\/blogopara.com.br\/index.php\/wp-json\/wp\/v2\/posts"}],"about":[{"href":"https:\/\/blogopara.com.br\/index.php\/wp-json\/wp\/v2\/types\/post"}],"author":[{"embeddable":true,"href":"https:\/\/blogopara.com.br\/index.php\/wp-json\/wp\/v2\/users\/1"}],"replies":[{"embeddable":true,"href":"https:\/\/blogopara.com.br\/index.php\/wp-json\/wp\/v2\/comments?post=16048"}],"version-history":[{"count":13,"href":"https:\/\/blogopara.com.br\/index.php\/wp-json\/wp\/v2\/posts\/16048\/revisions"}],"predecessor-version":[{"id":16068,"href":"https:\/\/blogopara.com.br\/index.php\/wp-json\/wp\/v2\/posts\/16048\/revisions\/16068"}],"wp:featuredmedia":[{"embeddable":true,"href":"https:\/\/blogopara.com.br\/index.php\/wp-json\/wp\/v2\/media\/16054"}],"wp:attachment":[{"href":"https:\/\/blogopara.com.br\/index.php\/wp-json\/wp\/v2\/media?parent=16048"}],"wp:term":[{"taxonomy":"category","embeddable":true,"href":"https:\/\/blogopara.com.br\/index.php\/wp-json\/wp\/v2\/categories?post=16048"},{"taxonomy":"post_tag","embeddable":true,"href":"https:\/\/blogopara.com.br\/index.php\/wp-json\/wp\/v2\/tags?post=16048"}],"curies":[{"name":"wp","href":"https:\/\/api.w.org\/{rel}","templated":true}]}}