{"id":16099,"date":"2020-11-11T09:03:39","date_gmt":"2020-11-11T12:03:39","guid":{"rendered":"http:\/\/blogopara.com.br\/?p=16099"},"modified":"2020-11-11T09:03:43","modified_gmt":"2020-11-11T12:03:43","slug":"leitor-denuncia-esgotos-represados-no-bairro-monte-castelo-em-juazeiro","status":"publish","type":"post","link":"https:\/\/blogopara.com.br\/index.php\/2020\/11\/11\/leitor-denuncia-esgotos-represados-no-bairro-monte-castelo-em-juazeiro","title":{"rendered":"Leitor denuncia esgotos represados no bairro Monte Castelo em Juazeiro"},"content":{"rendered":"<p style=\"text-align: justify;\">Preocupado com a possibilidade de chuvas na regi\u00e3o, o leitor S\u00e9rgio Cerqueira Rios enviou fotos de esgotos represados no bairro Monte Castelo, chamando \u00e0 aten\u00e7\u00e3o dos \u00f3rg\u00e3os competentes para uma solu\u00e7\u00e3o urgente.<\/p>\n<p style=\"text-align: justify;\">Segundo o leitor esses esgotos ficam no contorno Av. Lula com Monte Castelo. &#8220;O acumulo \u00e9 da \u00faltima chuva e se chover novamente ser\u00e1 uma trag\u00e9dia para os moradores daquela regi\u00e3o\u201d, exp\u00f4s cobrando uma provid\u00eancia.<\/p>\n<p style=\"text-align: justify;\">Fonte de informa\u00e7\u00f5es: RedeGN<\/p>\n","protected":false},"excerpt":{"rendered":"<p>Preocupado com a possibilidade de chuvas na regi\u00e3o, o leitor S\u00e9rgio Cerqueira Rios enviou fotos de esgotos represados no bairro Monte Castelo, chamando \u00e0 aten\u00e7\u00e3o dos \u00f3rg\u00e3os competentes para uma solu\u00e7\u00e3o urgente. Segundo o leitor esses esgotos ficam no contorno Av. Lula com Monte Castelo. &#8220;O acumulo \u00e9 da \u00faltima chuva e se chover novamente [&hellip;]<\/p>\n","protected":false},"author":1,"featured_media":16100,"comment_status":"open","ping_status":"open","sticky":false,"template":"","format":"standard","meta":{"_uag_custom_page_level_css":"","_monsterinsights_skip_tracking":false,"_monsterinsights_sitenote_active":false,"_monsterinsights_sitenote_note":"","_monsterinsights_sitenote_category":0,"jetpack_post_was_ever_published":false,"_jetpack_newsletter_access":"","_jetpack_dont_email_post_to_subs":false,"_jetpack_newsletter_tier_id":0,"_jetpack_memberships_contains_paywalled_content":false,"_jetpack_memberships_contains_paid_content":false,"footnotes":"","jetpack_publicize_message":"","jetpack_publicize_feature_enabled":true,"jetpack_social_post_already_shared":true,"jetpack_social_options":{"image_generator_settings":{"template":"highway","default_image_id":0,"font":"","enabled":false},"version":2}},"categories":[203,205],"tags":[],"class_list":["post-16099","post","type-post","status-publish","format-standard","has-post-thumbnail","hentry","category-juazeiro","category-saude"],"jetpack_publicize_connections":[],"jetpack_featured_media_url":"https:\/\/blogopara.com.br\/wp-content\/uploads\/2020\/11\/esgotos1.jpg","uagb_featured_image_src":{"full":["https:\/\/blogopara.com.br\/wp-content\/uploads\/2020\/11\/esgotos1.jpg",500,280,false],"thumbnail":["https:\/\/blogopara.com.br\/wp-content\/uploads\/2020\/11\/esgotos1-150x150.jpg",150,150,true],"medium":["https:\/\/blogopara.com.br\/wp-content\/uploads\/2020\/11\/esgotos1-300x168.jpg",300,168,true],"medium_large":["https:\/\/blogopara.com.br\/wp-content\/uploads\/2020\/11\/esgotos1.jpg",500,280,false],"large":["https:\/\/blogopara.com.br\/wp-content\/uploads\/2020\/11\/esgotos1.jpg",500,280,false],"1536x1536":["https:\/\/blogopara.com.br\/wp-content\/uploads\/2020\/11\/esgotos1.jpg",500,280,false],"2048x2048":["https:\/\/blogopara.com.br\/wp-content\/uploads\/2020\/11\/esgotos1.jpg",500,280,false],"mantranews-slider-large":["https:\/\/blogopara.com.br\/wp-content\/uploads\/2020\/11\/esgotos1.jpg",500,280,false],"mantranews-featured-medium":["https:\/\/blogopara.com.br\/wp-content\/uploads\/2020\/11\/esgotos1-420x280.jpg",420,280,true],"mantranews-featured-long":["https:\/\/blogopara.com.br\/wp-content\/uploads\/2020\/11\/esgotos1-300x280.jpg",300,280,true],"mantranews-block-medium":["https:\/\/blogopara.com.br\/wp-content\/uploads\/2020\/11\/esgotos1-464x280.jpg",464,280,true],"mantranews-carousel-image":["https:\/\/blogopara.com.br\/wp-content\/uploads\/2020\/11\/esgotos1.jpg",500,280,false],"mantranews-block-thumb":["https:\/\/blogopara.com.br\/wp-content\/uploads\/2020\/11\/esgotos1-322x230.jpg",322,230,true],"mantranews-single-large":["https:\/\/blogopara.com.br\/wp-content\/uploads\/2020\/11\/esgotos1.jpg",500,280,false]},"uagb_author_info":{"display_name":"Reda\u00e7\u00e3o geral","author_link":"https:\/\/blogopara.com.br\/index.php\/author\/blogopara"},"uagb_comment_info":1,"uagb_excerpt":"Preocupado com a possibilidade de chuvas na regi\u00e3o, o leitor S\u00e9rgio Cerqueira Rios enviou fotos de esgotos represados no bairro Monte Castelo, chamando \u00e0 aten\u00e7\u00e3o dos \u00f3rg\u00e3os competentes para uma solu\u00e7\u00e3o urgente. Segundo o leitor esses esgotos ficam no contorno Av. Lula com Monte Castelo. &#8220;O acumulo \u00e9 da \u00faltima chuva e se chover novamente&hellip;","jetpack_sharing_enabled":true,"jetpack_likes_enabled":true,"_links":{"self":[{"href":"https:\/\/blogopara.com.br\/index.php\/wp-json\/wp\/v2\/posts\/16099","targetHints":{"allow":["GET"]}}],"collection":[{"href":"https:\/\/blogopara.com.br\/index.php\/wp-json\/wp\/v2\/posts"}],"about":[{"href":"https:\/\/blogopara.com.br\/index.php\/wp-json\/wp\/v2\/types\/post"}],"author":[{"embeddable":true,"href":"https:\/\/blogopara.com.br\/index.php\/wp-json\/wp\/v2\/users\/1"}],"replies":[{"embeddable":true,"href":"https:\/\/blogopara.com.br\/index.php\/wp-json\/wp\/v2\/comments?post=16099"}],"version-history":[{"count":1,"href":"https:\/\/blogopara.com.br\/index.php\/wp-json\/wp\/v2\/posts\/16099\/revisions"}],"predecessor-version":[{"id":16101,"href":"https:\/\/blogopara.com.br\/index.php\/wp-json\/wp\/v2\/posts\/16099\/revisions\/16101"}],"wp:featuredmedia":[{"embeddable":true,"href":"https:\/\/blogopara.com.br\/index.php\/wp-json\/wp\/v2\/media\/16100"}],"wp:attachment":[{"href":"https:\/\/blogopara.com.br\/index.php\/wp-json\/wp\/v2\/media?parent=16099"}],"wp:term":[{"taxonomy":"category","embeddable":true,"href":"https:\/\/blogopara.com.br\/index.php\/wp-json\/wp\/v2\/categories?post=16099"},{"taxonomy":"post_tag","embeddable":true,"href":"https:\/\/blogopara.com.br\/index.php\/wp-json\/wp\/v2\/tags?post=16099"}],"curies":[{"name":"wp","href":"https:\/\/api.w.org\/{rel}","templated":true}]}}