{"id":16191,"date":"2020-11-14T11:39:23","date_gmt":"2020-11-14T14:39:23","guid":{"rendered":"http:\/\/blogopara.com.br\/?p=16191"},"modified":"2020-11-14T11:39:36","modified_gmt":"2020-11-14T14:39:36","slug":"parque-da-cidade-justica-determina-que-prefeitura-de-juazeiro-indenize-em-mais-de-r-2-milhoes-de-reais-donos-de-propriedade-invadida","status":"publish","type":"post","link":"https:\/\/blogopara.com.br\/index.php\/2020\/11\/14\/parque-da-cidade-justica-determina-que-prefeitura-de-juazeiro-indenize-em-mais-de-r-2-milhoes-de-reais-donos-de-propriedade-invadida","title":{"rendered":"Parque da Cidade: Justi\u00e7a determina que prefeitura de Juazeiro indenize em mais de R$ 2 milh\u00f5es de reais, donos de propriedade  invadida"},"content":{"rendered":"<p style=\"text-align: justify;\">Em a\u00e7\u00e3o movida pelos donos da propriedade, o Juiz de Direito da 1\u00aa Vara da Fazenda P\u00fablica da Comarca de Juazeiro determinou nesta sexta-feira (13) a interrup\u00e7\u00e3o imediata de todas as obras referentes ao Parque da Cidade no terreno de propriedade privada, at\u00e9 que seja efetuado o pagamento de indeniza\u00e7\u00e3o pr\u00e9via em dinheiro.<\/p>\n<p style=\"text-align: justify;\">Os propriet\u00e1rios que possuem um terreno localizado na avenida Pedro Raimundo Rodrigues Rego, no bairro Malhada da Areia, comprovaram que a prefeitura de Juazeiro invadiu o local e est\u00e1 utilizando 54% de uma \u00e1rea de 81.100 m\u00b2 de propriedade privada desde 2017, para a constru\u00e7\u00e3o das obras do Parque da Cidade.<\/p>\n<p style=\"text-align: justify;\">O Parque da cidade \u00e9 uma obra p\u00fablica municipal em andamento, com uma \u00e1rea de 43.000 m\u00b2 e investimentos no valor de R$ 4 milh\u00f5es de reais. De acordo com dados da prefeitura, a obra at\u00e9 junho de 2020, possu\u00eda apenas 40% dos servi\u00e7os conclu\u00eddos.<\/p>\n<p style=\"text-align: justify;\">O juiz Jos\u00e9 Goes Silva Filho deferiu a a\u00e7\u00e3o e determinou a interrup\u00e7\u00e3o imediata de qualquer obra que esteja em andamento no terreno, at\u00e9 que seja efetuada indeniza\u00e7\u00e3o em dinheiro, no valor de R$ 2.502.827,10 referente a parte do terreno invadida, que corresponde a 43.794 m\u00b2.<\/p>\n<p style=\"text-align: justify;\"><img decoding=\"async\" src=\"http:\/\/acaopopular.net\/jornal\/wp-content\/uploads\/2020\/11\/parque-da-cidade-620x350.jpg\" \/><\/p>\n<p style=\"text-align: justify;\">Fonte: JAP<\/p>\n","protected":false},"excerpt":{"rendered":"<p>Em a\u00e7\u00e3o movida pelos donos da propriedade, o Juiz de Direito da 1\u00aa Vara da Fazenda P\u00fablica da Comarca de Juazeiro determinou nesta sexta-feira (13) a interrup\u00e7\u00e3o imediata de todas as obras referentes ao Parque da Cidade no terreno de propriedade privada, at\u00e9 que seja efetuado o pagamento de indeniza\u00e7\u00e3o pr\u00e9via em dinheiro. Os propriet\u00e1rios [&hellip;]<\/p>\n","protected":false},"author":1,"featured_media":16192,"comment_status":"open","ping_status":"open","sticky":false,"template":"","format":"standard","meta":{"_uag_custom_page_level_css":"","_monsterinsights_skip_tracking":false,"_monsterinsights_sitenote_active":false,"_monsterinsights_sitenote_note":"","_monsterinsights_sitenote_category":0,"jetpack_post_was_ever_published":false,"_jetpack_newsletter_access":"","_jetpack_dont_email_post_to_subs":false,"_jetpack_newsletter_tier_id":0,"_jetpack_memberships_contains_paywalled_content":false,"_jetpack_memberships_contains_paid_content":false,"footnotes":"","jetpack_publicize_message":"","jetpack_publicize_feature_enabled":true,"jetpack_social_post_already_shared":true,"jetpack_social_options":{"image_generator_settings":{"template":"highway","default_image_id":0,"font":"","enabled":false},"version":2}},"categories":[203,197],"tags":[],"class_list":["post-16191","post","type-post","status-publish","format-standard","has-post-thumbnail","hentry","category-juazeiro","category-politica"],"jetpack_publicize_connections":[],"jetpack_featured_media_url":"https:\/\/blogopara.com.br\/wp-content\/uploads\/2020\/11\/parque-da-cidade-3.jpeg","uagb_featured_image_src":{"full":["https:\/\/blogopara.com.br\/wp-content\/uploads\/2020\/11\/parque-da-cidade-3.jpeg",500,604,false],"thumbnail":["https:\/\/blogopara.com.br\/wp-content\/uploads\/2020\/11\/parque-da-cidade-3-150x150.jpeg",150,150,true],"medium":["https:\/\/blogopara.com.br\/wp-content\/uploads\/2020\/11\/parque-da-cidade-3-248x300.jpeg",248,300,true],"medium_large":["https:\/\/blogopara.com.br\/wp-content\/uploads\/2020\/11\/parque-da-cidade-3.jpeg",500,604,false],"large":["https:\/\/blogopara.com.br\/wp-content\/uploads\/2020\/11\/parque-da-cidade-3.jpeg",500,604,false],"1536x1536":["https:\/\/blogopara.com.br\/wp-content\/uploads\/2020\/11\/parque-da-cidade-3.jpeg",500,604,false],"2048x2048":["https:\/\/blogopara.com.br\/wp-content\/uploads\/2020\/11\/parque-da-cidade-3.jpeg",500,604,false],"mantranews-slider-large":["https:\/\/blogopara.com.br\/wp-content\/uploads\/2020\/11\/parque-da-cidade-3.jpeg",500,604,false],"mantranews-featured-medium":["https:\/\/blogopara.com.br\/wp-content\/uploads\/2020\/11\/parque-da-cidade-3-420x307.jpeg",420,307,true],"mantranews-featured-long":["https:\/\/blogopara.com.br\/wp-content\/uploads\/2020\/11\/parque-da-cidade-3-300x443.jpeg",300,443,true],"mantranews-block-medium":["https:\/\/blogopara.com.br\/wp-content\/uploads\/2020\/11\/parque-da-cidade-3-464x290.jpeg",464,290,true],"mantranews-carousel-image":["https:\/\/blogopara.com.br\/wp-content\/uploads\/2020\/11\/parque-da-cidade-3-500x500.jpeg",500,500,true],"mantranews-block-thumb":["https:\/\/blogopara.com.br\/wp-content\/uploads\/2020\/11\/parque-da-cidade-3-322x230.jpeg",322,230,true],"mantranews-single-large":["https:\/\/blogopara.com.br\/wp-content\/uploads\/2020\/11\/parque-da-cidade-3.jpeg",500,604,false]},"uagb_author_info":{"display_name":"Reda\u00e7\u00e3o geral","author_link":"https:\/\/blogopara.com.br\/index.php\/author\/blogopara"},"uagb_comment_info":0,"uagb_excerpt":"Em a\u00e7\u00e3o movida pelos donos da propriedade, o Juiz de Direito da 1\u00aa Vara da Fazenda P\u00fablica da Comarca de Juazeiro determinou nesta sexta-feira (13) a interrup\u00e7\u00e3o imediata de todas as obras referentes ao Parque da Cidade no terreno de propriedade privada, at\u00e9 que seja efetuado o pagamento de indeniza\u00e7\u00e3o pr\u00e9via em dinheiro. Os propriet\u00e1rios&hellip;","jetpack_sharing_enabled":true,"jetpack_likes_enabled":true,"_links":{"self":[{"href":"https:\/\/blogopara.com.br\/index.php\/wp-json\/wp\/v2\/posts\/16191","targetHints":{"allow":["GET"]}}],"collection":[{"href":"https:\/\/blogopara.com.br\/index.php\/wp-json\/wp\/v2\/posts"}],"about":[{"href":"https:\/\/blogopara.com.br\/index.php\/wp-json\/wp\/v2\/types\/post"}],"author":[{"embeddable":true,"href":"https:\/\/blogopara.com.br\/index.php\/wp-json\/wp\/v2\/users\/1"}],"replies":[{"embeddable":true,"href":"https:\/\/blogopara.com.br\/index.php\/wp-json\/wp\/v2\/comments?post=16191"}],"version-history":[{"count":2,"href":"https:\/\/blogopara.com.br\/index.php\/wp-json\/wp\/v2\/posts\/16191\/revisions"}],"predecessor-version":[{"id":16194,"href":"https:\/\/blogopara.com.br\/index.php\/wp-json\/wp\/v2\/posts\/16191\/revisions\/16194"}],"wp:featuredmedia":[{"embeddable":true,"href":"https:\/\/blogopara.com.br\/index.php\/wp-json\/wp\/v2\/media\/16192"}],"wp:attachment":[{"href":"https:\/\/blogopara.com.br\/index.php\/wp-json\/wp\/v2\/media?parent=16191"}],"wp:term":[{"taxonomy":"category","embeddable":true,"href":"https:\/\/blogopara.com.br\/index.php\/wp-json\/wp\/v2\/categories?post=16191"},{"taxonomy":"post_tag","embeddable":true,"href":"https:\/\/blogopara.com.br\/index.php\/wp-json\/wp\/v2\/tags?post=16191"}],"curies":[{"name":"wp","href":"https:\/\/api.w.org\/{rel}","templated":true}]}}