{"id":16224,"date":"2020-11-16T08:16:26","date_gmt":"2020-11-16T11:16:26","guid":{"rendered":"http:\/\/blogopara.com.br\/?p=16224"},"modified":"2020-11-16T11:28:50","modified_gmt":"2020-11-16T14:28:50","slug":"juazeiro-suzana-mostra-que-governara-para-os-juazeirenses-festa-e-adiada-em-respeito-a-morte-de-ze-carlos-tanuri","status":"publish","type":"post","link":"https:\/\/blogopara.com.br\/index.php\/2020\/11\/16\/juazeiro-suzana-mostra-que-governara-para-os-juazeirenses-festa-e-adiada-em-respeito-a-morte-de-ze-carlos-tanuri","title":{"rendered":"Juazeiro: Suzana mostra que governar\u00e1 para os juazeirenses. Festa \u00e9 adiada em respeito pela morte de Z\u00e9 Carlos Tanuri"},"content":{"rendered":"<p style=\"text-align: justify;\">Mesmo com os ataques que sofreu durante a campanha, partindo principalmente do vereador Alex Tanuri (PP), a prefeita eleita de Juazeiro Suzana Ramos, num grande exemplo de respeito e solidariedade a Fam\u00edlia Tanuri, adia a festa da vit\u00f3ria.<\/p>\n<p>Confira a nota:<\/p>\n<p style=\"text-align: justify;\">A vit\u00f3ria do povo que merece todas as comemora\u00e7\u00f5es ser\u00e1 adiada. A coordena\u00e7\u00e3o de campanha de Suzana Ramos e Leonardo Bandeira, prefeita e vice prefeito eleitos em Juazeiro, adiou a comemora\u00e7\u00e3o que estava marcada para esse domingo de elei\u00e7\u00e3o.<\/p>\n<p>Em respeito a mem\u00f3ria do ex-vereador Jos\u00e9 Carlos Tanuri, falecido neste domingo (15), Suzana n\u00e3o quer uma festa nesse dia.<\/p>\n<p style=\"text-align: justify;\">Na pr\u00f3xima ter\u00e7a-feira (17), Suzana sair\u00e1 \u00e0s ruas para celebrar com o povo de Juazeiro &nbsp;que mostrou nas urnas, que deseja construir um novo tempo.<\/p>\n<p style=\"text-align: justify;\">Coordena\u00e7\u00e3o de campanha de Suzana Ramos e Leonardo Bandeira<\/p>\n","protected":false},"excerpt":{"rendered":"<p>Mesmo com os ataques que sofreu durante a campanha, partindo principalmente do vereador Alex Tanuri (PP), a prefeita eleita de Juazeiro Suzana Ramos, num grande exemplo de respeito e solidariedade a Fam\u00edlia Tanuri, adia a festa da vit\u00f3ria. Confira a nota: A vit\u00f3ria do povo que merece todas as comemora\u00e7\u00f5es ser\u00e1 adiada. A coordena\u00e7\u00e3o de [&hellip;]<\/p>\n","protected":false},"author":1,"featured_media":16226,"comment_status":"open","ping_status":"open","sticky":false,"template":"","format":"standard","meta":{"_uag_custom_page_level_css":"","_monsterinsights_skip_tracking":false,"_monsterinsights_sitenote_active":false,"_monsterinsights_sitenote_note":"","_monsterinsights_sitenote_category":0,"jetpack_post_was_ever_published":false,"_jetpack_newsletter_access":"","_jetpack_dont_email_post_to_subs":false,"_jetpack_newsletter_tier_id":0,"_jetpack_memberships_contains_paywalled_content":false,"_jetpack_memberships_contains_paid_content":false,"footnotes":"","jetpack_publicize_message":"","jetpack_publicize_feature_enabled":true,"jetpack_social_post_already_shared":true,"jetpack_social_options":{"image_generator_settings":{"template":"highway","default_image_id":0,"font":"","enabled":false},"version":2}},"categories":[203,197],"tags":[],"class_list":["post-16224","post","type-post","status-publish","format-standard","has-post-thumbnail","hentry","category-juazeiro","category-politica"],"jetpack_publicize_connections":[],"jetpack_featured_media_url":"https:\/\/blogopara.com.br\/wp-content\/uploads\/2020\/11\/SuzanaeleitaemJuazeiroBA.jpeg","uagb_featured_image_src":{"full":["https:\/\/blogopara.com.br\/wp-content\/uploads\/2020\/11\/SuzanaeleitaemJuazeiroBA.jpeg",500,332,false],"thumbnail":["https:\/\/blogopara.com.br\/wp-content\/uploads\/2020\/11\/SuzanaeleitaemJuazeiroBA-150x150.jpeg",150,150,true],"medium":["https:\/\/blogopara.com.br\/wp-content\/uploads\/2020\/11\/SuzanaeleitaemJuazeiroBA-300x199.jpeg",300,199,true],"medium_large":["https:\/\/blogopara.com.br\/wp-content\/uploads\/2020\/11\/SuzanaeleitaemJuazeiroBA.jpeg",500,332,false],"large":["https:\/\/blogopara.com.br\/wp-content\/uploads\/2020\/11\/SuzanaeleitaemJuazeiroBA.jpeg",500,332,false],"1536x1536":["https:\/\/blogopara.com.br\/wp-content\/uploads\/2020\/11\/SuzanaeleitaemJuazeiroBA.jpeg",500,332,false],"2048x2048":["https:\/\/blogopara.com.br\/wp-content\/uploads\/2020\/11\/SuzanaeleitaemJuazeiroBA.jpeg",500,332,false],"mantranews-slider-large":["https:\/\/blogopara.com.br\/wp-content\/uploads\/2020\/11\/SuzanaeleitaemJuazeiroBA.jpeg",500,332,false],"mantranews-featured-medium":["https:\/\/blogopara.com.br\/wp-content\/uploads\/2020\/11\/SuzanaeleitaemJuazeiroBA-420x307.jpeg",420,307,true],"mantranews-featured-long":["https:\/\/blogopara.com.br\/wp-content\/uploads\/2020\/11\/SuzanaeleitaemJuazeiroBA-300x332.jpeg",300,332,true],"mantranews-block-medium":["https:\/\/blogopara.com.br\/wp-content\/uploads\/2020\/11\/SuzanaeleitaemJuazeiroBA-464x290.jpeg",464,290,true],"mantranews-carousel-image":["https:\/\/blogopara.com.br\/wp-content\/uploads\/2020\/11\/SuzanaeleitaemJuazeiroBA.jpeg",500,332,false],"mantranews-block-thumb":["https:\/\/blogopara.com.br\/wp-content\/uploads\/2020\/11\/SuzanaeleitaemJuazeiroBA-322x230.jpeg",322,230,true],"mantranews-single-large":["https:\/\/blogopara.com.br\/wp-content\/uploads\/2020\/11\/SuzanaeleitaemJuazeiroBA.jpeg",500,332,false]},"uagb_author_info":{"display_name":"Reda\u00e7\u00e3o geral","author_link":"https:\/\/blogopara.com.br\/index.php\/author\/blogopara"},"uagb_comment_info":0,"uagb_excerpt":"Mesmo com os ataques que sofreu durante a campanha, partindo principalmente do vereador Alex Tanuri (PP), a prefeita eleita de Juazeiro Suzana Ramos, num grande exemplo de respeito e solidariedade a Fam\u00edlia Tanuri, adia a festa da vit\u00f3ria. Confira a nota: A vit\u00f3ria do povo que merece todas as comemora\u00e7\u00f5es ser\u00e1 adiada. A coordena\u00e7\u00e3o de&hellip;","jetpack_sharing_enabled":true,"jetpack_likes_enabled":true,"_links":{"self":[{"href":"https:\/\/blogopara.com.br\/index.php\/wp-json\/wp\/v2\/posts\/16224","targetHints":{"allow":["GET"]}}],"collection":[{"href":"https:\/\/blogopara.com.br\/index.php\/wp-json\/wp\/v2\/posts"}],"about":[{"href":"https:\/\/blogopara.com.br\/index.php\/wp-json\/wp\/v2\/types\/post"}],"author":[{"embeddable":true,"href":"https:\/\/blogopara.com.br\/index.php\/wp-json\/wp\/v2\/users\/1"}],"replies":[{"embeddable":true,"href":"https:\/\/blogopara.com.br\/index.php\/wp-json\/wp\/v2\/comments?post=16224"}],"version-history":[{"count":4,"href":"https:\/\/blogopara.com.br\/index.php\/wp-json\/wp\/v2\/posts\/16224\/revisions"}],"predecessor-version":[{"id":16242,"href":"https:\/\/blogopara.com.br\/index.php\/wp-json\/wp\/v2\/posts\/16224\/revisions\/16242"}],"wp:featuredmedia":[{"embeddable":true,"href":"https:\/\/blogopara.com.br\/index.php\/wp-json\/wp\/v2\/media\/16226"}],"wp:attachment":[{"href":"https:\/\/blogopara.com.br\/index.php\/wp-json\/wp\/v2\/media?parent=16224"}],"wp:term":[{"taxonomy":"category","embeddable":true,"href":"https:\/\/blogopara.com.br\/index.php\/wp-json\/wp\/v2\/categories?post=16224"},{"taxonomy":"post_tag","embeddable":true,"href":"https:\/\/blogopara.com.br\/index.php\/wp-json\/wp\/v2\/tags?post=16224"}],"curies":[{"name":"wp","href":"https:\/\/api.w.org\/{rel}","templated":true}]}}