{"id":16231,"date":"2020-11-16T09:02:12","date_gmt":"2020-11-16T12:02:12","guid":{"rendered":"http:\/\/blogopara.com.br\/?p=16231"},"modified":"2020-11-16T09:02:17","modified_gmt":"2020-11-16T12:02:17","slug":"juazeiro-confira-a-lista-de-vereadores-eleitos-para-a-camara-municipal","status":"publish","type":"post","link":"https:\/\/blogopara.com.br\/index.php\/2020\/11\/16\/juazeiro-confira-a-lista-de-vereadores-eleitos-para-a-camara-municipal","title":{"rendered":"Juazeiro: Confira a lista de vereadores eleitos para a C\u00e2mara Municipal"},"content":{"rendered":"<p style=\"text-align: justify;\">Com 100% dos votos apurados para vereador em Juazeiro a regra de proporcionalidade estabelecida pelo TSE aponta quem s\u00e3o os partidos e os nomes dos candidatos que garantiram as 21 vagas dispon\u00edveis no legislativo juazeirense.<\/p>\n<p><strong>Confira a lista dos eleitos para a C\u00e2mara municipal de Juazeiro:<\/strong><\/p>\n<p><strong>PCdoB (Vagas: 3)<\/strong><\/p>\n<ul>\n<li>DR. SALVADOR CARVALHO \u2013\u00a0 2.055\u00a0votos<\/li>\n<li>LOURIVAL QUIRINO \u2013 1.933\u00a0votos<\/li>\n<li>MITU DO SINDICATO\u00a01.664\u00a0votos<\/li>\n<\/ul>\n<p><strong>PDT (Vagas: 3)<\/strong><\/p>\n<ul>\n<li>DIONISIO GOMES \u00a0\u2013 1.867\u00a0votos<\/li>\n<li>GLEIDSON AZEVEDO \u2013 1.748<\/li>\n<li>BERG DA CARNA\u00cdBA\u00a0\u2013 1.568\u00a0votos<\/li>\n<\/ul>\n<p><strong>PRTB (Vagas: 3)<\/strong><\/p>\n<ul>\n<li>ASSIS DA APOLO\u00a0\u2013 2.059\u00a0votos<\/li>\n<li>GILDASIO SOARES \u2013 2.019\u00a0votos<\/li>\n<li>MUNDECO\u00a0\u2013 1.089\u00a0votos<\/li>\n<\/ul>\n<p><strong>PP (Vagas: 2)<\/strong><\/p>\n<ul>\n<li>ALEX TANURI \u2013 2.383 votos<\/li>\n<li>AMADEUS \u2013 2.315\u00a0votos<\/li>\n<\/ul>\n<p><strong>PT (Vagas: 2)<\/strong><\/p>\n<ul>\n<li>JEAN GOMES\u00a01.769\u00a0votos<\/li>\n<li>LUCIANO DO VALLE\u00a0\u2013 1.439\u00a0votos<\/li>\n<\/ul>\n<p><strong>PSD (Vagas: 1)<\/strong><\/p>\n<ul>\n<li>GLEIDSON MEDRADO \u2013 2.015\u00a0votos<\/li>\n<\/ul>\n<p><strong>PTC (Vagas: 1)<\/strong><\/p>\n<ul>\n<li>ANIBAL \u00a0\u2013 1.495 votos<\/li>\n<\/ul>\n<p><strong>PSDB (Vagas: 1)<\/strong><\/p>\n<ul>\n<li>BEN\u00c9 MARQUES\u00a0\u2013 1.989\u00a0votos<\/li>\n<\/ul>\n<p><strong>Patriota (Vagas: 1)<\/strong><\/p>\n<ul>\n<li>NALVINHO\u00a0\u2013 831 votos<\/li>\n<\/ul>\n<p><strong>Rede (Vagas: 1)<\/strong><\/p>\n<ul>\n<li>CLESIO IRM\u00c3O DE SUZANA \u00a0\u2013 1.089 votos<\/li>\n<\/ul>\n<p><strong>Democracia Crist\u00e3 (Vagas: 1)<\/strong><\/p>\n<ul>\n<li>HITALLO MARCELINO \u2013 \u00a01.599\u00a0votos<\/li>\n<\/ul>\n<p><strong>MDB (Vagas: 1)<\/strong><\/p>\n<ul>\n<li>NEGUINHA DA SANTA CASA\u00a0\u2013 1.454 votos<\/li>\n<\/ul>\n<p><strong>PL (Vagas: 1)<\/strong><\/p>\n<ul>\n<li>RENATO BRAND\u00c3O\u00a0 \u2013 786 votos<\/li>\n<\/ul>\n","protected":false},"excerpt":{"rendered":"<p>Com 100% dos votos apurados para vereador em Juazeiro a regra de proporcionalidade estabelecida pelo TSE aponta quem s\u00e3o os partidos e os nomes dos candidatos que garantiram as 21 vagas dispon\u00edveis no legislativo juazeirense. Confira a lista dos eleitos para a C\u00e2mara municipal de Juazeiro: PCdoB (Vagas: 3) DR. SALVADOR CARVALHO \u2013\u00a0 2.055\u00a0votos LOURIVAL [&hellip;]<\/p>\n","protected":false},"author":1,"featured_media":16232,"comment_status":"open","ping_status":"open","sticky":false,"template":"","format":"standard","meta":{"_uag_custom_page_level_css":"","_monsterinsights_skip_tracking":false,"_monsterinsights_sitenote_active":false,"_monsterinsights_sitenote_note":"","_monsterinsights_sitenote_category":0,"jetpack_post_was_ever_published":false,"_jetpack_newsletter_access":"","_jetpack_dont_email_post_to_subs":false,"_jetpack_newsletter_tier_id":0,"_jetpack_memberships_contains_paywalled_content":false,"_jetpack_memberships_contains_paid_content":false,"footnotes":"","jetpack_publicize_message":"","jetpack_publicize_feature_enabled":true,"jetpack_social_post_already_shared":true,"jetpack_social_options":{"image_generator_settings":{"template":"highway","default_image_id":0,"font":"","enabled":false},"version":2}},"categories":[203,197],"tags":[],"class_list":["post-16231","post","type-post","status-publish","format-standard","has-post-thumbnail","hentry","category-juazeiro","category-politica"],"jetpack_publicize_connections":[],"jetpack_featured_media_url":"https:\/\/blogopara.com.br\/wp-content\/uploads\/2020\/11\/blog-do-ZCB_camarajua_pnilson03.jpg","uagb_featured_image_src":{"full":["https:\/\/blogopara.com.br\/wp-content\/uploads\/2020\/11\/blog-do-ZCB_camarajua_pnilson03.jpg",420,224,false],"thumbnail":["https:\/\/blogopara.com.br\/wp-content\/uploads\/2020\/11\/blog-do-ZCB_camarajua_pnilson03-150x150.jpg",150,150,true],"medium":["https:\/\/blogopara.com.br\/wp-content\/uploads\/2020\/11\/blog-do-ZCB_camarajua_pnilson03-300x160.jpg",300,160,true],"medium_large":["https:\/\/blogopara.com.br\/wp-content\/uploads\/2020\/11\/blog-do-ZCB_camarajua_pnilson03.jpg",420,224,false],"large":["https:\/\/blogopara.com.br\/wp-content\/uploads\/2020\/11\/blog-do-ZCB_camarajua_pnilson03.jpg",420,224,false],"1536x1536":["https:\/\/blogopara.com.br\/wp-content\/uploads\/2020\/11\/blog-do-ZCB_camarajua_pnilson03.jpg",420,224,false],"2048x2048":["https:\/\/blogopara.com.br\/wp-content\/uploads\/2020\/11\/blog-do-ZCB_camarajua_pnilson03.jpg",420,224,false],"mantranews-slider-large":["https:\/\/blogopara.com.br\/wp-content\/uploads\/2020\/11\/blog-do-ZCB_camarajua_pnilson03.jpg",420,224,false],"mantranews-featured-medium":["https:\/\/blogopara.com.br\/wp-content\/uploads\/2020\/11\/blog-do-ZCB_camarajua_pnilson03.jpg",420,224,false],"mantranews-featured-long":["https:\/\/blogopara.com.br\/wp-content\/uploads\/2020\/11\/blog-do-ZCB_camarajua_pnilson03-300x224.jpg",300,224,true],"mantranews-block-medium":["https:\/\/blogopara.com.br\/wp-content\/uploads\/2020\/11\/blog-do-ZCB_camarajua_pnilson03.jpg",420,224,false],"mantranews-carousel-image":["https:\/\/blogopara.com.br\/wp-content\/uploads\/2020\/11\/blog-do-ZCB_camarajua_pnilson03.jpg",420,224,false],"mantranews-block-thumb":["https:\/\/blogopara.com.br\/wp-content\/uploads\/2020\/11\/blog-do-ZCB_camarajua_pnilson03-322x224.jpg",322,224,true],"mantranews-single-large":["https:\/\/blogopara.com.br\/wp-content\/uploads\/2020\/11\/blog-do-ZCB_camarajua_pnilson03.jpg",420,224,false]},"uagb_author_info":{"display_name":"Reda\u00e7\u00e3o geral","author_link":"https:\/\/blogopara.com.br\/index.php\/author\/blogopara"},"uagb_comment_info":0,"uagb_excerpt":"Com 100% dos votos apurados para vereador em Juazeiro a regra de proporcionalidade estabelecida pelo TSE aponta quem s\u00e3o os partidos e os nomes dos candidatos que garantiram as 21 vagas dispon\u00edveis no legislativo juazeirense. Confira a lista dos eleitos para a C\u00e2mara municipal de Juazeiro: PCdoB (Vagas: 3) DR. SALVADOR CARVALHO \u2013\u00a0 2.055\u00a0votos LOURIVAL&hellip;","jetpack_sharing_enabled":true,"jetpack_likes_enabled":true,"_links":{"self":[{"href":"https:\/\/blogopara.com.br\/index.php\/wp-json\/wp\/v2\/posts\/16231","targetHints":{"allow":["GET"]}}],"collection":[{"href":"https:\/\/blogopara.com.br\/index.php\/wp-json\/wp\/v2\/posts"}],"about":[{"href":"https:\/\/blogopara.com.br\/index.php\/wp-json\/wp\/v2\/types\/post"}],"author":[{"embeddable":true,"href":"https:\/\/blogopara.com.br\/index.php\/wp-json\/wp\/v2\/users\/1"}],"replies":[{"embeddable":true,"href":"https:\/\/blogopara.com.br\/index.php\/wp-json\/wp\/v2\/comments?post=16231"}],"version-history":[{"count":1,"href":"https:\/\/blogopara.com.br\/index.php\/wp-json\/wp\/v2\/posts\/16231\/revisions"}],"predecessor-version":[{"id":16233,"href":"https:\/\/blogopara.com.br\/index.php\/wp-json\/wp\/v2\/posts\/16231\/revisions\/16233"}],"wp:featuredmedia":[{"embeddable":true,"href":"https:\/\/blogopara.com.br\/index.php\/wp-json\/wp\/v2\/media\/16232"}],"wp:attachment":[{"href":"https:\/\/blogopara.com.br\/index.php\/wp-json\/wp\/v2\/media?parent=16231"}],"wp:term":[{"taxonomy":"category","embeddable":true,"href":"https:\/\/blogopara.com.br\/index.php\/wp-json\/wp\/v2\/categories?post=16231"},{"taxonomy":"post_tag","embeddable":true,"href":"https:\/\/blogopara.com.br\/index.php\/wp-json\/wp\/v2\/tags?post=16231"}],"curies":[{"name":"wp","href":"https:\/\/api.w.org\/{rel}","templated":true}]}}