{"id":16254,"date":"2020-11-17T07:45:53","date_gmt":"2020-11-17T10:45:53","guid":{"rendered":"http:\/\/blogopara.com.br\/?p=16254"},"modified":"2020-11-16T16:50:52","modified_gmt":"2020-11-16T19:50:52","slug":"juazeiro-ainda-precisa-passar-por-mais-algum-tempo-de-provacao-diz-targino-gondim","status":"publish","type":"post","link":"https:\/\/blogopara.com.br\/index.php\/2020\/11\/17\/juazeiro-ainda-precisa-passar-por-mais-algum-tempo-de-provacao-diz-targino-gondim","title":{"rendered":"&#8220;Juazeiro ainda precisa passar por mais algum tempo de prova\u00e7\u00e3o!&#8221;, diz Targino Gondim"},"content":{"rendered":"<p style=\"text-align: justify;\">O candidato a vice-prefeito em Juazeiro, na chapa encabe\u00e7ada pelo Coronel Anselmo Bispo, Targino Gondim, foi \u00e0s redes sociais agradecer aos apoiadores pelos votos recebidos e disse, em trecho da nota que &#8220;Voc\u00ea\u00a0\u00e9 livre pra fazer suas pr\u00f3prias escolhas. Mas nunca estar\u00e1\u00a0livre das consequ\u00eancias delas&#8221;, anotou.<\/p>\n<p style=\"text-align: justify;\">Targino destacou a honestidade e capacidade do Coronel Anselmo e disse que o resultado das urnas devem motivar o grupo a continuar unido: &#8220;um amigo \u00edntegro, honesto, capaz de transformar, junto comigo, a vida das pessoas da nossa cidade e interior! Isso tudo temos um grupo maravilhoso que n\u00e3o se enverga e permaneceu firme e forte no caminho do bem!&#8221;, escreveu.<\/p>\n<p style=\"text-align: justify;\">Confira a nota de Targino Gondim:<\/p>\n<p style=\"text-align: justify;\">&#8220;Juazeiro Daqui Pra Frente \u00e9 um projeto que acendeu uma luz imensa! Uma luz que atrair\u00e1 sempre as pessoas que a enxergam, que a sentem! Se essa luz n\u00e3o foi escolhida por Juazeiro agora, \u00e9 porque Juazeiro ainda precisa passar por mais algum tempo de prova\u00e7\u00e3o!<\/p>\n<p style=\"text-align: justify;\">Se eu desejo isso pra Juazeiro? &#8211; Jamais!!<\/p>\n<p style=\"text-align: justify;\">Se assim desejasse, n\u00e3o teria aceitado ser o vice-prefeito do Coronel Anselmo Bispo, um amigo \u00edntegro, honesto, capaz de transformar, junto comigo, a vida das pessoas da nossa cidade e interior! Isso tudo temos um grupo maravilhoso que n\u00e3o se enverga e permaneceu firme e forte no caminho do bem! Deus sabe de todas as coisas! Gratid\u00e3o!&#8221;, finalizou.<\/p>\n<p style=\"text-align: justify;\">A chapa formada por Targino Gondim e Coronel Anselmo ficou na terceira coloca\u00e7\u00e3o em Juazeiro, atr\u00e1s de Suzana Ramos, eleita, e Paulo Bonfim, prefeito e candidato \u00e0 reelei\u00e7\u00e3o, que deixa a prefeitura ap\u00f3s 4 anos de mandato.<\/p>\n","protected":false},"excerpt":{"rendered":"<p>O candidato a vice-prefeito em Juazeiro, na chapa encabe\u00e7ada pelo Coronel Anselmo Bispo, Targino Gondim, foi \u00e0s redes sociais agradecer aos apoiadores pelos votos recebidos e disse, em trecho da nota que &#8220;Voc\u00ea\u00a0\u00e9 livre pra fazer suas pr\u00f3prias escolhas. Mas nunca estar\u00e1\u00a0livre das consequ\u00eancias delas&#8221;, anotou. Targino destacou a honestidade e capacidade do Coronel Anselmo [&hellip;]<\/p>\n","protected":false},"author":1,"featured_media":16255,"comment_status":"open","ping_status":"open","sticky":false,"template":"","format":"standard","meta":{"_uag_custom_page_level_css":"","_monsterinsights_skip_tracking":false,"_monsterinsights_sitenote_active":false,"_monsterinsights_sitenote_note":"","_monsterinsights_sitenote_category":0,"jetpack_post_was_ever_published":false,"_jetpack_newsletter_access":"","_jetpack_dont_email_post_to_subs":false,"_jetpack_newsletter_tier_id":0,"_jetpack_memberships_contains_paywalled_content":false,"_jetpack_memberships_contains_paid_content":false,"footnotes":"","jetpack_publicize_message":"","jetpack_publicize_feature_enabled":true,"jetpack_social_post_already_shared":true,"jetpack_social_options":{"image_generator_settings":{"template":"highway","default_image_id":0,"font":"","enabled":false},"version":2}},"categories":[203,197],"tags":[],"class_list":["post-16254","post","type-post","status-publish","format-standard","has-post-thumbnail","hentry","category-juazeiro","category-politica"],"jetpack_publicize_connections":[],"jetpack_featured_media_url":"https:\/\/blogopara.com.br\/wp-content\/uploads\/2020\/11\/a9c11102-f7f6-441a-98be-dfac05a736a21.jpg","uagb_featured_image_src":{"full":["https:\/\/blogopara.com.br\/wp-content\/uploads\/2020\/11\/a9c11102-f7f6-441a-98be-dfac05a736a21.jpg",500,333,false],"thumbnail":["https:\/\/blogopara.com.br\/wp-content\/uploads\/2020\/11\/a9c11102-f7f6-441a-98be-dfac05a736a21-150x150.jpg",150,150,true],"medium":["https:\/\/blogopara.com.br\/wp-content\/uploads\/2020\/11\/a9c11102-f7f6-441a-98be-dfac05a736a21-300x200.jpg",300,200,true],"medium_large":["https:\/\/blogopara.com.br\/wp-content\/uploads\/2020\/11\/a9c11102-f7f6-441a-98be-dfac05a736a21.jpg",500,333,false],"large":["https:\/\/blogopara.com.br\/wp-content\/uploads\/2020\/11\/a9c11102-f7f6-441a-98be-dfac05a736a21.jpg",500,333,false],"1536x1536":["https:\/\/blogopara.com.br\/wp-content\/uploads\/2020\/11\/a9c11102-f7f6-441a-98be-dfac05a736a21.jpg",500,333,false],"2048x2048":["https:\/\/blogopara.com.br\/wp-content\/uploads\/2020\/11\/a9c11102-f7f6-441a-98be-dfac05a736a21.jpg",500,333,false],"mantranews-slider-large":["https:\/\/blogopara.com.br\/wp-content\/uploads\/2020\/11\/a9c11102-f7f6-441a-98be-dfac05a736a21.jpg",500,333,false],"mantranews-featured-medium":["https:\/\/blogopara.com.br\/wp-content\/uploads\/2020\/11\/a9c11102-f7f6-441a-98be-dfac05a736a21-420x307.jpg",420,307,true],"mantranews-featured-long":["https:\/\/blogopara.com.br\/wp-content\/uploads\/2020\/11\/a9c11102-f7f6-441a-98be-dfac05a736a21-300x333.jpg",300,333,true],"mantranews-block-medium":["https:\/\/blogopara.com.br\/wp-content\/uploads\/2020\/11\/a9c11102-f7f6-441a-98be-dfac05a736a21-464x290.jpg",464,290,true],"mantranews-carousel-image":["https:\/\/blogopara.com.br\/wp-content\/uploads\/2020\/11\/a9c11102-f7f6-441a-98be-dfac05a736a21.jpg",500,333,false],"mantranews-block-thumb":["https:\/\/blogopara.com.br\/wp-content\/uploads\/2020\/11\/a9c11102-f7f6-441a-98be-dfac05a736a21-322x230.jpg",322,230,true],"mantranews-single-large":["https:\/\/blogopara.com.br\/wp-content\/uploads\/2020\/11\/a9c11102-f7f6-441a-98be-dfac05a736a21.jpg",500,333,false]},"uagb_author_info":{"display_name":"Reda\u00e7\u00e3o geral","author_link":"https:\/\/blogopara.com.br\/index.php\/author\/blogopara"},"uagb_comment_info":0,"uagb_excerpt":"O candidato a vice-prefeito em Juazeiro, na chapa encabe\u00e7ada pelo Coronel Anselmo Bispo, Targino Gondim, foi \u00e0s redes sociais agradecer aos apoiadores pelos votos recebidos e disse, em trecho da nota que &#8220;Voc\u00ea\u00a0\u00e9 livre pra fazer suas pr\u00f3prias escolhas. Mas nunca estar\u00e1\u00a0livre das consequ\u00eancias delas&#8221;, anotou. Targino destacou a honestidade e capacidade do Coronel Anselmo&hellip;","jetpack_sharing_enabled":true,"jetpack_likes_enabled":true,"_links":{"self":[{"href":"https:\/\/blogopara.com.br\/index.php\/wp-json\/wp\/v2\/posts\/16254","targetHints":{"allow":["GET"]}}],"collection":[{"href":"https:\/\/blogopara.com.br\/index.php\/wp-json\/wp\/v2\/posts"}],"about":[{"href":"https:\/\/blogopara.com.br\/index.php\/wp-json\/wp\/v2\/types\/post"}],"author":[{"embeddable":true,"href":"https:\/\/blogopara.com.br\/index.php\/wp-json\/wp\/v2\/users\/1"}],"replies":[{"embeddable":true,"href":"https:\/\/blogopara.com.br\/index.php\/wp-json\/wp\/v2\/comments?post=16254"}],"version-history":[{"count":1,"href":"https:\/\/blogopara.com.br\/index.php\/wp-json\/wp\/v2\/posts\/16254\/revisions"}],"predecessor-version":[{"id":16256,"href":"https:\/\/blogopara.com.br\/index.php\/wp-json\/wp\/v2\/posts\/16254\/revisions\/16256"}],"wp:featuredmedia":[{"embeddable":true,"href":"https:\/\/blogopara.com.br\/index.php\/wp-json\/wp\/v2\/media\/16255"}],"wp:attachment":[{"href":"https:\/\/blogopara.com.br\/index.php\/wp-json\/wp\/v2\/media?parent=16254"}],"wp:term":[{"taxonomy":"category","embeddable":true,"href":"https:\/\/blogopara.com.br\/index.php\/wp-json\/wp\/v2\/categories?post=16254"},{"taxonomy":"post_tag","embeddable":true,"href":"https:\/\/blogopara.com.br\/index.php\/wp-json\/wp\/v2\/tags?post=16254"}],"curies":[{"name":"wp","href":"https:\/\/api.w.org\/{rel}","templated":true}]}}