{"id":16271,"date":"2020-11-18T07:43:22","date_gmt":"2020-11-18T10:43:22","guid":{"rendered":"http:\/\/blogopara.com.br\/?p=16271"},"modified":"2020-11-16T22:47:24","modified_gmt":"2020-11-17T01:47:24","slug":"coronel-desabafa-sobre-rui-apos-derrota-espero-que-baixe-a-bola-e-seja-humilde","status":"publish","type":"post","link":"https:\/\/blogopara.com.br\/index.php\/2020\/11\/18\/coronel-desabafa-sobre-rui-apos-derrota-espero-que-baixe-a-bola-e-seja-humilde","title":{"rendered":"Coronel desabafa sobre Rui ap\u00f3s derrota: \u201cEspero que baixe a bola e seja humilde\u201d"},"content":{"rendered":"<p style=\"text-align: justify;\">Aliados criticaram o governador Rui Costa por conta de sua postura durante o processo eleitoral e sua estrat\u00e9gia de lan\u00e7ar v\u00e1rias candidaturas \u00e0 prefeitura de Salvador. Ao todo, foram quatro candidatos: Denice (PT), Ol\u00edvia (PCdoB), Isid\u00f3rio (Avante) e Bacelar (Podemos).<\/p>\n<p style=\"text-align: justify;\">Entre os aliados, est\u00e1 o senador \u00c2ngelo Coronel (PSD), que em tom de desabafo, comentou a estrat\u00e9gia de Rui.<\/p>\n<p style=\"text-align: justify;\">\u201cO que aconteceu foi uma rapinagem dentro da base. Cada candidatura ficava rapinando a outra e, coordenada pelo governador, a partir do momento que ele foi \u00e0s pra\u00e7as abra\u00e7ando uma \u00fanica candidatura e relegando as outras que sempre fizeram parte do seu arco de alian\u00e7a. Serve de li\u00e7\u00e3o essa elei\u00e7\u00e3o, para o governador Rui Costa, que ele n\u00e3o tem esse poder todo de ter o eleitor ao seu lado simplesmente por aparecer em uma televis\u00e3o e pedir com clem\u00eancia, quase chorando, o voto para sua candidata\u201d, declarou Coronel, que ainda completou.<\/p>\n<p style=\"text-align: justify;\">\u201cEspero que o governador caia na real, baixe a bola, seja humilde, para recompor o arco de alian\u00e7a. Porque se n\u00e3o, vai acontecer o que aconteceu com outros tidos como os maiorais no passado e que afundaram pelo excesso da vaidade, pelo excesso da autossufici\u00eancia e por se achar o imbat\u00edvel. A humildade sempre deve prevalecer em qualquer circunstancia\u201d, concluiu o senador baiano.<\/p>\n<p style=\"text-align: justify;\"><em>Fonte: Pol\u00edtica ao Vivo<\/em><\/p>\n\n\n<p><\/p>\n","protected":false},"excerpt":{"rendered":"<p>Aliados criticaram o governador Rui Costa por conta de sua postura durante o processo eleitoral e sua estrat\u00e9gia de lan\u00e7ar v\u00e1rias candidaturas \u00e0 prefeitura de Salvador. Ao todo, foram quatro candidatos: Denice (PT), Ol\u00edvia (PCdoB), Isid\u00f3rio (Avante) e Bacelar (Podemos). Entre os aliados, est\u00e1 o senador \u00c2ngelo Coronel (PSD), que em tom de desabafo, comentou [&hellip;]<\/p>\n","protected":false},"author":1,"featured_media":16272,"comment_status":"open","ping_status":"open","sticky":false,"template":"","format":"standard","meta":{"_uag_custom_page_level_css":"","_monsterinsights_skip_tracking":false,"_monsterinsights_sitenote_active":false,"_monsterinsights_sitenote_note":"","_monsterinsights_sitenote_category":0,"jetpack_post_was_ever_published":false,"_jetpack_newsletter_access":"","_jetpack_dont_email_post_to_subs":false,"_jetpack_newsletter_tier_id":0,"_jetpack_memberships_contains_paywalled_content":false,"_jetpack_memberships_contains_paid_content":false,"footnotes":"","jetpack_publicize_message":"","jetpack_publicize_feature_enabled":true,"jetpack_social_post_already_shared":true,"jetpack_social_options":{"image_generator_settings":{"template":"highway","default_image_id":0,"font":"","enabled":false},"version":2}},"categories":[199,197],"tags":[],"class_list":["post-16271","post","type-post","status-publish","format-standard","has-post-thumbnail","hentry","category-bahia","category-politica"],"jetpack_publicize_connections":[],"jetpack_featured_media_url":"https:\/\/blogopara.com.br\/wp-content\/uploads\/2020\/11\/angelocoronelruicosta.jpg","uagb_featured_image_src":{"full":["https:\/\/blogopara.com.br\/wp-content\/uploads\/2020\/11\/angelocoronelruicosta.jpg",500,316,false],"thumbnail":["https:\/\/blogopara.com.br\/wp-content\/uploads\/2020\/11\/angelocoronelruicosta-150x150.jpg",150,150,true],"medium":["https:\/\/blogopara.com.br\/wp-content\/uploads\/2020\/11\/angelocoronelruicosta-300x190.jpg",300,190,true],"medium_large":["https:\/\/blogopara.com.br\/wp-content\/uploads\/2020\/11\/angelocoronelruicosta.jpg",500,316,false],"large":["https:\/\/blogopara.com.br\/wp-content\/uploads\/2020\/11\/angelocoronelruicosta.jpg",500,316,false],"1536x1536":["https:\/\/blogopara.com.br\/wp-content\/uploads\/2020\/11\/angelocoronelruicosta.jpg",500,316,false],"2048x2048":["https:\/\/blogopara.com.br\/wp-content\/uploads\/2020\/11\/angelocoronelruicosta.jpg",500,316,false],"mantranews-slider-large":["https:\/\/blogopara.com.br\/wp-content\/uploads\/2020\/11\/angelocoronelruicosta.jpg",500,316,false],"mantranews-featured-medium":["https:\/\/blogopara.com.br\/wp-content\/uploads\/2020\/11\/angelocoronelruicosta-420x307.jpg",420,307,true],"mantranews-featured-long":["https:\/\/blogopara.com.br\/wp-content\/uploads\/2020\/11\/angelocoronelruicosta-300x316.jpg",300,316,true],"mantranews-block-medium":["https:\/\/blogopara.com.br\/wp-content\/uploads\/2020\/11\/angelocoronelruicosta-464x290.jpg",464,290,true],"mantranews-carousel-image":["https:\/\/blogopara.com.br\/wp-content\/uploads\/2020\/11\/angelocoronelruicosta.jpg",500,316,false],"mantranews-block-thumb":["https:\/\/blogopara.com.br\/wp-content\/uploads\/2020\/11\/angelocoronelruicosta-322x230.jpg",322,230,true],"mantranews-single-large":["https:\/\/blogopara.com.br\/wp-content\/uploads\/2020\/11\/angelocoronelruicosta.jpg",500,316,false]},"uagb_author_info":{"display_name":"Reda\u00e7\u00e3o geral","author_link":"https:\/\/blogopara.com.br\/index.php\/author\/blogopara"},"uagb_comment_info":0,"uagb_excerpt":"Aliados criticaram o governador Rui Costa por conta de sua postura durante o processo eleitoral e sua estrat\u00e9gia de lan\u00e7ar v\u00e1rias candidaturas \u00e0 prefeitura de Salvador. Ao todo, foram quatro candidatos: Denice (PT), Ol\u00edvia (PCdoB), Isid\u00f3rio (Avante) e Bacelar (Podemos). Entre os aliados, est\u00e1 o senador \u00c2ngelo Coronel (PSD), que em tom de desabafo, comentou&hellip;","jetpack_sharing_enabled":true,"jetpack_likes_enabled":true,"_links":{"self":[{"href":"https:\/\/blogopara.com.br\/index.php\/wp-json\/wp\/v2\/posts\/16271","targetHints":{"allow":["GET"]}}],"collection":[{"href":"https:\/\/blogopara.com.br\/index.php\/wp-json\/wp\/v2\/posts"}],"about":[{"href":"https:\/\/blogopara.com.br\/index.php\/wp-json\/wp\/v2\/types\/post"}],"author":[{"embeddable":true,"href":"https:\/\/blogopara.com.br\/index.php\/wp-json\/wp\/v2\/users\/1"}],"replies":[{"embeddable":true,"href":"https:\/\/blogopara.com.br\/index.php\/wp-json\/wp\/v2\/comments?post=16271"}],"version-history":[{"count":1,"href":"https:\/\/blogopara.com.br\/index.php\/wp-json\/wp\/v2\/posts\/16271\/revisions"}],"predecessor-version":[{"id":16273,"href":"https:\/\/blogopara.com.br\/index.php\/wp-json\/wp\/v2\/posts\/16271\/revisions\/16273"}],"wp:featuredmedia":[{"embeddable":true,"href":"https:\/\/blogopara.com.br\/index.php\/wp-json\/wp\/v2\/media\/16272"}],"wp:attachment":[{"href":"https:\/\/blogopara.com.br\/index.php\/wp-json\/wp\/v2\/media?parent=16271"}],"wp:term":[{"taxonomy":"category","embeddable":true,"href":"https:\/\/blogopara.com.br\/index.php\/wp-json\/wp\/v2\/categories?post=16271"},{"taxonomy":"post_tag","embeddable":true,"href":"https:\/\/blogopara.com.br\/index.php\/wp-json\/wp\/v2\/tags?post=16271"}],"curies":[{"name":"wp","href":"https:\/\/api.w.org\/{rel}","templated":true}]}}