{"id":16274,"date":"2020-11-17T07:49:00","date_gmt":"2020-11-17T10:49:00","guid":{"rendered":"http:\/\/blogopara.com.br\/?p=16274"},"modified":"2020-11-16T23:09:30","modified_gmt":"2020-11-17T02:09:30","slug":"opiniao-as-eleicoes-passaram-mas-vamos-rir-da-desgraca-alheia","status":"publish","type":"post","link":"https:\/\/blogopara.com.br\/index.php\/2020\/11\/17\/opiniao-as-eleicoes-passaram-mas-vamos-rir-da-desgraca-alheia","title":{"rendered":"Opini\u00e3o: As elei\u00e7\u00f5es passaram, mas vamos rir da desgra\u00e7a alheia"},"content":{"rendered":"<p style=\"text-align: justify;\">Elei\u00e7\u00f5es 2020, os munic\u00edpios onde n\u00e3o t\u00eam o 2\u00ba turno, as elei\u00e7\u00f5es foram encerradas domingo (15).<\/p>\n<p style=\"text-align: justify;\">Finalmente estaremos livres dos carros de som com suas cantigas horrorosas e das tais visitas inconvenientes de pessoas que da noite para o dia se tornaram amig\u00e1veis e educadas! Eita, gente falsa!<\/p>\n<p style=\"text-align: justify;\">Em se tratando da quest\u00e3o local, eu nunca vi na minha vida tanta gente com a cara de madeira, no in\u00edcio do ano s\u00f3 faltava bater numa pessoa doente que procurasse um servi\u00e7o p\u00fablico, e de repente manifestou a meiguice da Irm\u00e3 Dulce!<\/p>\n<p style=\"text-align: justify;\">T\u00f4 rindo alto agora de um vereador que at\u00e9 pouco tempo nem sabia escrever o pr\u00f3prio nome, e nessa gest\u00e3o virou grilo falante e s\u00f3 queria ser chamado de &#8220;dot\u00f4&#8221;! Dizem que depois da derrota ele anda sumido, correndo dos agiotas!<\/p>\n<p style=\"text-align: justify;\">T\u00f4 me rachando de rir da vereadora que mandava os funcion\u00e1rios do governo pedir votos para n\u00e3o venderem &#8220;dim-dim gourmet&#8221;, e agora j\u00e1 est\u00e1 desempregada!<\/p>\n<p style=\"text-align: justify;\">E o candidato a vereador sem-terra que declarou mais de 1 milh\u00e3o de bens im\u00f3veis, e n\u00e3o obteve nem 500 votos!? Arre \u00e9gua!<\/p>\n<p style=\"text-align: justify;\">Morro de rir lembrando da fam\u00edlia de &#8220;dot\u00f4&#8221; que nunca mais reelegeu seu vereador! E agora? A fam\u00edlia toda empregada na prefeitura vai trabalhar aonde?<\/p>\n<p style=\"text-align: justify;\">Pior mesmo foi a garota propaganda do tal programa de governo do Paulo Bomfim que tomou a segunda lapada nas urnas. Na primeira, n\u00e3o conseguiu ser eleita presidente do pr\u00f3prio partido e na segunda lapada, nem para co-vereadora foi eleita! Isso, porque j\u00e1 estava dividindo os cargos da secretaria de educa\u00e7\u00e3o que queria ocupar! Oh, coitada!<\/p>\n<p style=\"text-align: justify;\">Nem tava querendo lembrar da candidata psic\u00f3loga e comunista que queria fazer escola com delegado bolsonarista convertido ao petismo! Eita, piada de mau gosto!<\/p>\n<p style=\"text-align: justify;\">Essa elei\u00e7\u00e3o de Juazeiro me apareceu com cada com\u00e9dia! Era o jeito rir pra n\u00e3o deixar a cidade intransit\u00e1vel, caso eu fosse chorar!<\/p>\n<p style=\"text-align: justify;\">E t\u00f4 doido mesmo \u00e9 para ir no Joca comprar meus &#8220;mocot\u00f3&#8221; de boi que \u00e9 pra ver, com todo respeito aos comerciantes do mercado, a cara de vereador que vai voltar a vender tempero!<\/p>\n<p style=\"text-align: justify;\">Olha o alho, a pimenta e o corante!!!! Tem noz moscada e pixuri!<\/p>\n","protected":false},"excerpt":{"rendered":"<p>Elei\u00e7\u00f5es 2020, os munic\u00edpios onde n\u00e3o t\u00eam o 2\u00ba turno, as elei\u00e7\u00f5es foram encerradas domingo (15). Finalmente estaremos livres dos carros de som com suas cantigas horrorosas e das tais visitas inconvenientes de pessoas que da noite para o dia se tornaram amig\u00e1veis e educadas! Eita, gente falsa! Em se tratando da quest\u00e3o local, eu [&hellip;]<\/p>\n","protected":false},"author":1,"featured_media":16275,"comment_status":"open","ping_status":"open","sticky":false,"template":"","format":"standard","meta":{"_uag_custom_page_level_css":"","_monsterinsights_skip_tracking":false,"_monsterinsights_sitenote_active":false,"_monsterinsights_sitenote_note":"","_monsterinsights_sitenote_category":0,"jetpack_post_was_ever_published":false,"_jetpack_newsletter_access":"","_jetpack_dont_email_post_to_subs":false,"_jetpack_newsletter_tier_id":0,"_jetpack_memberships_contains_paywalled_content":false,"_jetpack_memberships_contains_paid_content":false,"footnotes":"","jetpack_publicize_message":"","jetpack_publicize_feature_enabled":true,"jetpack_social_post_already_shared":true,"jetpack_social_options":{"image_generator_settings":{"template":"highway","default_image_id":0,"font":"","enabled":false},"version":2}},"categories":[203,197],"tags":[],"class_list":["post-16274","post","type-post","status-publish","format-standard","has-post-thumbnail","hentry","category-juazeiro","category-politica"],"jetpack_publicize_connections":[],"jetpack_featured_media_url":"https:\/\/blogopara.com.br\/wp-content\/uploads\/2020\/11\/hqdefault.jpg","uagb_featured_image_src":{"full":["https:\/\/blogopara.com.br\/wp-content\/uploads\/2020\/11\/hqdefault.jpg",480,360,false],"thumbnail":["https:\/\/blogopara.com.br\/wp-content\/uploads\/2020\/11\/hqdefault-150x150.jpg",150,150,true],"medium":["https:\/\/blogopara.com.br\/wp-content\/uploads\/2020\/11\/hqdefault-300x225.jpg",300,225,true],"medium_large":["https:\/\/blogopara.com.br\/wp-content\/uploads\/2020\/11\/hqdefault.jpg",480,360,false],"large":["https:\/\/blogopara.com.br\/wp-content\/uploads\/2020\/11\/hqdefault.jpg",480,360,false],"1536x1536":["https:\/\/blogopara.com.br\/wp-content\/uploads\/2020\/11\/hqdefault.jpg",480,360,false],"2048x2048":["https:\/\/blogopara.com.br\/wp-content\/uploads\/2020\/11\/hqdefault.jpg",480,360,false],"mantranews-slider-large":["https:\/\/blogopara.com.br\/wp-content\/uploads\/2020\/11\/hqdefault.jpg",480,360,false],"mantranews-featured-medium":["https:\/\/blogopara.com.br\/wp-content\/uploads\/2020\/11\/hqdefault-420x307.jpg",420,307,true],"mantranews-featured-long":["https:\/\/blogopara.com.br\/wp-content\/uploads\/2020\/11\/hqdefault-300x360.jpg",300,360,true],"mantranews-block-medium":["https:\/\/blogopara.com.br\/wp-content\/uploads\/2020\/11\/hqdefault-464x290.jpg",464,290,true],"mantranews-carousel-image":["https:\/\/blogopara.com.br\/wp-content\/uploads\/2020\/11\/hqdefault.jpg",480,360,false],"mantranews-block-thumb":["https:\/\/blogopara.com.br\/wp-content\/uploads\/2020\/11\/hqdefault-322x230.jpg",322,230,true],"mantranews-single-large":["https:\/\/blogopara.com.br\/wp-content\/uploads\/2020\/11\/hqdefault.jpg",480,360,false]},"uagb_author_info":{"display_name":"Reda\u00e7\u00e3o geral","author_link":"https:\/\/blogopara.com.br\/index.php\/author\/blogopara"},"uagb_comment_info":1,"uagb_excerpt":"Elei\u00e7\u00f5es 2020, os munic\u00edpios onde n\u00e3o t\u00eam o 2\u00ba turno, as elei\u00e7\u00f5es foram encerradas domingo (15). Finalmente estaremos livres dos carros de som com suas cantigas horrorosas e das tais visitas inconvenientes de pessoas que da noite para o dia se tornaram amig\u00e1veis e educadas! Eita, gente falsa! Em se tratando da quest\u00e3o local, eu&hellip;","jetpack_sharing_enabled":true,"jetpack_likes_enabled":true,"_links":{"self":[{"href":"https:\/\/blogopara.com.br\/index.php\/wp-json\/wp\/v2\/posts\/16274","targetHints":{"allow":["GET"]}}],"collection":[{"href":"https:\/\/blogopara.com.br\/index.php\/wp-json\/wp\/v2\/posts"}],"about":[{"href":"https:\/\/blogopara.com.br\/index.php\/wp-json\/wp\/v2\/types\/post"}],"author":[{"embeddable":true,"href":"https:\/\/blogopara.com.br\/index.php\/wp-json\/wp\/v2\/users\/1"}],"replies":[{"embeddable":true,"href":"https:\/\/blogopara.com.br\/index.php\/wp-json\/wp\/v2\/comments?post=16274"}],"version-history":[{"count":2,"href":"https:\/\/blogopara.com.br\/index.php\/wp-json\/wp\/v2\/posts\/16274\/revisions"}],"predecessor-version":[{"id":16277,"href":"https:\/\/blogopara.com.br\/index.php\/wp-json\/wp\/v2\/posts\/16274\/revisions\/16277"}],"wp:featuredmedia":[{"embeddable":true,"href":"https:\/\/blogopara.com.br\/index.php\/wp-json\/wp\/v2\/media\/16275"}],"wp:attachment":[{"href":"https:\/\/blogopara.com.br\/index.php\/wp-json\/wp\/v2\/media?parent=16274"}],"wp:term":[{"taxonomy":"category","embeddable":true,"href":"https:\/\/blogopara.com.br\/index.php\/wp-json\/wp\/v2\/categories?post=16274"},{"taxonomy":"post_tag","embeddable":true,"href":"https:\/\/blogopara.com.br\/index.php\/wp-json\/wp\/v2\/tags?post=16274"}],"curies":[{"name":"wp","href":"https:\/\/api.w.org\/{rel}","templated":true}]}}