{"id":16371,"date":"2020-11-20T10:42:21","date_gmt":"2020-11-20T13:42:21","guid":{"rendered":"http:\/\/blogopara.com.br\/?p=16371"},"modified":"2020-11-20T10:42:51","modified_gmt":"2020-11-20T13:42:51","slug":"em-72-anos-sp-elegeu-apenas-seis-vereadoras-negras-quatro-delas-em-2020","status":"publish","type":"post","link":"https:\/\/blogopara.com.br\/index.php\/2020\/11\/20\/em-72-anos-sp-elegeu-apenas-seis-vereadoras-negras-quatro-delas-em-2020","title":{"rendered":"Em 72 anos, SP elegeu apenas seis vereadoras negras; quatro delas em 2020"},"content":{"rendered":"<p style=\"text-align: justify;\">Em sua 18\u00ba Legislatura, a C\u00e2mara Municipal de S\u00e3o Paulo ter\u00e1<a href=\"https:\/\/www.brasildefato.com.br\/2020\/11\/19\/quando-combatemos-o-racismo-conseguimos-formas-dignas-para-produzir-diz-cineasta\" target=\"_blank\" rel=\"noopener noreferrer\">\u00a0mulheres negras<\/a>\u00a0ocupando quatro das 55 cadeiras do parlamento, a maior participa\u00e7\u00e3o dessa parcela da popula\u00e7\u00e3o na hist\u00f3ria da pol\u00edtica paulistana. Em todas sua hist\u00f3ria, os paulistanos elegeram apenas seis\u00a0<a href=\"https:\/\/www.brasildefato.com.br\/2020\/11\/19\/eleicao-2020-marca-ascensao-da-diversidade-na-vida-politica-do-pais\" target=\"_blank\" rel=\"noopener noreferrer\">vereadoras pretas<\/a>.<\/p>\n<p style=\"text-align: justify;\">Desde a petista Claudete Alves, que encerrou seu mandato em 2008, a capital paulista n\u00e3o elegia uma vereadora negra. Antes dela, somente a professora Theodosina Ros\u00e1rio Ribeiro, que recebeu 26.846 votos, em 1968, quando se candidatou pelo Movimento Democr\u00e1tico Brasileiro (MDB), partido que fazia oposi\u00e7\u00e3o aos militares.<\/p>\n<p style=\"text-align: justify;\">&#8220;Nossa candidatura n\u00e3o tem padrinhos pol\u00edticos. Do nosso coletivo, dois foram desligados do trabalho para fazer campanha\u201d, aponta a\u00a0educadora Elaine Mineiro, que coordena um dos n\u00facleos de base da Uneafro, rede de cursinhos populares, e que encabe\u00e7a uma chapa coletiva, o Quilombo Perif\u00e9rico, que recebeu 22.742 votos.<\/p>\n<p style=\"text-align: justify;\">As circunst\u00e2ncias que levaram \u00e0 sua elei\u00e7\u00e3o. \u201cEu n\u00e3o tenho acesso \u00e0 internet de fibra \u00f3tica na minha casa, eu n\u00e3o tenho boas op\u00e7\u00f5es para esse servi\u00e7o, s\u00f3 uma, que \u00e9 bem ruim. Como voc\u00ea faz uma campanha que est\u00e1 sendo majoritariamente na internet, se n\u00e3o consegue acesso decente \u00e0 internet?&#8221;, relata.<\/p>\n<p style=\"text-align: justify;\">Ainda de acordo com a vereadora eleita, a pol\u00edtica est\u00e1 cada vez mais restrita a pessoas que j\u00e1 eram populares antes da elei\u00e7\u00e3o.<\/p>\n<p style=\"text-align: justify;\">\u201cQuando voc\u00ea faz um trabalho na periferia, voc\u00ea n\u00e3o \u00e9 celebridade na internet e nem na esquerda. Enquanto a gente faz trabalho de base, tem muita gente na internet dizendo que precisa fazer trabalho de base&#8221;, aponta.<\/p>\n<p style=\"text-align: justify;\">Mineiro ressalta a import\u00e2ncia da constru\u00e7\u00e3o de uma candidatura que represente o movimento negro no contexto eleitoral.<\/p>\n<p style=\"text-align: justify;\">&#8220;Quando a gente coloca uma candidatura como uma candidatura do movimento e que estar\u00e1 a servi\u00e7o do movimento, isso \u00e9 complicado, porque tamb\u00e9m nos desgasta. Mas \u00e9 importante que as pessoas saibam que uma pessoa, s\u00f3 por ser negra, n\u00e3o significa que ela represente os interesses do movimento negro, \u00e9 uma constru\u00e7\u00e3o que vem antes&#8221;, reflete.<\/p>\n<p style=\"text-align: justify;\">Eleita com 37.550 votos, Luana Alves tamb\u00e9m tem sua milit\u00e2ncia atrelada \u00e0 luta pelo acesso \u00e0 Educa\u00e7\u00e3o Superior e destaca a import\u00e2ncia do processo coletivo para a elei\u00e7\u00e3o deste ano.<\/p>\n<p style=\"text-align: justify;\">&#8220;Essa elei\u00e7\u00e3o \u00e9 especial n\u00e3o por m\u00e9ritos individuais, mas do coletivo das mulheres negras na rua, do movimento negro na rua, pedindo o voto em pessoas negras\u201d, explica Alves.<\/p>\n<p style=\"text-align: justify;\">A pessolista, que \u00e9 coordenadora da Emancipa, uma rede de cursinhos populares, ressalta a import\u00e2ncia da milit\u00e2ncia para garantir a\u00a0\u00a0presen\u00e7a de mulheres negras no parlamento paulistano.<\/p>\n<p style=\"text-align: justify;\">\u201cNenhum tipo de atividade e milit\u00e2ncia \u00e9 tranquilo para uma mulher negra. Eu sempre fiz pol\u00edtica e vou seguir fazendo \u00e9 pol\u00edtica. Eu milito e seguirei militando nos cursinhos populares e na sa\u00fade. O que acontece \u00e9 que nunca foi f\u00e1cil pra gente. Mas, por outro lado, o fato de ter sido militante ajuda muito, tem muitos anos que as pessoas me conhecem&#8221;, destaca.<\/p>\n<p style=\"text-align: justify;\">Essa conex\u00e3o com os territ\u00f3rios onde atuam, fez com que as vereadoras tivessem que conciliar a campanha com um fen\u00f4meno mundial que tornou a elei\u00e7\u00e3o ainda mais dif\u00edcil:\u00a0a\u00a0<a href=\"https:\/\/www.brasildefato.com.br\/minuto-a-minuto\/coronavirus-no-brasil\" target=\"_blank\" rel=\"noopener noreferrer\">pandemia de covid-19<\/a>.<\/p>\n<p style=\"text-align: justify;\">\u201cEstamos no meio da pandemia e ela vitimou muito mais pessoas na periferia. A nossa campanha foi interrompida, tivemos que parar tudo que est\u00e1vamos fazendo para socorrer a comunidade. Se n\u00f3s n\u00e3o fizermos o emergencial na periferia, n\u00e3o tem quem fa\u00e7a, e a\u00ed temos que ficar nessa rede de prote\u00e7\u00e3o.\u201d<\/p>\n<p class=\"ckeditor-subtitle\" style=\"text-align: justify;\">O parlamento<\/p>\n<p style=\"text-align: justify;\">Durante a pr\u00f3xima legislatura, Elaine Mineiro e Luana Alves ser\u00e3o oposi\u00e7\u00e3o a Fernando Holiday (Patriota) e Sonaira Fernandes. O primeiro, fundador do Movimento Brasil Livre (MBL) e apontado como uma das lideran\u00e7as promissoras da direita paulistana. A segunda, ex-assessora do deputado federal Eduardo Bolsonaro (Republicanos), filho do presidente Jair Bolsonaro (sem partido).<\/p>\n<p style=\"text-align: justify;\">Com a composi\u00e7\u00e3o atual da C\u00e2mara Municipal, o centro e a direita ter\u00e3o maioria. A esquerda cresceu no munic\u00edpio, saltando de 11 para 14 vereadores, mas ainda \u00e9 menor. Para Alves, a oposi\u00e7\u00e3o ganhar\u00e1 for\u00e7a com a mobiliza\u00e7\u00e3o dos paulistanos nas ruas.<\/p>\n<p style=\"text-align: justify;\">\u201cA gente aposta muito exatamente nas for\u00e7as dos movimentos sociais e das pessoas se mobilizando. A C\u00e2mara \u00e9 comandada por interesses privados. Sabemos que, por mais que o PSOL ainda n\u00e3o seja maioria, vamos contar com a for\u00e7a dos movimentos populares\u201d, explica Alves, que lembra do projeto de erradica\u00e7\u00e3o da fome\u00a0por meio da &#8220;farinata&#8221; que o ex-prefeito Jo\u00e3o D\u00f3ria (PSDB) tentou emplacar em S\u00e3o Paulo, em 2017, que foi batizado de \u201cra\u00e7\u00e3o humana.\u201d<\/p>\n<p style=\"text-align: justify;\">\u201cQuando o D\u00f3ria tentou empurrar a ra\u00e7\u00e3o humana, houve uma avalia\u00e7\u00e3o que ele ia passar o projeto, \u00e9ramos minoria na C\u00e2mara. Houve uma exposi\u00e7\u00e3o p\u00fablica do tema e o governo teve que recuar, at\u00e9 mesmo os vereadores da base ficaram constrangidos de votar a favor daquele projeto\u201d, lembra Alves.<\/p>\n<p>Mineiro acredita que pode haver uma tentativa de polariza\u00e7\u00e3o, mas alerta que o seu mandato n\u00e3o buscar\u00e1 esse confronto.<\/p>\n<p style=\"text-align: justify;\">\u201cO Holiday e as candidaturas de direita nunca pautaram nosso trabalho e eles n\u00e3o v\u00e3o pautar nosso trabalho. \u00c9 o contr\u00e1rio. O Holiday n\u00e3o faz nada na C\u00e2mara. A\u00ed, na v\u00e9spera da elei\u00e7\u00e3o, ele entra com um processo para barrar as cotas, s\u00f3 porque isso d\u00e1 audi\u00eancia com o p\u00fablico dele&#8221;, ressalta.<\/p>\n<p style=\"text-align: justify;\">Para valorizar a representatividade da candidatura, ela\u00a0pretende\u00a0elevar o n\u00edvel do debate no legislativo paulistano.<\/p>\n<p style=\"text-align: justify;\">&#8220;N\u00f3s n\u00e3o vamos fazer essa pol\u00edtica do enfrentamento tosco, de uma discuss\u00e3o que n\u00e3o leva ningu\u00e9m a lugar nenhum. \u00c9 uma vit\u00f3ria muito grande, que uma candidatura totalmente de periferia seja eleita. Ent\u00e3o, vamos elevar o n\u00edvel e debater os projetos que temos para apresentar.\u201d<\/p>\n<p class=\"ckeditor-subtitle\" style=\"text-align: justify;\">Briga pela Prefeitura<\/p>\n<p style=\"text-align: justify;\">Ambas, obviamente, esperam que Guilherme Boulos, candidato do PSOL \u00e0 Prefeitura de S\u00e3o Paulo, seja eleito, no pleito contra o atual prefeito, Bruno Covas (PSDB). Os candidatos disputam o\u00a0<a href=\"https:\/\/www.brasildefato.com.br\/2020\/11\/19\/sete-das-nove-capitais-nordestinas-vao-decidir-os-prefeitos-em-2-turno\" target=\"_blank\" rel=\"noopener noreferrer\">segundo turno<\/a>\u00a0do pleito eleitoral no dia 29 de novembro. O tucano\u00a0<a href=\"https:\/\/www.brasildefato.com.br\/2020\/11\/19\/adesao-a-campanha-de-boulos-cresce-com-rede-e-psb-covas-flerta-com-extrema-direita\" target=\"_blank\" rel=\"noopener noreferrer\">lidera as pesquisas de inten\u00e7\u00e3o de votos<\/a>.<\/p>\n<p style=\"text-align: justify;\">\u201cTemos a expectativa de eleger o Boulos. A possibilidade de continuar esse feudo do PSDB em S\u00e3o Paulo, torna \u00f3bvia a ades\u00e3o \u00e0 candidatura do Boulos e a defenderemos. Ali\u00e1s, ele representa um movimento extremamente importante na cidade (MTST)\u201d, aponta\u00a0Mineiro.<\/p>\n<p style=\"text-align: justify;\">Para Luana Alves, \u00e9 imposs\u00edvel dissociar a imagem do PSDB, de Jo\u00e3o D\u00f3ria e Bruno Covas, de Jair Bolsonaro. Por isso, \u201cBoulos \u00e9 capaz de fazer uma elei\u00e7\u00e3o ao lado do povo e que combata as ideias bolsonaristas.\u201d<\/p>\n<p style=\"text-align: justify;\">Mineiro\u00a0pondera que, enquanto representante do movimento negro, o horizonte \u00e9 ter uma candidatura negra para disputar a prefeitura.<\/p>\n<p style=\"text-align: justify;\">&#8220;Como movimento negro, esse n\u00e3o \u00e9 o melhor cen\u00e1rio para a cidade, quer\u00edamos outras op\u00e7\u00f5es, quer\u00edamos que pud\u00e9ssemos votar em uma candidatura negra. Entendemos que h\u00e1 uma dificuldade da esquerda em produzir lideran\u00e7as negras que disputem cargos majorit\u00e1rios&#8221;.<\/p>\n<p>Fonte: Brasil de Fato<\/p>\n","protected":false},"excerpt":{"rendered":"<p>Elaine Mineiro e Luana Alves est\u00e3o entre as eleitas: \u201cA vit\u00f3ria \u00e9 coletiva e os ganhos tamb\u00e9m ser\u00e3o\u201d<\/p>\n","protected":false},"author":1,"featured_media":16372,"comment_status":"open","ping_status":"open","sticky":false,"template":"","format":"standard","meta":{"_uag_custom_page_level_css":"","_monsterinsights_skip_tracking":false,"_monsterinsights_sitenote_active":false,"_monsterinsights_sitenote_note":"","_monsterinsights_sitenote_category":0,"jetpack_post_was_ever_published":false,"_jetpack_newsletter_access":"","_jetpack_dont_email_post_to_subs":false,"_jetpack_newsletter_tier_id":0,"_jetpack_memberships_contains_paywalled_content":false,"_jetpack_memberships_contains_paid_content":false,"footnotes":"","jetpack_publicize_message":"","jetpack_publicize_feature_enabled":true,"jetpack_social_post_already_shared":true,"jetpack_social_options":{"image_generator_settings":{"template":"highway","default_image_id":0,"font":"","enabled":false},"version":2}},"categories":[200,197,204],"tags":[],"class_list":["post-16371","post","type-post","status-publish","format-standard","has-post-thumbnail","hentry","category-brasil","category-politica","category-social"],"jetpack_publicize_connections":[],"jetpack_featured_media_url":"https:\/\/blogopara.com.br\/wp-content\/uploads\/2020\/11\/image_processing20201119-3574-j1wk14.jpeg","uagb_featured_image_src":{"full":["https:\/\/blogopara.com.br\/wp-content\/uploads\/2020\/11\/image_processing20201119-3574-j1wk14.jpeg",500,366,false],"thumbnail":["https:\/\/blogopara.com.br\/wp-content\/uploads\/2020\/11\/image_processing20201119-3574-j1wk14-150x150.jpeg",150,150,true],"medium":["https:\/\/blogopara.com.br\/wp-content\/uploads\/2020\/11\/image_processing20201119-3574-j1wk14-300x220.jpeg",300,220,true],"medium_large":["https:\/\/blogopara.com.br\/wp-content\/uploads\/2020\/11\/image_processing20201119-3574-j1wk14.jpeg",500,366,false],"large":["https:\/\/blogopara.com.br\/wp-content\/uploads\/2020\/11\/image_processing20201119-3574-j1wk14.jpeg",500,366,false],"1536x1536":["https:\/\/blogopara.com.br\/wp-content\/uploads\/2020\/11\/image_processing20201119-3574-j1wk14.jpeg",500,366,false],"2048x2048":["https:\/\/blogopara.com.br\/wp-content\/uploads\/2020\/11\/image_processing20201119-3574-j1wk14.jpeg",500,366,false],"mantranews-slider-large":["https:\/\/blogopara.com.br\/wp-content\/uploads\/2020\/11\/image_processing20201119-3574-j1wk14.jpeg",500,366,false],"mantranews-featured-medium":["https:\/\/blogopara.com.br\/wp-content\/uploads\/2020\/11\/image_processing20201119-3574-j1wk14-420x307.jpeg",420,307,true],"mantranews-featured-long":["https:\/\/blogopara.com.br\/wp-content\/uploads\/2020\/11\/image_processing20201119-3574-j1wk14-300x366.jpeg",300,366,true],"mantranews-block-medium":["https:\/\/blogopara.com.br\/wp-content\/uploads\/2020\/11\/image_processing20201119-3574-j1wk14-464x290.jpeg",464,290,true],"mantranews-carousel-image":["https:\/\/blogopara.com.br\/wp-content\/uploads\/2020\/11\/image_processing20201119-3574-j1wk14.jpeg",500,366,false],"mantranews-block-thumb":["https:\/\/blogopara.com.br\/wp-content\/uploads\/2020\/11\/image_processing20201119-3574-j1wk14-322x230.jpeg",322,230,true],"mantranews-single-large":["https:\/\/blogopara.com.br\/wp-content\/uploads\/2020\/11\/image_processing20201119-3574-j1wk14.jpeg",500,366,false]},"uagb_author_info":{"display_name":"Reda\u00e7\u00e3o geral","author_link":"https:\/\/blogopara.com.br\/index.php\/author\/blogopara"},"uagb_comment_info":2,"uagb_excerpt":"Elaine Mineiro e Luana Alves est\u00e3o entre as eleitas: \u201cA vit\u00f3ria \u00e9 coletiva e os ganhos tamb\u00e9m ser\u00e3o\u201d","jetpack_sharing_enabled":true,"jetpack_likes_enabled":true,"_links":{"self":[{"href":"https:\/\/blogopara.com.br\/index.php\/wp-json\/wp\/v2\/posts\/16371","targetHints":{"allow":["GET"]}}],"collection":[{"href":"https:\/\/blogopara.com.br\/index.php\/wp-json\/wp\/v2\/posts"}],"about":[{"href":"https:\/\/blogopara.com.br\/index.php\/wp-json\/wp\/v2\/types\/post"}],"author":[{"embeddable":true,"href":"https:\/\/blogopara.com.br\/index.php\/wp-json\/wp\/v2\/users\/1"}],"replies":[{"embeddable":true,"href":"https:\/\/blogopara.com.br\/index.php\/wp-json\/wp\/v2\/comments?post=16371"}],"version-history":[{"count":2,"href":"https:\/\/blogopara.com.br\/index.php\/wp-json\/wp\/v2\/posts\/16371\/revisions"}],"predecessor-version":[{"id":16374,"href":"https:\/\/blogopara.com.br\/index.php\/wp-json\/wp\/v2\/posts\/16371\/revisions\/16374"}],"wp:featuredmedia":[{"embeddable":true,"href":"https:\/\/blogopara.com.br\/index.php\/wp-json\/wp\/v2\/media\/16372"}],"wp:attachment":[{"href":"https:\/\/blogopara.com.br\/index.php\/wp-json\/wp\/v2\/media?parent=16371"}],"wp:term":[{"taxonomy":"category","embeddable":true,"href":"https:\/\/blogopara.com.br\/index.php\/wp-json\/wp\/v2\/categories?post=16371"},{"taxonomy":"post_tag","embeddable":true,"href":"https:\/\/blogopara.com.br\/index.php\/wp-json\/wp\/v2\/tags?post=16371"}],"curies":[{"name":"wp","href":"https:\/\/api.w.org\/{rel}","templated":true}]}}