{"id":16388,"date":"2020-11-22T08:20:17","date_gmt":"2020-11-22T11:20:17","guid":{"rendered":"http:\/\/blogopara.com.br\/?p=16388"},"modified":"2020-11-21T13:26:15","modified_gmt":"2020-11-21T16:26:15","slug":"nova-eleicao-em-juazeiro-mexe-com-a-populacao","status":"publish","type":"post","link":"https:\/\/blogopara.com.br\/index.php\/2020\/11\/22\/nova-eleicao-em-juazeiro-mexe-com-a-populacao","title":{"rendered":"Nova elei\u00e7\u00e3o em Juazeiro mexe com a popula\u00e7\u00e3o"},"content":{"rendered":"<div class=\"yF0IC\" data-hook=\"post-description\">\n<article class=\"blog-post-page-font\">\n<div class=\"post-content__body\">\n<div class=\"lV_uZ _1LHlu _1ltva\" data-rce-version=\"8.5.0\">\n<div class=\"kcuBq _1PkHV blog-post-page-font _3f8WX uatYj\" dir=\"ltr\">\n<div class=\"kaqlz _1FQ9t blog-post-page-font zJfAe\">\n<p id=\"viewer-8k5t1\" class=\"XzvDs _208Ie ljrnk blog-post-text-font blog-post-text-color _2QAo- _1iXso wj-V5 ljrnk public-DraftStyleDefault-block-depth0 public-DraftStyleDefault-text-ltr\" style=\"text-align: justify;\"><span class=\"vkIF2 public-DraftStyleDefault-ltr PDkkw\">Passada a euforia das vit\u00f3rias da nova Prefeita e dos escolhidos para as cadeiras da C\u00e2mara Municipal, Juazeiro, no norte da Bahia, vive um novo clima de disputas pol\u00edticas, com diversas discuss\u00f5es e especula\u00e7\u00f5es sendo lan\u00e7adas por todos os lados. Fora os engra\u00e7ados e maliciosos memes publicados nas redes sociais. A briga, agora, \u00e9 pela escolha do nome que dever\u00e1 organizar os trabalhos dos Vereadores, na condi\u00e7\u00e3o de Presidente dos edis escolhidos.<\/span><\/p>\n<p id=\"viewer-4k9nk\" class=\"XzvDs _208Ie ljrnk blog-post-text-font blog-post-text-color _2QAo- _1iXso wj-V5 ljrnk public-DraftStyleDefault-block-depth0 public-DraftStyleDefault-text-ltr\" style=\"text-align: justify;\"><span class=\"vkIF2 public-DraftStyleDefault-ltr PDkkw\">De um lado, a equipe de apoiadores e coligados de Suzana Ramos (PSDB), que preza pela renova\u00e7\u00e3o. Do outro lado, os que declararam oposi\u00e7\u00e3o imediata \u00e0 nova Prefeita e que dever\u00e3o tentar fazer de tudo para dificultar sua vida. Fato \u00e9 que os jogos come\u00e7aram.<\/span><\/p>\n<p id=\"viewer-dos6s\" class=\"XzvDs _208Ie ljrnk blog-post-text-font blog-post-text-color _2QAo- _1iXso wj-V5 ljrnk public-DraftStyleDefault-block-depth0 public-DraftStyleDefault-text-ltr\" style=\"text-align: justify;\"><span class=\"vkIF2 public-DraftStyleDefault-ltr PDkkw\">Entretanto, percebemos que, nesse emaranhado de composi\u00e7\u00f5es, surge uma figura nova no cen\u00e1rio, que vem se destacando por sua postura, desde o in\u00edcio de sua campanha at\u00e9 o momento presente. Estamos falando do Vereador eleito Renato Brand\u00e3o (PL), que ostenta o forte nome de uma fam\u00edlia antiga, respeitada e composta por diversas personalidades de bem e que, agora, parece come\u00e7ar a assumir, tamb\u00e9m, a responsabilidade de tentar colocar Juazeiro nos trilhos do crescimento e da prosperidade.\u00a0<\/span><\/p>\n<p id=\"viewer-fgpuu\" class=\"XzvDs _208Ie ljrnk blog-post-text-font blog-post-text-color _2QAo- _1iXso wj-V5 ljrnk public-DraftStyleDefault-block-depth0 public-DraftStyleDefault-text-ltr\" style=\"text-align: justify;\"><span class=\"vkIF2 public-DraftStyleDefault-ltr PDkkw\">\u201c<em>O povo de Juazeiro acordou e est\u00e1 ficando, cada vez mais, bem politizado. A renova\u00e7\u00e3o do Executivo e de mais de 66% do Legislativo comprovam isso. Agora, s\u00f3 nos resta, a mim e a todos os novos eleitos, a serenidade para cumprirmos nossas metas, em favor de um munic\u00edpio mais forte, mais pujante. Parabenizamos Suzana Ramos e Leonardo Bandeira, pela quebra dos paradigmas, e aos meus colegas de verean\u00e7a, pela oportunidade que ter\u00e3o de mostrar que Juazeiro pode e deve crescer, com o servi\u00e7o dos que foram escolhidos para representar o povo de nossa cidade. N\u00f3s, Vereadores, somos funcion\u00e1rios da popula\u00e7\u00e3o e nada mais que isso. Iremos trabalhar, planejar, prospectar, elaborar as devidas legisla\u00e7\u00f5es e efetuar as devidas fiscaliza\u00e7\u00f5es, para que o dinheiro p\u00fablico seja bem empregado e volte, de verdade, para quem mais precisa: o povo<\/em>\u201d, disse Renato Brand\u00e3o.<\/span><\/p>\n<p id=\"viewer-ek4ls\" class=\"XzvDs _208Ie ljrnk blog-post-text-font blog-post-text-color _2QAo- _1iXso wj-V5 ljrnk public-DraftStyleDefault-block-depth0 public-DraftStyleDefault-text-ltr\" style=\"text-align: justify;\"><span class=\"vkIF2 public-DraftStyleDefault-ltr PDkkw\">Com essas palavras, fica o entendimento que Renato Brand\u00e3o poder\u00e1 ser mais do que um voto de minerva nessas negocia\u00e7\u00f5es, como alguns imaginam, e que poder\u00e1, inclusive, surpreender, quando conhecermos os nomes dos que ir\u00e3o disputar a Presid\u00eancia da C\u00e2mara. <\/span><\/p>\n<p id=\"viewer-54jg2\" class=\"XzvDs _208Ie ljrnk blog-post-text-font blog-post-text-color _2QAo- _1iXso wj-V5 ljrnk public-DraftStyleDefault-block-depth0 public-DraftStyleDefault-text-ltr\" style=\"text-align: justify;\"><span class=\"vkIF2 public-DraftStyleDefault-ltr PDkkw\">O que percebemos aqui \u00e9 que a import\u00e2ncia de Renato, neste cen\u00e1rio, cresce cada vez mais e que seus hist\u00f3ricos pessoal e profissional dever\u00e3o formar o fiel da balan\u00e7a. <\/span><\/p>\n<p id=\"viewer-9luma\" class=\"XzvDs _208Ie ljrnk blog-post-text-font blog-post-text-color _2QAo- _1iXso wj-V5 ljrnk public-DraftStyleDefault-block-depth0 public-DraftStyleDefault-text-ltr\" style=\"text-align: justify;\"><span class=\"vkIF2 public-DraftStyleDefault-ltr PDkkw\"><em>Fonte de informa\u00e7\u00f5es: Cartaz da Cidade<\/em><\/span><\/p>\n<\/div>\n<\/div>\n<\/div>\n<\/div>\n<\/article>\n<\/div>\n<div class=\"_1yEvn\">\n<div class=\"_3YxRQ\" data-hook=\"post-main-actions-desktop\">\n<div class=\"ygPzE blog-separator-background-color\" style=\"text-align: justify;\"><\/div>\n<div class=\"_29Euw MQFQm\">\n<div id=\"post-social-actions\" class=\"_1nBO7 blog-text-color\" style=\"text-align: justify;\" tabindex=\"-1\"><\/div>\n<\/div>\n<\/div>\n<\/div>\n","protected":false},"excerpt":{"rendered":"<p>As expectativas, agora, recaem sobre a Presid\u00eancia da renovada C\u00e2mara de Vereadores.<\/p>\n","protected":false},"author":1,"featured_media":16232,"comment_status":"open","ping_status":"open","sticky":false,"template":"","format":"standard","meta":{"_uag_custom_page_level_css":"","_monsterinsights_skip_tracking":false,"_monsterinsights_sitenote_active":false,"_monsterinsights_sitenote_note":"","_monsterinsights_sitenote_category":0,"jetpack_post_was_ever_published":false,"_jetpack_newsletter_access":"","_jetpack_dont_email_post_to_subs":false,"_jetpack_newsletter_tier_id":0,"_jetpack_memberships_contains_paywalled_content":false,"_jetpack_memberships_contains_paid_content":false,"footnotes":"","jetpack_publicize_message":"","jetpack_publicize_feature_enabled":true,"jetpack_social_post_already_shared":true,"jetpack_social_options":{"image_generator_settings":{"template":"highway","default_image_id":0,"font":"","enabled":false},"version":2}},"categories":[203,197],"tags":[],"class_list":["post-16388","post","type-post","status-publish","format-standard","has-post-thumbnail","hentry","category-juazeiro","category-politica"],"jetpack_publicize_connections":[],"jetpack_featured_media_url":"https:\/\/blogopara.com.br\/wp-content\/uploads\/2020\/11\/blog-do-ZCB_camarajua_pnilson03.jpg","uagb_featured_image_src":{"full":["https:\/\/blogopara.com.br\/wp-content\/uploads\/2020\/11\/blog-do-ZCB_camarajua_pnilson03.jpg",420,224,false],"thumbnail":["https:\/\/blogopara.com.br\/wp-content\/uploads\/2020\/11\/blog-do-ZCB_camarajua_pnilson03-150x150.jpg",150,150,true],"medium":["https:\/\/blogopara.com.br\/wp-content\/uploads\/2020\/11\/blog-do-ZCB_camarajua_pnilson03-300x160.jpg",300,160,true],"medium_large":["https:\/\/blogopara.com.br\/wp-content\/uploads\/2020\/11\/blog-do-ZCB_camarajua_pnilson03.jpg",420,224,false],"large":["https:\/\/blogopara.com.br\/wp-content\/uploads\/2020\/11\/blog-do-ZCB_camarajua_pnilson03.jpg",420,224,false],"1536x1536":["https:\/\/blogopara.com.br\/wp-content\/uploads\/2020\/11\/blog-do-ZCB_camarajua_pnilson03.jpg",420,224,false],"2048x2048":["https:\/\/blogopara.com.br\/wp-content\/uploads\/2020\/11\/blog-do-ZCB_camarajua_pnilson03.jpg",420,224,false],"mantranews-slider-large":["https:\/\/blogopara.com.br\/wp-content\/uploads\/2020\/11\/blog-do-ZCB_camarajua_pnilson03.jpg",420,224,false],"mantranews-featured-medium":["https:\/\/blogopara.com.br\/wp-content\/uploads\/2020\/11\/blog-do-ZCB_camarajua_pnilson03.jpg",420,224,false],"mantranews-featured-long":["https:\/\/blogopara.com.br\/wp-content\/uploads\/2020\/11\/blog-do-ZCB_camarajua_pnilson03-300x224.jpg",300,224,true],"mantranews-block-medium":["https:\/\/blogopara.com.br\/wp-content\/uploads\/2020\/11\/blog-do-ZCB_camarajua_pnilson03.jpg",420,224,false],"mantranews-carousel-image":["https:\/\/blogopara.com.br\/wp-content\/uploads\/2020\/11\/blog-do-ZCB_camarajua_pnilson03.jpg",420,224,false],"mantranews-block-thumb":["https:\/\/blogopara.com.br\/wp-content\/uploads\/2020\/11\/blog-do-ZCB_camarajua_pnilson03-322x224.jpg",322,224,true],"mantranews-single-large":["https:\/\/blogopara.com.br\/wp-content\/uploads\/2020\/11\/blog-do-ZCB_camarajua_pnilson03.jpg",420,224,false]},"uagb_author_info":{"display_name":"Reda\u00e7\u00e3o geral","author_link":"https:\/\/blogopara.com.br\/index.php\/author\/blogopara"},"uagb_comment_info":0,"uagb_excerpt":"As expectativas, agora, recaem sobre a Presid\u00eancia da renovada C\u00e2mara de Vereadores.","jetpack_sharing_enabled":true,"jetpack_likes_enabled":true,"_links":{"self":[{"href":"https:\/\/blogopara.com.br\/index.php\/wp-json\/wp\/v2\/posts\/16388","targetHints":{"allow":["GET"]}}],"collection":[{"href":"https:\/\/blogopara.com.br\/index.php\/wp-json\/wp\/v2\/posts"}],"about":[{"href":"https:\/\/blogopara.com.br\/index.php\/wp-json\/wp\/v2\/types\/post"}],"author":[{"embeddable":true,"href":"https:\/\/blogopara.com.br\/index.php\/wp-json\/wp\/v2\/users\/1"}],"replies":[{"embeddable":true,"href":"https:\/\/blogopara.com.br\/index.php\/wp-json\/wp\/v2\/comments?post=16388"}],"version-history":[{"count":1,"href":"https:\/\/blogopara.com.br\/index.php\/wp-json\/wp\/v2\/posts\/16388\/revisions"}],"predecessor-version":[{"id":16389,"href":"https:\/\/blogopara.com.br\/index.php\/wp-json\/wp\/v2\/posts\/16388\/revisions\/16389"}],"wp:featuredmedia":[{"embeddable":true,"href":"https:\/\/blogopara.com.br\/index.php\/wp-json\/wp\/v2\/media\/16232"}],"wp:attachment":[{"href":"https:\/\/blogopara.com.br\/index.php\/wp-json\/wp\/v2\/media?parent=16388"}],"wp:term":[{"taxonomy":"category","embeddable":true,"href":"https:\/\/blogopara.com.br\/index.php\/wp-json\/wp\/v2\/categories?post=16388"},{"taxonomy":"post_tag","embeddable":true,"href":"https:\/\/blogopara.com.br\/index.php\/wp-json\/wp\/v2\/tags?post=16388"}],"curies":[{"name":"wp","href":"https:\/\/api.w.org\/{rel}","templated":true}]}}