{"id":16632,"date":"2020-11-28T08:00:47","date_gmt":"2020-11-28T11:00:47","guid":{"rendered":"http:\/\/blogopara.com.br\/?p=16632"},"modified":"2020-11-27T21:06:45","modified_gmt":"2020-11-28T00:06:45","slug":"pesquisa-de-egressa-da-univasf-recebe-premio-da-associacao-brasileira-de-antropologia-aba","status":"publish","type":"post","link":"https:\/\/blogopara.com.br\/index.php\/2020\/11\/28\/pesquisa-de-egressa-da-univasf-recebe-premio-da-associacao-brasileira-de-antropologia-aba","title":{"rendered":"Pesquisa de egressa da Univasf recebe pr\u00eamio da Associa\u00e7\u00e3o Brasileira de Antropologia (ABA)"},"content":{"rendered":"<p style=\"text-align: justify;\">Um estudo sobre a rela\u00e7\u00e3o entre o surgimento das primeiras pris\u00f5es do Brasil e os interesses pol\u00edticos e econ\u00f4micos da classe dominante do s\u00e9culo XIX. Assim \u00e9 o trabalho da egressa do curso de Licenciatura em Ci\u00eancias Sociais da Universidade Federal do Vale do S\u00e3o Francisco (Univasf) Izabel Castro, premiado com men\u00e7\u00e3o honrosa durante a 32\u00ba Reuni\u00e3o Brasileira de Antropologia, promovida pela Associa\u00e7\u00e3o Brasileira de Antropologia (ABA).<\/p>\n<p style=\"text-align: justify;\">O artigo, intitulado \u201cPuni\u00e7\u00e3o e controle social no S\u00e9culo XIX: uma an\u00e1lise hist\u00f3rica-antropol\u00f3gica dos Annaes do Parlamento Brazileiro e do C\u00f3digo Criminal de 1830\u201d, foi submetido ao\u00a0<a href=\"https:\/\/www.32rba.abant.org.br\/conteudo\/view?ID_CONTEUDO=514\" target=\"_blank\" rel=\"noopener noreferrer\">IX Pr\u00eamio Antropologia e Direitos Humanos<\/a>, na categoria Gradua\u00e7\u00e3o.<\/p>\n<p style=\"text-align: justify;\">O artigo \u00e9 fruto do Trabalho de Conclus\u00e3o de Curso (TCC) de Izabel, defendido em fevereiro deste ano, sob orienta\u00e7\u00e3o do professor do Colegiado de Ci\u00eancias Sociais da Univasf Adalton Marques. A escolha por realizar a pesquisa sobre c\u00e1rcere se deu atrav\u00e9s da uni\u00e3o do interesse da egressa pelo tema desde o ano de 2017, quando estagiou, como licencianda, no conjunto penal de Juazeiro (BA), e o est\u00edmulo recebido pelo seu orientador, para que buscassem compreender o sistema carcer\u00e1rio estruturalmente.<\/p>\n<p style=\"text-align: justify;\">A cientista social explica que, assim, a dupla optou por fazer um trabalho com uma an\u00e1lise aprofundada deste sistema. \u201cN\u00e3o nos era suficiente falar do encarceramento somente dizendo o que ele \u00e9 na atualidade, mas \u00e9 necess\u00e1rio analisar como esse processo aconteceu e acontece, o que nos possibilita entender como nos tornamos o que somos, atualmente\u201d, afirma.<\/p>\n<p style=\"text-align: justify;\">A pesquisa analisa a cria\u00e7\u00e3o do C\u00f3digo Criminal de 1830, que estabeleceu a pris\u00e3o como novo tipo de pena por crimes no pa\u00eds. Segundo o estudo, esta cria\u00e7\u00e3o est\u00e1 relacionada ao controle das classes populares e foi institu\u00edda como uma forma de controlar as pessoas empobrecidas, sem propriedades rurais, que n\u00e3o eram escravas e n\u00e3o podiam ser submetidas \u00e0s pr\u00e1ticas disciplinares das grandes fazendas, como o chicote e o tronco. Segundo a an\u00e1lise, isso se deu com o intuito de manter a ordem econ\u00f4mica da \u00e9poca, que era baseada no abastecimento do mercado externo, especialmente europeu, e no uso de m\u00e3o de obra escravizada. Al\u00e9m disso, o trabalho destaca as rela\u00e7\u00f5es entre os problemas do sistema prisional presentes em sua cria\u00e7\u00e3o e nos tempos atuais e, assim, constata que algumas situa\u00e7\u00f5es, como o encarceramento massivo e a seletividade penal, fazem parte, na verdade, do aparato repressivo prisional.<\/p>\n<p style=\"text-align: justify;\">Para Izabel Castro, receber a premia\u00e7\u00e3o foi uma surpresa e uma grande conquista. \u201cAinda estou impactada, mas extremamente feliz com a men\u00e7\u00e3o honrosa, especialmente pela import\u00e2ncia da Associa\u00e7\u00e3o Brasileira de Antropologia (ABA). A meu ver, isso significa que, apesar das dificuldades em se fazer pesquisa no Brasil, sobretudo na \u00e1rea de humanas, estamos no caminho certo, promissor. E, evidentemente, \u00e9 mais um est\u00edmulo para que eu persista nessa \u00e1rea, um \u00e2nimo para a caminhada\u201d, afirma.<\/p>\n<p style=\"text-align: justify;\">Ascom Univasf<\/p>\n","protected":false},"excerpt":{"rendered":"<p>Um estudo sobre a rela\u00e7\u00e3o entre o surgimento das primeiras pris\u00f5es do Brasil e os interesses pol\u00edticos e econ\u00f4micos da classe dominante do s\u00e9culo XIX. Assim \u00e9 o trabalho da egressa do curso de Licenciatura em Ci\u00eancias Sociais da Universidade Federal do Vale do S\u00e3o Francisco (Univasf) Izabel Castro, premiado com men\u00e7\u00e3o honrosa durante a [&hellip;]<\/p>\n","protected":false},"author":1,"featured_media":16633,"comment_status":"open","ping_status":"open","sticky":false,"template":"","format":"standard","meta":{"_uag_custom_page_level_css":"","_monsterinsights_skip_tracking":false,"_monsterinsights_sitenote_active":false,"_monsterinsights_sitenote_note":"","_monsterinsights_sitenote_category":0,"jetpack_post_was_ever_published":false,"_jetpack_newsletter_access":"","_jetpack_dont_email_post_to_subs":false,"_jetpack_newsletter_tier_id":0,"_jetpack_memberships_contains_paywalled_content":false,"_jetpack_memberships_contains_paid_content":false,"footnotes":"","jetpack_publicize_message":"","jetpack_publicize_feature_enabled":true,"jetpack_social_post_already_shared":true,"jetpack_social_options":{"image_generator_settings":{"template":"highway","default_image_id":0,"font":"","enabled":false},"version":2}},"categories":[200,209],"tags":[],"class_list":["post-16632","post","type-post","status-publish","format-standard","has-post-thumbnail","hentry","category-brasil","category-educacao"],"jetpack_publicize_connections":[],"jetpack_featured_media_url":"https:\/\/blogopara.com.br\/wp-content\/uploads\/2020\/11\/IsabelCastro.jpeg","uagb_featured_image_src":{"full":["https:\/\/blogopara.com.br\/wp-content\/uploads\/2020\/11\/IsabelCastro.jpeg",360,640,false],"thumbnail":["https:\/\/blogopara.com.br\/wp-content\/uploads\/2020\/11\/IsabelCastro-150x150.jpeg",150,150,true],"medium":["https:\/\/blogopara.com.br\/wp-content\/uploads\/2020\/11\/IsabelCastro-169x300.jpeg",169,300,true],"medium_large":["https:\/\/blogopara.com.br\/wp-content\/uploads\/2020\/11\/IsabelCastro.jpeg",360,640,false],"large":["https:\/\/blogopara.com.br\/wp-content\/uploads\/2020\/11\/IsabelCastro.jpeg",360,640,false],"1536x1536":["https:\/\/blogopara.com.br\/wp-content\/uploads\/2020\/11\/IsabelCastro.jpeg",360,640,false],"2048x2048":["https:\/\/blogopara.com.br\/wp-content\/uploads\/2020\/11\/IsabelCastro.jpeg",360,640,false],"mantranews-slider-large":["https:\/\/blogopara.com.br\/wp-content\/uploads\/2020\/11\/IsabelCastro.jpeg",360,640,false],"mantranews-featured-medium":["https:\/\/blogopara.com.br\/wp-content\/uploads\/2020\/11\/IsabelCastro-360x307.jpeg",360,307,true],"mantranews-featured-long":["https:\/\/blogopara.com.br\/wp-content\/uploads\/2020\/11\/IsabelCastro-300x443.jpeg",300,443,true],"mantranews-block-medium":["https:\/\/blogopara.com.br\/wp-content\/uploads\/2020\/11\/IsabelCastro-360x290.jpeg",360,290,true],"mantranews-carousel-image":["https:\/\/blogopara.com.br\/wp-content\/uploads\/2020\/11\/IsabelCastro-360x500.jpeg",360,500,true],"mantranews-block-thumb":["https:\/\/blogopara.com.br\/wp-content\/uploads\/2020\/11\/IsabelCastro-322x230.jpeg",322,230,true],"mantranews-single-large":["https:\/\/blogopara.com.br\/wp-content\/uploads\/2020\/11\/IsabelCastro.jpeg",360,640,false]},"uagb_author_info":{"display_name":"Reda\u00e7\u00e3o geral","author_link":"https:\/\/blogopara.com.br\/index.php\/author\/blogopara"},"uagb_comment_info":0,"uagb_excerpt":"Um estudo sobre a rela\u00e7\u00e3o entre o surgimento das primeiras pris\u00f5es do Brasil e os interesses pol\u00edticos e econ\u00f4micos da classe dominante do s\u00e9culo XIX. Assim \u00e9 o trabalho da egressa do curso de Licenciatura em Ci\u00eancias Sociais da Universidade Federal do Vale do S\u00e3o Francisco (Univasf) Izabel Castro, premiado com men\u00e7\u00e3o honrosa durante a&hellip;","jetpack_sharing_enabled":true,"jetpack_likes_enabled":true,"_links":{"self":[{"href":"https:\/\/blogopara.com.br\/index.php\/wp-json\/wp\/v2\/posts\/16632","targetHints":{"allow":["GET"]}}],"collection":[{"href":"https:\/\/blogopara.com.br\/index.php\/wp-json\/wp\/v2\/posts"}],"about":[{"href":"https:\/\/blogopara.com.br\/index.php\/wp-json\/wp\/v2\/types\/post"}],"author":[{"embeddable":true,"href":"https:\/\/blogopara.com.br\/index.php\/wp-json\/wp\/v2\/users\/1"}],"replies":[{"embeddable":true,"href":"https:\/\/blogopara.com.br\/index.php\/wp-json\/wp\/v2\/comments?post=16632"}],"version-history":[{"count":1,"href":"https:\/\/blogopara.com.br\/index.php\/wp-json\/wp\/v2\/posts\/16632\/revisions"}],"predecessor-version":[{"id":16634,"href":"https:\/\/blogopara.com.br\/index.php\/wp-json\/wp\/v2\/posts\/16632\/revisions\/16634"}],"wp:featuredmedia":[{"embeddable":true,"href":"https:\/\/blogopara.com.br\/index.php\/wp-json\/wp\/v2\/media\/16633"}],"wp:attachment":[{"href":"https:\/\/blogopara.com.br\/index.php\/wp-json\/wp\/v2\/media?parent=16632"}],"wp:term":[{"taxonomy":"category","embeddable":true,"href":"https:\/\/blogopara.com.br\/index.php\/wp-json\/wp\/v2\/categories?post=16632"},{"taxonomy":"post_tag","embeddable":true,"href":"https:\/\/blogopara.com.br\/index.php\/wp-json\/wp\/v2\/tags?post=16632"}],"curies":[{"name":"wp","href":"https:\/\/api.w.org\/{rel}","templated":true}]}}