{"id":1673,"date":"2019-07-17T08:03:59","date_gmt":"2019-07-17T11:03:59","guid":{"rendered":"http:\/\/blogopara.com.br\/?p=1673"},"modified":"2019-07-17T08:24:36","modified_gmt":"2019-07-17T11:24:36","slug":"uneb-oferece-curso-de-extensao-tecnologias-digitais-jornalismo-e-fake-news","status":"publish","type":"post","link":"https:\/\/blogopara.com.br\/index.php\/2019\/07\/17\/uneb-oferece-curso-de-extensao-tecnologias-digitais-jornalismo-e-fake-news","title":{"rendered":"UNEB oferece Curso de Extens\u00e3o Tecnologias digitais, jornalismo e Fake News"},"content":{"rendered":"<div id=\"texto\">\n<p style=\"text-align: justify;\">O Colegiado de Jornalismo em Multimeios, do Departamento de Ci\u00eancias Humanas (DCH), da Universidade do Estado da Bahia (Uneb), promove a partir desta ter\u00e7a-feira (16) o Curso de Extens\u00e3o &#8220;Tecnologias digitais, Jornalismo, Fake News e DeepFakes&#8221;, a ser realizado nos meses de Julho e Agosto, \u00e0s ter\u00e7as-feiras e quartas-feiras, das 19h \u00e0s 21h. O curso inicia no dia 16 de Julho com prazo de conclus\u00e3o at\u00e9 28 de Agosto.<\/p>\n<p style=\"text-align: justify;\">Com carga hor\u00e1ria de 30 horas, a atividade de extens\u00e3o \u00e9 direcionada \u00e0 professores, jornalistas, profissionais e estudantes da \u00e1rea da comunica\u00e7\u00e3o e interessados em compreender os fen\u00f4menos contempor\u00e2neos decorrentes das tecnologias digitais e o entendimento das implica\u00e7\u00f5es do uso de intelig\u00eancia artificial, de ferramentas digitais e de como o uso de algoritmos impacta a produ\u00e7\u00e3o, a distribui\u00e7\u00e3o e o consumo da not\u00edcia.<\/p>\n<p style=\"text-align: justify;\">A proposta do curso \u00e9 analisar o significado das redes sociais a partir das diversas teorias (cr\u00edtica, social e cultural) e de que maneira a arquitetura das redes facilita a emerg\u00eancia de fen\u00f4menos como as fake news e os deepfakes e suas consequ\u00eancias para o jornalismo como atividade mediadora entre os diversos agentes envolvidos na comunica\u00e7\u00e3o e informa\u00e7\u00e3o.<\/p>\n<p style=\"text-align: justify;\">O curso \u00e9 coordenado pela professora da gradua\u00e7\u00e3o em Jornalismo da Uneb, Rosane Soares Santana, que \u00e9 doutora em Comunica\u00e7\u00e3o pela Universidade Federal da Bahia e bolsista do CNPq, pesquisadora de estudos em Comunica\u00e7\u00e3o e Pol\u00edtica (CP-Redes-P\u00f3scom), do Centro de Estudos Avan\u00e7ados em Democracia Digital (CEADD-Facom) e do Instituto Nacional de Ci\u00eancia e Tecnologia em Democracia Digital (INCT DD).<\/p>\n<p style=\"text-align: justify;\">Rosane Santana \u00e9 autora da tese &#8220;Participa\u00e7\u00e3o Pol\u00edtica On-line e Off-line nas Elei\u00e7\u00f5es Presidenciais Brasileiras de 2014&#8221;, que recebeu Men\u00e7\u00e3o Honrosa do Pr\u00eamio Ant\u00f4nio Lavareda 2015, concedido pelo Grupo Opini\u00e3o P\u00fablica da Universidade Federal de Minas Gerais (UFMG) e pelo Instituto de Pesquisas Econ\u00f4micas, Sociais e Pol\u00edticas de Pernambuco (IPESP), pelo ineditismo metodol\u00f3gico no Brasil e contribui\u00e7\u00e3o \u00e0 literatura brasileira sobre Internet, segundo afirmou o cientista pol\u00edtico Antonio Lavareda.<\/p>\n<\/div>\n<pre id=\"creditos\" class=\"creditos-postagem\">Fonte: Blog GJ<\/pre>\n","protected":false},"excerpt":{"rendered":"<p>A proposta do curso \u00e9 analisar o significado das redes sociais a partir das diversas teorias (cr\u00edtica, social e cultural).<\/p>\n","protected":false},"author":1,"featured_media":1678,"comment_status":"open","ping_status":"open","sticky":false,"template":"","format":"standard","meta":{"_uag_custom_page_level_css":"","_monsterinsights_skip_tracking":false,"_monsterinsights_sitenote_active":false,"_monsterinsights_sitenote_note":"","_monsterinsights_sitenote_category":0,"jetpack_post_was_ever_published":false,"_jetpack_newsletter_access":"","_jetpack_dont_email_post_to_subs":false,"_jetpack_newsletter_tier_id":0,"_jetpack_memberships_contains_paywalled_content":false,"_jetpack_memberships_contains_paid_content":false,"footnotes":"","jetpack_publicize_message":"","jetpack_publicize_feature_enabled":true,"jetpack_social_post_already_shared":true,"jetpack_social_options":{"image_generator_settings":{"template":"highway","default_image_id":0,"font":"","enabled":false},"version":2}},"categories":[203],"tags":[284,28,285,283],"class_list":["post-1673","post","type-post","status-publish","format-standard","has-post-thumbnail","hentry","category-juazeiro","tag-curso-de-extensao","tag-fake-news","tag-jornalismo","tag-uneb"],"jetpack_publicize_connections":[],"jetpack_featured_media_url":"https:\/\/blogopara.com.br\/wp-content\/uploads\/2019\/07\/fake-news-jornalismo-e-tecnologia-com-marcelo-senise-550x344.jpg","uagb_featured_image_src":{"full":["https:\/\/blogopara.com.br\/wp-content\/uploads\/2019\/07\/fake-news-jornalismo-e-tecnologia-com-marcelo-senise-550x344.jpg",550,344,false],"thumbnail":["https:\/\/blogopara.com.br\/wp-content\/uploads\/2019\/07\/fake-news-jornalismo-e-tecnologia-com-marcelo-senise-550x344-150x150.jpg",150,150,true],"medium":["https:\/\/blogopara.com.br\/wp-content\/uploads\/2019\/07\/fake-news-jornalismo-e-tecnologia-com-marcelo-senise-550x344-300x188.jpg",300,188,true],"medium_large":["https:\/\/blogopara.com.br\/wp-content\/uploads\/2019\/07\/fake-news-jornalismo-e-tecnologia-com-marcelo-senise-550x344.jpg",550,344,false],"large":["https:\/\/blogopara.com.br\/wp-content\/uploads\/2019\/07\/fake-news-jornalismo-e-tecnologia-com-marcelo-senise-550x344.jpg",550,344,false],"1536x1536":["https:\/\/blogopara.com.br\/wp-content\/uploads\/2019\/07\/fake-news-jornalismo-e-tecnologia-com-marcelo-senise-550x344.jpg",550,344,false],"2048x2048":["https:\/\/blogopara.com.br\/wp-content\/uploads\/2019\/07\/fake-news-jornalismo-e-tecnologia-com-marcelo-senise-550x344.jpg",550,344,false],"mantranews-slider-large":["https:\/\/blogopara.com.br\/wp-content\/uploads\/2019\/07\/fake-news-jornalismo-e-tecnologia-com-marcelo-senise-550x344.jpg",550,344,false],"mantranews-featured-medium":["https:\/\/blogopara.com.br\/wp-content\/uploads\/2019\/07\/fake-news-jornalismo-e-tecnologia-com-marcelo-senise-550x344.jpg",420,263,false],"mantranews-featured-long":["https:\/\/blogopara.com.br\/wp-content\/uploads\/2019\/07\/fake-news-jornalismo-e-tecnologia-com-marcelo-senise-550x344.jpg",300,188,false],"mantranews-block-medium":["https:\/\/blogopara.com.br\/wp-content\/uploads\/2019\/07\/fake-news-jornalismo-e-tecnologia-com-marcelo-senise-550x344.jpg",464,290,false],"mantranews-carousel-image":["https:\/\/blogopara.com.br\/wp-content\/uploads\/2019\/07\/fake-news-jornalismo-e-tecnologia-com-marcelo-senise-550x344.jpg",550,344,false],"mantranews-block-thumb":["https:\/\/blogopara.com.br\/wp-content\/uploads\/2019\/07\/fake-news-jornalismo-e-tecnologia-com-marcelo-senise-550x344.jpg",322,201,false],"mantranews-single-large":["https:\/\/blogopara.com.br\/wp-content\/uploads\/2019\/07\/fake-news-jornalismo-e-tecnologia-com-marcelo-senise-550x344.jpg",550,344,false]},"uagb_author_info":{"display_name":"Reda\u00e7\u00e3o geral","author_link":"https:\/\/blogopara.com.br\/index.php\/author\/blogopara"},"uagb_comment_info":0,"uagb_excerpt":"A proposta do curso \u00e9 analisar o significado das redes sociais a partir das diversas teorias (cr\u00edtica, social e cultural).","jetpack_sharing_enabled":true,"jetpack_likes_enabled":true,"_links":{"self":[{"href":"https:\/\/blogopara.com.br\/index.php\/wp-json\/wp\/v2\/posts\/1673","targetHints":{"allow":["GET"]}}],"collection":[{"href":"https:\/\/blogopara.com.br\/index.php\/wp-json\/wp\/v2\/posts"}],"about":[{"href":"https:\/\/blogopara.com.br\/index.php\/wp-json\/wp\/v2\/types\/post"}],"author":[{"embeddable":true,"href":"https:\/\/blogopara.com.br\/index.php\/wp-json\/wp\/v2\/users\/1"}],"replies":[{"embeddable":true,"href":"https:\/\/blogopara.com.br\/index.php\/wp-json\/wp\/v2\/comments?post=1673"}],"version-history":[{"count":2,"href":"https:\/\/blogopara.com.br\/index.php\/wp-json\/wp\/v2\/posts\/1673\/revisions"}],"predecessor-version":[{"id":1676,"href":"https:\/\/blogopara.com.br\/index.php\/wp-json\/wp\/v2\/posts\/1673\/revisions\/1676"}],"wp:featuredmedia":[{"embeddable":true,"href":"https:\/\/blogopara.com.br\/index.php\/wp-json\/wp\/v2\/media\/1678"}],"wp:attachment":[{"href":"https:\/\/blogopara.com.br\/index.php\/wp-json\/wp\/v2\/media?parent=1673"}],"wp:term":[{"taxonomy":"category","embeddable":true,"href":"https:\/\/blogopara.com.br\/index.php\/wp-json\/wp\/v2\/categories?post=1673"},{"taxonomy":"post_tag","embeddable":true,"href":"https:\/\/blogopara.com.br\/index.php\/wp-json\/wp\/v2\/tags?post=1673"}],"curies":[{"name":"wp","href":"https:\/\/api.w.org\/{rel}","templated":true}]}}