{"id":16748,"date":"2020-12-03T08:55:13","date_gmt":"2020-12-03T11:55:13","guid":{"rendered":"http:\/\/blogopara.com.br\/?p=16748"},"modified":"2020-12-02T22:11:07","modified_gmt":"2020-12-03T01:11:07","slug":"teremos-mulheres-negros-negras-e-lgbts-no-governo-suzana-ramos","status":"publish","type":"post","link":"https:\/\/blogopara.com.br\/index.php\/2020\/12\/03\/teremos-mulheres-negros-negras-e-lgbts-no-governo-suzana-ramos","title":{"rendered":"Diferente de Paulo Bomfim, no governo Suzana Ramos poder\u00e1 ter mulheres, negros, negras e LGBTs"},"content":{"rendered":"<p style=\"text-align: justify;\">Juazeiro ter\u00e1 \u00e0 frente do governo municipal nos pr\u00f3ximos quatro anos, uma mulher dirigindo o futuro do munic\u00edpio.<\/p>\n<p style=\"text-align: justify;\">Cidade ribeirinha, composta majoritariamente pela popula\u00e7\u00e3o negra e por mulheres, muito embora, tenha sido aben\u00e7oada com o Rio S\u00e3o Francisco que trouxe a grandeza da agricultura irrigada, Juazeiro concentra suas riquezas \u00e0 uma parcela muito pequena da popula\u00e7\u00e3o. A maioria, mais de 50% vive a partir de programas sociais do governo federal e em situa\u00e7\u00e3o de extrema vulnerabilidade.<\/p>\n<p style=\"text-align: justify;\">A pobreza em Juazeiro, acompanhou o restante do Brasil e cresceu assustadoramente. Vemos mais pessoas em situa\u00e7\u00e3o de rua \u00e0 pedir ajuda, mais invas\u00f5es em \u00e1reas p\u00fablicas, mais desempregados e o fog\u00e3o \u00e0 lenha tamb\u00e9m chegou no nosso munic\u00edpio substituindo o g\u00e1s de cozinha.<\/p>\n<p style=\"text-align: justify;\">A fotografia da sede do munic\u00edpio retrata muito bem o que estamos vivendo nacionalmente por conta do governo federal que congelou recursos para as principais \u00e1reas sociais &#8211; Educa\u00e7\u00e3o, Sa\u00fade e Desenvolvimento Social &#8211; aumentou a infla\u00e7\u00e3o, gerou desemprego, n\u00e3o investe em infraestrutura e ainda alimenta diversos preconceitos que provocam viol\u00eancias absurdas contra o povo negro, contra a mulher e contra a popula\u00e7\u00e3o LGBT.<\/p>\n<p style=\"text-align: justify;\">Essa mais parece, se ainda existir, a vis\u00e3o do inferno!<\/p>\n<p style=\"text-align: justify;\">Nesse cen\u00e1rio, a prefeita Suzana assume o munic\u00edpio de Juazeiro que tem maioria da popula\u00e7\u00e3o composta por mulheres e negros.<\/p>\n<p style=\"text-align: justify;\">Perguntamos, portanto, quais s\u00e3o as mulheres, os negros, as negras e LGBTs que se dispuseram \u00e0 apoiar a candidatura da prefeita e agora ser\u00e3o colocadas no primeiro escal\u00e3o do governo para, junto de Suzana, cuidar da maioria da popula\u00e7\u00e3o?<\/p>\n<p style=\"text-align: justify;\">\u00c9 inadmiss\u00edvel que um munic\u00edpio como Juazeiro, n\u00e3o tenha em seus principais espa\u00e7os de decis\u00e3o, pessoas que representem a diversidade existente em cada um dos seus bairros e distritos.<\/p>\n<p style=\"text-align: justify;\">O prefeito atual teve rejei\u00e7\u00e3o pela maioria das mulheres juazeirenses. Serve como alerta!<\/p>\n<p style=\"text-align: justify;\">Vimos mulheres, negras, negros, gays e l\u00e9sbicas apoiando a campanha da atual prefeita. Perguntamos: essas pessoas ter\u00e3o voz no governo para defenderem a popula\u00e7\u00e3o que representam?<\/p>\n<p style=\"text-align: justify;\">\u00c9 o que esperamos!<\/p>\n<p style=\"text-align: justify;\">Com a palavra a nossa prefeita.<\/p>\n","protected":false},"excerpt":{"rendered":"<p>Juazeiro ter\u00e1 \u00e0 frente do governo municipal nos pr\u00f3ximos quatro anos, uma mulher dirigindo o futuro do munic\u00edpio. Cidade ribeirinha, composta majoritariamente pela popula\u00e7\u00e3o negra e por mulheres, muito embora, tenha sido aben\u00e7oada com o Rio S\u00e3o Francisco que trouxe a grandeza da agricultura irrigada, Juazeiro concentra suas riquezas \u00e0 uma parcela muito pequena da [&hellip;]<\/p>\n","protected":false},"author":1,"featured_media":16749,"comment_status":"open","ping_status":"open","sticky":false,"template":"","format":"standard","meta":{"_uag_custom_page_level_css":"","_monsterinsights_skip_tracking":false,"_monsterinsights_sitenote_active":false,"_monsterinsights_sitenote_note":"","_monsterinsights_sitenote_category":0,"jetpack_post_was_ever_published":false,"_jetpack_newsletter_access":"","_jetpack_dont_email_post_to_subs":false,"_jetpack_newsletter_tier_id":0,"_jetpack_memberships_contains_paywalled_content":false,"_jetpack_memberships_contains_paid_content":false,"footnotes":"","jetpack_publicize_message":"","jetpack_publicize_feature_enabled":true,"jetpack_social_post_already_shared":true,"jetpack_social_options":{"image_generator_settings":{"template":"highway","default_image_id":0,"font":"","enabled":false},"version":2}},"categories":[203,197],"tags":[],"class_list":["post-16748","post","type-post","status-publish","format-standard","has-post-thumbnail","hentry","category-juazeiro","category-politica"],"jetpack_publicize_connections":[],"jetpack_featured_media_url":"https:\/\/blogopara.com.br\/wp-content\/uploads\/2020\/12\/diversidade-nas-urnas-indigenas-negros-trans-mandatos-coletivos-mais-mulheres0-entre-eleitos-2020-foto-montagem.jpg","uagb_featured_image_src":{"full":["https:\/\/blogopara.com.br\/wp-content\/uploads\/2020\/12\/diversidade-nas-urnas-indigenas-negros-trans-mandatos-coletivos-mais-mulheres0-entre-eleitos-2020-foto-montagem.jpg",500,280,false],"thumbnail":["https:\/\/blogopara.com.br\/wp-content\/uploads\/2020\/12\/diversidade-nas-urnas-indigenas-negros-trans-mandatos-coletivos-mais-mulheres0-entre-eleitos-2020-foto-montagem-150x150.jpg",150,150,true],"medium":["https:\/\/blogopara.com.br\/wp-content\/uploads\/2020\/12\/diversidade-nas-urnas-indigenas-negros-trans-mandatos-coletivos-mais-mulheres0-entre-eleitos-2020-foto-montagem-300x168.jpg",300,168,true],"medium_large":["https:\/\/blogopara.com.br\/wp-content\/uploads\/2020\/12\/diversidade-nas-urnas-indigenas-negros-trans-mandatos-coletivos-mais-mulheres0-entre-eleitos-2020-foto-montagem.jpg",500,280,false],"large":["https:\/\/blogopara.com.br\/wp-content\/uploads\/2020\/12\/diversidade-nas-urnas-indigenas-negros-trans-mandatos-coletivos-mais-mulheres0-entre-eleitos-2020-foto-montagem.jpg",500,280,false],"1536x1536":["https:\/\/blogopara.com.br\/wp-content\/uploads\/2020\/12\/diversidade-nas-urnas-indigenas-negros-trans-mandatos-coletivos-mais-mulheres0-entre-eleitos-2020-foto-montagem.jpg",500,280,false],"2048x2048":["https:\/\/blogopara.com.br\/wp-content\/uploads\/2020\/12\/diversidade-nas-urnas-indigenas-negros-trans-mandatos-coletivos-mais-mulheres0-entre-eleitos-2020-foto-montagem.jpg",500,280,false],"mantranews-slider-large":["https:\/\/blogopara.com.br\/wp-content\/uploads\/2020\/12\/diversidade-nas-urnas-indigenas-negros-trans-mandatos-coletivos-mais-mulheres0-entre-eleitos-2020-foto-montagem.jpg",500,280,false],"mantranews-featured-medium":["https:\/\/blogopara.com.br\/wp-content\/uploads\/2020\/12\/diversidade-nas-urnas-indigenas-negros-trans-mandatos-coletivos-mais-mulheres0-entre-eleitos-2020-foto-montagem-420x280.jpg",420,280,true],"mantranews-featured-long":["https:\/\/blogopara.com.br\/wp-content\/uploads\/2020\/12\/diversidade-nas-urnas-indigenas-negros-trans-mandatos-coletivos-mais-mulheres0-entre-eleitos-2020-foto-montagem-300x280.jpg",300,280,true],"mantranews-block-medium":["https:\/\/blogopara.com.br\/wp-content\/uploads\/2020\/12\/diversidade-nas-urnas-indigenas-negros-trans-mandatos-coletivos-mais-mulheres0-entre-eleitos-2020-foto-montagem-464x280.jpg",464,280,true],"mantranews-carousel-image":["https:\/\/blogopara.com.br\/wp-content\/uploads\/2020\/12\/diversidade-nas-urnas-indigenas-negros-trans-mandatos-coletivos-mais-mulheres0-entre-eleitos-2020-foto-montagem.jpg",500,280,false],"mantranews-block-thumb":["https:\/\/blogopara.com.br\/wp-content\/uploads\/2020\/12\/diversidade-nas-urnas-indigenas-negros-trans-mandatos-coletivos-mais-mulheres0-entre-eleitos-2020-foto-montagem-322x230.jpg",322,230,true],"mantranews-single-large":["https:\/\/blogopara.com.br\/wp-content\/uploads\/2020\/12\/diversidade-nas-urnas-indigenas-negros-trans-mandatos-coletivos-mais-mulheres0-entre-eleitos-2020-foto-montagem.jpg",500,280,false]},"uagb_author_info":{"display_name":"Reda\u00e7\u00e3o geral","author_link":"https:\/\/blogopara.com.br\/index.php\/author\/blogopara"},"uagb_comment_info":0,"uagb_excerpt":"Juazeiro ter\u00e1 \u00e0 frente do governo municipal nos pr\u00f3ximos quatro anos, uma mulher dirigindo o futuro do munic\u00edpio. Cidade ribeirinha, composta majoritariamente pela popula\u00e7\u00e3o negra e por mulheres, muito embora, tenha sido aben\u00e7oada com o Rio S\u00e3o Francisco que trouxe a grandeza da agricultura irrigada, Juazeiro concentra suas riquezas \u00e0 uma parcela muito pequena da&hellip;","jetpack_sharing_enabled":true,"jetpack_likes_enabled":true,"_links":{"self":[{"href":"https:\/\/blogopara.com.br\/index.php\/wp-json\/wp\/v2\/posts\/16748","targetHints":{"allow":["GET"]}}],"collection":[{"href":"https:\/\/blogopara.com.br\/index.php\/wp-json\/wp\/v2\/posts"}],"about":[{"href":"https:\/\/blogopara.com.br\/index.php\/wp-json\/wp\/v2\/types\/post"}],"author":[{"embeddable":true,"href":"https:\/\/blogopara.com.br\/index.php\/wp-json\/wp\/v2\/users\/1"}],"replies":[{"embeddable":true,"href":"https:\/\/blogopara.com.br\/index.php\/wp-json\/wp\/v2\/comments?post=16748"}],"version-history":[{"count":2,"href":"https:\/\/blogopara.com.br\/index.php\/wp-json\/wp\/v2\/posts\/16748\/revisions"}],"predecessor-version":[{"id":16769,"href":"https:\/\/blogopara.com.br\/index.php\/wp-json\/wp\/v2\/posts\/16748\/revisions\/16769"}],"wp:featuredmedia":[{"embeddable":true,"href":"https:\/\/blogopara.com.br\/index.php\/wp-json\/wp\/v2\/media\/16749"}],"wp:attachment":[{"href":"https:\/\/blogopara.com.br\/index.php\/wp-json\/wp\/v2\/media?parent=16748"}],"wp:term":[{"taxonomy":"category","embeddable":true,"href":"https:\/\/blogopara.com.br\/index.php\/wp-json\/wp\/v2\/categories?post=16748"},{"taxonomy":"post_tag","embeddable":true,"href":"https:\/\/blogopara.com.br\/index.php\/wp-json\/wp\/v2\/tags?post=16748"}],"curies":[{"name":"wp","href":"https:\/\/api.w.org\/{rel}","templated":true}]}}