{"id":16774,"date":"2020-12-03T09:46:45","date_gmt":"2020-12-03T12:46:45","guid":{"rendered":"http:\/\/blogopara.com.br\/?p=16774"},"modified":"2020-12-03T09:46:49","modified_gmt":"2020-12-03T12:46:49","slug":"apos-aparecer-em-festa-sem-mascara-secretario-de-saude-diz-que-cenario-e-critico","status":"publish","type":"post","link":"https:\/\/blogopara.com.br\/index.php\/2020\/12\/03\/apos-aparecer-em-festa-sem-mascara-secretario-de-saude-diz-que-cenario-e-critico","title":{"rendered":"Ap\u00f3s aparecer em festa sem m\u00e1scara, secret\u00e1rio de Sa\u00fade diz que \u201ccen\u00e1rio \u00e9 cr\u00edtico\u201d"},"content":{"rendered":"<p style=\"text-align: justify;\">O secret\u00e1rio estadual de Sa\u00fade, F\u00e1bio Vilas-Boas, que recentemente polemizou ao aparecer em uma confraterniza\u00e7\u00e3o com amigos sem utilizar a m\u00e1scara de prote\u00e7\u00e3o, afirmou em seu Twitter que o cen\u00e1rio do novo coronav\u00edrus no estado j\u00e1 \u00e9 mais \u201ccr\u00edtico\u201d que o registrado nos \u00faltimos meses, mais especificamente em junho e julho.<\/p>\n<p style=\"text-align: justify;\">\u201cPela primeira vez, todas as regi\u00f5es est\u00e3o com n\u00famero alto de incid\u00eancia, interna\u00e7\u00e3o e ocupa\u00e7\u00e3o de leitos. A sobrecarga no sistema \u00e9 muito maior: laborat\u00f3rio, transporte, regula\u00e7\u00e3o\u201d, publicou o secret\u00e1rio, na manh\u00e3 desta quinta-feira (3).<\/p>\n<p style=\"text-align: justify;\">\u201cO cen\u00e1rio que estamos vivendo agora \u00e9 mais cr\u00edtico do que em junho\/julho. Pela primeira vez, todas as regi\u00f5es est\u00e3o com n\u00famero alto de incid\u00eancia, interna\u00e7\u00e3o, ocupa\u00e7\u00e3o de leitos. A sobrecarga no sistema \u00e9 muito maior: laborat\u00f3rio, transporte, regula\u00e7\u00e3o\u201d, comentou Vilas-Boas, ao publicar a foto de uma tabela explicando a sobrecarga na \u00e1rea da Sa\u00fade.<\/p>\n<p style=\"text-align: justify;\">O secret\u00e1rio foi centro de uma pol\u00eamica ao aparecer em uma festa com amigos e tirou uma foto sem m\u00e1scara. Na ocasi\u00e3o, o pr\u00f3prio governador pediu publicamente que F\u00e1bio se explicasse, o que nunca ocorreu de fato. A Organiza\u00e7\u00e3o Mundial da Sa\u00fade aponta que o uso de m\u00e1scara \u00e9 uma das poucas formas de preven\u00e7\u00e3o contra a Covid-19.<\/p>\n<p style=\"text-align: justify;\">Fonte: Politica ao Vivo<\/p>\n","protected":false},"excerpt":{"rendered":"<p>O secret\u00e1rio estadual de Sa\u00fade, F\u00e1bio Vilas-Boas, que recentemente polemizou ao aparecer em uma confraterniza\u00e7\u00e3o com amigos sem utilizar a m\u00e1scara de prote\u00e7\u00e3o, afirmou em seu Twitter que o cen\u00e1rio do novo coronav\u00edrus no estado j\u00e1 \u00e9 mais \u201ccr\u00edtico\u201d que o registrado nos \u00faltimos meses, mais especificamente em junho e julho. \u201cPela primeira vez, todas [&hellip;]<\/p>\n","protected":false},"author":1,"featured_media":16775,"comment_status":"open","ping_status":"open","sticky":false,"template":"","format":"standard","meta":{"_uag_custom_page_level_css":"","_monsterinsights_skip_tracking":false,"_monsterinsights_sitenote_active":false,"_monsterinsights_sitenote_note":"","_monsterinsights_sitenote_category":0,"jetpack_post_was_ever_published":false,"_jetpack_newsletter_access":"","_jetpack_dont_email_post_to_subs":false,"_jetpack_newsletter_tier_id":0,"_jetpack_memberships_contains_paywalled_content":false,"_jetpack_memberships_contains_paid_content":false,"footnotes":"","jetpack_publicize_message":"","jetpack_publicize_feature_enabled":true,"jetpack_social_post_already_shared":true,"jetpack_social_options":{"image_generator_settings":{"template":"highway","default_image_id":0,"font":"","enabled":false},"version":2}},"categories":[199,197,205],"tags":[],"class_list":["post-16774","post","type-post","status-publish","format-standard","has-post-thumbnail","hentry","category-bahia","category-politica","category-saude"],"jetpack_publicize_connections":[],"jetpack_featured_media_url":"https:\/\/blogopara.com.br\/wp-content\/uploads\/2020\/12\/Fabio-Vilas-Boas-festa-696x392-1.jpg","uagb_featured_image_src":{"full":["https:\/\/blogopara.com.br\/wp-content\/uploads\/2020\/12\/Fabio-Vilas-Boas-festa-696x392-1.jpg",500,281,false],"thumbnail":["https:\/\/blogopara.com.br\/wp-content\/uploads\/2020\/12\/Fabio-Vilas-Boas-festa-696x392-1-150x150.jpg",150,150,true],"medium":["https:\/\/blogopara.com.br\/wp-content\/uploads\/2020\/12\/Fabio-Vilas-Boas-festa-696x392-1-300x169.jpg",300,169,true],"medium_large":["https:\/\/blogopara.com.br\/wp-content\/uploads\/2020\/12\/Fabio-Vilas-Boas-festa-696x392-1.jpg",500,281,false],"large":["https:\/\/blogopara.com.br\/wp-content\/uploads\/2020\/12\/Fabio-Vilas-Boas-festa-696x392-1.jpg",500,281,false],"1536x1536":["https:\/\/blogopara.com.br\/wp-content\/uploads\/2020\/12\/Fabio-Vilas-Boas-festa-696x392-1.jpg",500,281,false],"2048x2048":["https:\/\/blogopara.com.br\/wp-content\/uploads\/2020\/12\/Fabio-Vilas-Boas-festa-696x392-1.jpg",500,281,false],"mantranews-slider-large":["https:\/\/blogopara.com.br\/wp-content\/uploads\/2020\/12\/Fabio-Vilas-Boas-festa-696x392-1.jpg",500,281,false],"mantranews-featured-medium":["https:\/\/blogopara.com.br\/wp-content\/uploads\/2020\/12\/Fabio-Vilas-Boas-festa-696x392-1-420x281.jpg",420,281,true],"mantranews-featured-long":["https:\/\/blogopara.com.br\/wp-content\/uploads\/2020\/12\/Fabio-Vilas-Boas-festa-696x392-1-300x281.jpg",300,281,true],"mantranews-block-medium":["https:\/\/blogopara.com.br\/wp-content\/uploads\/2020\/12\/Fabio-Vilas-Boas-festa-696x392-1-464x281.jpg",464,281,true],"mantranews-carousel-image":["https:\/\/blogopara.com.br\/wp-content\/uploads\/2020\/12\/Fabio-Vilas-Boas-festa-696x392-1.jpg",500,281,false],"mantranews-block-thumb":["https:\/\/blogopara.com.br\/wp-content\/uploads\/2020\/12\/Fabio-Vilas-Boas-festa-696x392-1-322x230.jpg",322,230,true],"mantranews-single-large":["https:\/\/blogopara.com.br\/wp-content\/uploads\/2020\/12\/Fabio-Vilas-Boas-festa-696x392-1.jpg",500,281,false]},"uagb_author_info":{"display_name":"Reda\u00e7\u00e3o geral","author_link":"https:\/\/blogopara.com.br\/index.php\/author\/blogopara"},"uagb_comment_info":0,"uagb_excerpt":"O secret\u00e1rio estadual de Sa\u00fade, F\u00e1bio Vilas-Boas, que recentemente polemizou ao aparecer em uma confraterniza\u00e7\u00e3o com amigos sem utilizar a m\u00e1scara de prote\u00e7\u00e3o, afirmou em seu Twitter que o cen\u00e1rio do novo coronav\u00edrus no estado j\u00e1 \u00e9 mais \u201ccr\u00edtico\u201d que o registrado nos \u00faltimos meses, mais especificamente em junho e julho. \u201cPela primeira vez, todas&hellip;","jetpack_sharing_enabled":true,"jetpack_likes_enabled":true,"_links":{"self":[{"href":"https:\/\/blogopara.com.br\/index.php\/wp-json\/wp\/v2\/posts\/16774","targetHints":{"allow":["GET"]}}],"collection":[{"href":"https:\/\/blogopara.com.br\/index.php\/wp-json\/wp\/v2\/posts"}],"about":[{"href":"https:\/\/blogopara.com.br\/index.php\/wp-json\/wp\/v2\/types\/post"}],"author":[{"embeddable":true,"href":"https:\/\/blogopara.com.br\/index.php\/wp-json\/wp\/v2\/users\/1"}],"replies":[{"embeddable":true,"href":"https:\/\/blogopara.com.br\/index.php\/wp-json\/wp\/v2\/comments?post=16774"}],"version-history":[{"count":1,"href":"https:\/\/blogopara.com.br\/index.php\/wp-json\/wp\/v2\/posts\/16774\/revisions"}],"predecessor-version":[{"id":16776,"href":"https:\/\/blogopara.com.br\/index.php\/wp-json\/wp\/v2\/posts\/16774\/revisions\/16776"}],"wp:featuredmedia":[{"embeddable":true,"href":"https:\/\/blogopara.com.br\/index.php\/wp-json\/wp\/v2\/media\/16775"}],"wp:attachment":[{"href":"https:\/\/blogopara.com.br\/index.php\/wp-json\/wp\/v2\/media?parent=16774"}],"wp:term":[{"taxonomy":"category","embeddable":true,"href":"https:\/\/blogopara.com.br\/index.php\/wp-json\/wp\/v2\/categories?post=16774"},{"taxonomy":"post_tag","embeddable":true,"href":"https:\/\/blogopara.com.br\/index.php\/wp-json\/wp\/v2\/tags?post=16774"}],"curies":[{"name":"wp","href":"https:\/\/api.w.org\/{rel}","templated":true}]}}