{"id":16781,"date":"2020-12-04T08:29:23","date_gmt":"2020-12-04T11:29:23","guid":{"rendered":"http:\/\/blogopara.com.br\/?p=16781"},"modified":"2020-12-03T11:31:57","modified_gmt":"2020-12-03T14:31:57","slug":"ciro-diz-que-brasileiro-mandou-o-lulopetismo-radical-e-o-bolsonarismo-bocal-embora","status":"publish","type":"post","link":"https:\/\/blogopara.com.br\/index.php\/2020\/12\/04\/ciro-diz-que-brasileiro-mandou-o-lulopetismo-radical-e-o-bolsonarismo-bocal-embora","title":{"rendered":"Ciro diz que \u2018brasileiro mandou o lulopetismo radical e o bolsonarismo bo\u00e7al embora\u2019"},"content":{"rendered":"<p style=\"text-align: justify;\">O ex-ministro\u00a0<a href=\"https:\/\/www.cartacapital.com.br\/tag\/ciro-gomes\"><strong>Ciro Gomes<\/strong><\/a>\u00a0(PDT) afirmou nesta segunda-feira 30 que o PT e o presidente Jair Bolsonaro est\u00e3o entre os principais derrotados nas elei\u00e7\u00f5es de 2020.<\/p>\n<p style=\"text-align: justify;\">\u201cO povo brasileiro parece ter determinado como segunda raz\u00e3o do voto o alinhamento ideol\u00f3gico para c\u00e1 ou acol\u00e1. O brasileiro mandou o lulopetismo radical e o bolsonarismo bo\u00e7al para fora. Falou: \u2018V\u00e3o brigar l\u00e1 fora\u2019. Foi um grande voto ao centro, centro-direita e centro-esquerda. Precisamos organizar para ver se isso tem desdobramentos no futuro do pa\u00eds\u201d, afirmou em entrevista \u00e0 R\u00e1dio Bandeirantes.<\/p>\n<p style=\"text-align: justify;\">Ao projetar 2022, Ciro disse que pretende apresentar um projeto com foco em alian\u00e7as. \u201cEstou dedicado a construir uma grande alian\u00e7a do centro e da esquerda. Sem reparti\u00e7\u00e3o de cargo, com uma quest\u00e3o clara: o Brasil precisa de uma reforma pol\u00edtica (\u2026). Se o Fernando Henrique Cardoso tivesse feito, ter\u00edamos mudado o Brasil. Se o Lula tivesse feito, ter\u00edamos mudado o Brasil. Nossa grande alian\u00e7a ser\u00e1 deslocar o centro pol\u00edtico respeitado da alian\u00e7a com a direita podre e do esquerdismo infantil\u201d, declarou ainda.<\/p>\n<p>Fonte: Carta Capital<\/p>\n<p style=\"text-align: justify;\">\n","protected":false},"excerpt":{"rendered":"<p>O ex-ministro\u00a0Ciro Gomes\u00a0(PDT) afirmou nesta segunda-feira 30 que o PT e o presidente Jair Bolsonaro est\u00e3o entre os principais derrotados nas elei\u00e7\u00f5es de 2020. \u201cO povo brasileiro parece ter determinado como segunda raz\u00e3o do voto o alinhamento ideol\u00f3gico para c\u00e1 ou acol\u00e1. O brasileiro mandou o lulopetismo radical e o bolsonarismo bo\u00e7al para fora. Falou: [&hellip;]<\/p>\n","protected":false},"author":1,"featured_media":16782,"comment_status":"open","ping_status":"open","sticky":false,"template":"","format":"standard","meta":{"_uag_custom_page_level_css":"","_monsterinsights_skip_tracking":false,"_monsterinsights_sitenote_active":false,"_monsterinsights_sitenote_note":"","_monsterinsights_sitenote_category":0,"jetpack_post_was_ever_published":false,"_jetpack_newsletter_access":"","_jetpack_dont_email_post_to_subs":false,"_jetpack_newsletter_tier_id":0,"_jetpack_memberships_contains_paywalled_content":false,"_jetpack_memberships_contains_paid_content":false,"footnotes":"","jetpack_publicize_message":"","jetpack_publicize_feature_enabled":true,"jetpack_social_post_already_shared":true,"jetpack_social_options":{"image_generator_settings":{"template":"highway","default_image_id":0,"font":"","enabled":false},"version":2}},"categories":[200,197],"tags":[],"class_list":["post-16781","post","type-post","status-publish","format-standard","has-post-thumbnail","hentry","category-brasil","category-politica"],"jetpack_publicize_connections":[],"jetpack_featured_media_url":"https:\/\/blogopara.com.br\/wp-content\/uploads\/2020\/12\/Ciro.jpg","uagb_featured_image_src":{"full":["https:\/\/blogopara.com.br\/wp-content\/uploads\/2020\/12\/Ciro.jpg",500,300,false],"thumbnail":["https:\/\/blogopara.com.br\/wp-content\/uploads\/2020\/12\/Ciro-150x150.jpg",150,150,true],"medium":["https:\/\/blogopara.com.br\/wp-content\/uploads\/2020\/12\/Ciro-300x180.jpg",300,180,true],"medium_large":["https:\/\/blogopara.com.br\/wp-content\/uploads\/2020\/12\/Ciro.jpg",500,300,false],"large":["https:\/\/blogopara.com.br\/wp-content\/uploads\/2020\/12\/Ciro.jpg",500,300,false],"1536x1536":["https:\/\/blogopara.com.br\/wp-content\/uploads\/2020\/12\/Ciro.jpg",500,300,false],"2048x2048":["https:\/\/blogopara.com.br\/wp-content\/uploads\/2020\/12\/Ciro.jpg",500,300,false],"mantranews-slider-large":["https:\/\/blogopara.com.br\/wp-content\/uploads\/2020\/12\/Ciro.jpg",500,300,false],"mantranews-featured-medium":["https:\/\/blogopara.com.br\/wp-content\/uploads\/2020\/12\/Ciro-420x300.jpg",420,300,true],"mantranews-featured-long":["https:\/\/blogopara.com.br\/wp-content\/uploads\/2020\/12\/Ciro-300x300.jpg",300,300,true],"mantranews-block-medium":["https:\/\/blogopara.com.br\/wp-content\/uploads\/2020\/12\/Ciro-464x290.jpg",464,290,true],"mantranews-carousel-image":["https:\/\/blogopara.com.br\/wp-content\/uploads\/2020\/12\/Ciro.jpg",500,300,false],"mantranews-block-thumb":["https:\/\/blogopara.com.br\/wp-content\/uploads\/2020\/12\/Ciro-322x230.jpg",322,230,true],"mantranews-single-large":["https:\/\/blogopara.com.br\/wp-content\/uploads\/2020\/12\/Ciro.jpg",500,300,false]},"uagb_author_info":{"display_name":"Reda\u00e7\u00e3o geral","author_link":"https:\/\/blogopara.com.br\/index.php\/author\/blogopara"},"uagb_comment_info":0,"uagb_excerpt":"O ex-ministro\u00a0Ciro Gomes\u00a0(PDT) afirmou nesta segunda-feira 30 que o PT e o presidente Jair Bolsonaro est\u00e3o entre os principais derrotados nas elei\u00e7\u00f5es de 2020. \u201cO povo brasileiro parece ter determinado como segunda raz\u00e3o do voto o alinhamento ideol\u00f3gico para c\u00e1 ou acol\u00e1. O brasileiro mandou o lulopetismo radical e o bolsonarismo bo\u00e7al para fora. Falou:&hellip;","jetpack_sharing_enabled":true,"jetpack_likes_enabled":true,"_links":{"self":[{"href":"https:\/\/blogopara.com.br\/index.php\/wp-json\/wp\/v2\/posts\/16781","targetHints":{"allow":["GET"]}}],"collection":[{"href":"https:\/\/blogopara.com.br\/index.php\/wp-json\/wp\/v2\/posts"}],"about":[{"href":"https:\/\/blogopara.com.br\/index.php\/wp-json\/wp\/v2\/types\/post"}],"author":[{"embeddable":true,"href":"https:\/\/blogopara.com.br\/index.php\/wp-json\/wp\/v2\/users\/1"}],"replies":[{"embeddable":true,"href":"https:\/\/blogopara.com.br\/index.php\/wp-json\/wp\/v2\/comments?post=16781"}],"version-history":[{"count":1,"href":"https:\/\/blogopara.com.br\/index.php\/wp-json\/wp\/v2\/posts\/16781\/revisions"}],"predecessor-version":[{"id":16783,"href":"https:\/\/blogopara.com.br\/index.php\/wp-json\/wp\/v2\/posts\/16781\/revisions\/16783"}],"wp:featuredmedia":[{"embeddable":true,"href":"https:\/\/blogopara.com.br\/index.php\/wp-json\/wp\/v2\/media\/16782"}],"wp:attachment":[{"href":"https:\/\/blogopara.com.br\/index.php\/wp-json\/wp\/v2\/media?parent=16781"}],"wp:term":[{"taxonomy":"category","embeddable":true,"href":"https:\/\/blogopara.com.br\/index.php\/wp-json\/wp\/v2\/categories?post=16781"},{"taxonomy":"post_tag","embeddable":true,"href":"https:\/\/blogopara.com.br\/index.php\/wp-json\/wp\/v2\/tags?post=16781"}],"curies":[{"name":"wp","href":"https:\/\/api.w.org\/{rel}","templated":true}]}}