{"id":16787,"date":"2020-12-04T10:54:12","date_gmt":"2020-12-04T13:54:12","guid":{"rendered":"http:\/\/blogopara.com.br\/?p=16787"},"modified":"2020-12-05T18:12:41","modified_gmt":"2020-12-05T21:12:41","slug":"as-redes-sociais-venceram-os-marqueteiros-o-povo-quis-suzana-ramos-prefeita","status":"publish","type":"post","link":"https:\/\/blogopara.com.br\/index.php\/2020\/12\/04\/as-redes-sociais-venceram-os-marqueteiros-o-povo-quis-suzana-ramos-prefeita","title":{"rendered":"As redes sociais venceram os marqueteiros, o povo quis Suzana Ramos prefeita"},"content":{"rendered":"<p style=\"text-align: justify;\">A vit\u00f3ria esmagadora de Suzana Ramos sobre o grupo pol\u00edtico de Isaac Carvalho, com quase 31 mil votos de frente, n\u00e3o foi resultado de uma boa estrat\u00e9gia de marketing, e sim da press\u00e3o popular pelas redes sociais.<\/p>\n<p style=\"text-align: justify;\">Foi a press\u00e3o das redes sociais que fez a rejei\u00e7\u00e3o do prefeito Paulo Bomfim (PT) transforma-se num cen\u00e1rio de v\u00e1rias candidaturas a prefeito para o pleito de 2020 (chegamos at\u00e9 quase 20 postulantes), nunca houve caso semelhante na hist\u00f3ria pol\u00edtica de Juazeiro durante uma elei\u00e7\u00e3o.<\/p>\n<p style=\"text-align: justify;\">A absurda decis\u00e3o do prefeito no in\u00edcio do mandato em ter todos vereadores na base, silenciando as vozes da oposi\u00e7\u00e3o, criou na popula\u00e7\u00e3o o sentimento de impot\u00eancia e de determina\u00e7\u00e3o em denunciar atrav\u00e9s das redes sociais o caos na sa\u00fade, na infraestrutura, e de forma geral em toda gest\u00e3o.<\/p>\n<p style=\"text-align: justify;\">Alguns marqueteiros contratados pelas campanhas n\u00e3o se esfor\u00e7aram para produzir a campanha pelas redes sociais. Alguns estavam acostumados com o formato antigo para televis\u00e3o, outros por mero desconhecimento do poder das redes sociais desde a elei\u00e7\u00e3o de 2018.<\/p>\n<p style=\"text-align: justify;\">Mesmo os programas produzidos para o programa eleitoral na televis\u00e3o e no r\u00e1dio, n\u00e3o influenciavam tanto quanto o que circulava na web.<\/p>\n<p style=\"text-align: justify;\">O marketing do prefeito Paulo Bomfim tinha qualidade visual e de conte\u00fado, mas se mostrava distante da realidade das pessoas. O programa de Suzana parecia ser tudo no improviso do momento. N\u00e3o se explorou a personagem forte que \u00e9 Suzana Ramos, caso isso tivesse sido explorado, acredito que a diferen\u00e7a poderia ultrapassar os 40 mil votos de frente.<\/p>\n<p style=\"text-align: justify;\">Faltou nas campanhas engajamento com o p\u00fablico. As duas campanhas que mais tiveram engajamento nas redes sociais (facebook e instagram) foram a do Coronel Anselmo Bispo (3\u00ba colocado) e a de Raffani (4\u00ba colocado). Mesmo assim com algumas limita\u00e7\u00f5es de conte\u00fado.<\/p>\n<p style=\"text-align: justify;\">Para as elei\u00e7\u00f5es de 2022 as redes sociais v\u00e3o continuar influenciando a decis\u00e3o do voto. Segundo pesquisa do DataSenador, quase metade da popula\u00e7\u00e3o (45%) leva em considera\u00e7\u00e3o informa\u00e7\u00f5es vistas em alguma rede social na hora de escolher em quem votar. A pesquisa ouviu 2.400 eleitores de todos os Estados do pa\u00eds.<\/p>\n","protected":false},"excerpt":{"rendered":"<p>A vit\u00f3ria esmagadora de Suzana Ramos sobre o grupo pol\u00edtico de Isaac Carvalho, com quase 31 mil votos de frente, n\u00e3o foi resultado de uma boa estrat\u00e9gia de marketing, e sim da press\u00e3o popular pelas redes sociais. Foi a press\u00e3o das redes sociais que fez a rejei\u00e7\u00e3o do prefeito Paulo Bomfim (PT) transforma-se num cen\u00e1rio [&hellip;]<\/p>\n","protected":false},"author":1,"featured_media":16788,"comment_status":"open","ping_status":"open","sticky":false,"template":"","format":"standard","meta":{"_uag_custom_page_level_css":"","_monsterinsights_skip_tracking":false,"_monsterinsights_sitenote_active":false,"_monsterinsights_sitenote_note":"","_monsterinsights_sitenote_category":0,"jetpack_post_was_ever_published":false,"_jetpack_newsletter_access":"","_jetpack_dont_email_post_to_subs":false,"_jetpack_newsletter_tier_id":0,"_jetpack_memberships_contains_paywalled_content":false,"_jetpack_memberships_contains_paid_content":false,"footnotes":"","jetpack_publicize_message":"","jetpack_publicize_feature_enabled":true,"jetpack_social_post_already_shared":true,"jetpack_social_options":{"image_generator_settings":{"template":"highway","default_image_id":0,"font":"","enabled":false},"version":2}},"categories":[203,197],"tags":[],"class_list":["post-16787","post","type-post","status-publish","format-standard","has-post-thumbnail","hentry","category-juazeiro","category-politica"],"jetpack_publicize_connections":[],"jetpack_featured_media_url":"https:\/\/blogopara.com.br\/wp-content\/uploads\/2020\/12\/57-418x235-1.jpg","uagb_featured_image_src":{"full":["https:\/\/blogopara.com.br\/wp-content\/uploads\/2020\/12\/57-418x235-1.jpg",500,281,false],"thumbnail":["https:\/\/blogopara.com.br\/wp-content\/uploads\/2020\/12\/57-418x235-1-150x150.jpg",150,150,true],"medium":["https:\/\/blogopara.com.br\/wp-content\/uploads\/2020\/12\/57-418x235-1-300x169.jpg",300,169,true],"medium_large":["https:\/\/blogopara.com.br\/wp-content\/uploads\/2020\/12\/57-418x235-1.jpg",500,281,false],"large":["https:\/\/blogopara.com.br\/wp-content\/uploads\/2020\/12\/57-418x235-1.jpg",500,281,false],"1536x1536":["https:\/\/blogopara.com.br\/wp-content\/uploads\/2020\/12\/57-418x235-1.jpg",500,281,false],"2048x2048":["https:\/\/blogopara.com.br\/wp-content\/uploads\/2020\/12\/57-418x235-1.jpg",500,281,false],"mantranews-slider-large":["https:\/\/blogopara.com.br\/wp-content\/uploads\/2020\/12\/57-418x235-1.jpg",500,281,false],"mantranews-featured-medium":["https:\/\/blogopara.com.br\/wp-content\/uploads\/2020\/12\/57-418x235-1-420x281.jpg",420,281,true],"mantranews-featured-long":["https:\/\/blogopara.com.br\/wp-content\/uploads\/2020\/12\/57-418x235-1-300x281.jpg",300,281,true],"mantranews-block-medium":["https:\/\/blogopara.com.br\/wp-content\/uploads\/2020\/12\/57-418x235-1-464x281.jpg",464,281,true],"mantranews-carousel-image":["https:\/\/blogopara.com.br\/wp-content\/uploads\/2020\/12\/57-418x235-1.jpg",500,281,false],"mantranews-block-thumb":["https:\/\/blogopara.com.br\/wp-content\/uploads\/2020\/12\/57-418x235-1-322x230.jpg",322,230,true],"mantranews-single-large":["https:\/\/blogopara.com.br\/wp-content\/uploads\/2020\/12\/57-418x235-1.jpg",500,281,false]},"uagb_author_info":{"display_name":"Reda\u00e7\u00e3o geral","author_link":"https:\/\/blogopara.com.br\/index.php\/author\/blogopara"},"uagb_comment_info":0,"uagb_excerpt":"A vit\u00f3ria esmagadora de Suzana Ramos sobre o grupo pol\u00edtico de Isaac Carvalho, com quase 31 mil votos de frente, n\u00e3o foi resultado de uma boa estrat\u00e9gia de marketing, e sim da press\u00e3o popular pelas redes sociais. Foi a press\u00e3o das redes sociais que fez a rejei\u00e7\u00e3o do prefeito Paulo Bomfim (PT) transforma-se num cen\u00e1rio&hellip;","jetpack_sharing_enabled":true,"jetpack_likes_enabled":true,"_links":{"self":[{"href":"https:\/\/blogopara.com.br\/index.php\/wp-json\/wp\/v2\/posts\/16787","targetHints":{"allow":["GET"]}}],"collection":[{"href":"https:\/\/blogopara.com.br\/index.php\/wp-json\/wp\/v2\/posts"}],"about":[{"href":"https:\/\/blogopara.com.br\/index.php\/wp-json\/wp\/v2\/types\/post"}],"author":[{"embeddable":true,"href":"https:\/\/blogopara.com.br\/index.php\/wp-json\/wp\/v2\/users\/1"}],"replies":[{"embeddable":true,"href":"https:\/\/blogopara.com.br\/index.php\/wp-json\/wp\/v2\/comments?post=16787"}],"version-history":[{"count":2,"href":"https:\/\/blogopara.com.br\/index.php\/wp-json\/wp\/v2\/posts\/16787\/revisions"}],"predecessor-version":[{"id":16816,"href":"https:\/\/blogopara.com.br\/index.php\/wp-json\/wp\/v2\/posts\/16787\/revisions\/16816"}],"wp:featuredmedia":[{"embeddable":true,"href":"https:\/\/blogopara.com.br\/index.php\/wp-json\/wp\/v2\/media\/16788"}],"wp:attachment":[{"href":"https:\/\/blogopara.com.br\/index.php\/wp-json\/wp\/v2\/media?parent=16787"}],"wp:term":[{"taxonomy":"category","embeddable":true,"href":"https:\/\/blogopara.com.br\/index.php\/wp-json\/wp\/v2\/categories?post=16787"},{"taxonomy":"post_tag","embeddable":true,"href":"https:\/\/blogopara.com.br\/index.php\/wp-json\/wp\/v2\/tags?post=16787"}],"curies":[{"name":"wp","href":"https:\/\/api.w.org\/{rel}","templated":true}]}}