{"id":16794,"date":"2020-12-05T08:02:08","date_gmt":"2020-12-05T11:02:08","guid":{"rendered":"http:\/\/blogopara.com.br\/?p=16794"},"modified":"2020-12-04T11:03:51","modified_gmt":"2020-12-04T14:03:51","slug":"defensoria-e-mp-constatam-insalubridade-em-delegacia-para-adolescentes-em-juazeiro-ba","status":"publish","type":"post","link":"https:\/\/blogopara.com.br\/index.php\/2020\/12\/05\/defensoria-e-mp-constatam-insalubridade-em-delegacia-para-adolescentes-em-juazeiro-ba","title":{"rendered":"Defensoria e MP constatam insalubridade em delegacia para adolescentes em Juazeiro (BA)"},"content":{"rendered":"<p style=\"text-align: justify;\">A Defensoria P\u00fablica da Bahia (DP-BA) e o Minist\u00e9rio P\u00fablico estadual (MP-BA) pediram provid\u00eancias a\u00a0Secretaria Estadual de Seguran\u00e7a P\u00fablica (SSP-BA) para solucionar o problema de insalubridade na carceragem da Delegacia de Pol\u00edcia de Juazeiro. A unidade custodia adolescentes infratores.<\/p>\n<p style=\"text-align: justify;\">Ap\u00f3s inspe\u00e7\u00e3o no local, a Defensoria P\u00fablica constatou, entre outras viola\u00e7\u00f5es, que os jovens apreendidos n\u00e3o est\u00e3o sendo alimentados, nem t\u00eam acesso \u00e0 \u00e1gua para hidrata\u00e7\u00e3o ou asseio \u00edntimo, tamb\u00e9m n\u00e3o possuem colch\u00e3o para dormir, nem encontram espa\u00e7o para receber visita de familiares.<\/p>\n<p style=\"text-align: justify;\">Al\u00e9m disso, as celas est\u00e3o sujas com lixo acumulado e n\u00e3o h\u00e1 qualquer observa\u00e7\u00e3o \u00e0s determina\u00e7\u00f5es sanit\u00e1rias de preven\u00e7\u00e3o \u00e0 Covid-19 sendo que sequer m\u00e1scaras s\u00e3o fornecidas para reduzir o risco de transmiss\u00e3o do v\u00edrus. \u201cEncontramos uma situa\u00e7\u00e3o de ineg\u00e1vel infra\u00e7\u00e3o dos Direitos da Crian\u00e7a e do Adolescente. No espa\u00e7o, h\u00e1 aus\u00eancia das m\u00ednimas condi\u00e7\u00f5es para restri\u00e7\u00e3o da liberdade de qualquer pessoa. N\u00e3o h\u00e1 condi\u00e7\u00f5es de higiene, ou mesmo \u00e1gua pot\u00e1vel. \u00c9 um cen\u00e1rio que obriga a atua\u00e7\u00e3o dos \u00f3rg\u00e3os de prote\u00e7\u00e3o da Inf\u00e2ncia e da Juventude, como \u00e9 o caso da Defensoria\u201d, afirmou o defensor p\u00fablico Andr\u00e9 Lima Cerqueira.<\/p>\n<p style=\"text-align: justify;\">No pedido, as Institui\u00e7\u00f5es destacam que n\u00e3o \u00e9 suficiente o oferecimento de local isolado para estes custodiados [separados dos infratores com maior idade] e que garantias previstas em normas internacionais, na Constitui\u00e7\u00e3o Federal e no Estatuto da Crian\u00e7a e do Adolescente est\u00e3o sendo severamente desrespeitadas com manifesta viola\u00e7\u00e3o da dignidade da pessoa humana.<\/p>\n<p style=\"text-align: justify;\">O texto pontua que o contexto encontrado, de exposi\u00e7\u00e3o dos adolescentes \u00e0 viol\u00eancia moral e ps\u00edquica, \u201cdescaracteriza completamente o car\u00e1ter socioeducativo destinado ao adolescente infrator, sendo este imprescind\u00edvel para o in\u00edcio de um caminho de efetiva recupera\u00e7\u00e3o e reinser\u00e7\u00e3o na sociedade\u201d.<\/p>\n<p style=\"text-align: justify;\">Os \u00f3rg\u00e3os requerem que seja realizada uma inspe\u00e7\u00e3o estadual pela Secretaria nas delegacias de pol\u00edcia e que sejam disponibilizados recursos para reestrutura\u00e7\u00e3o das carceragens e enquanto n\u00e3o finalizado o prazo para a extin\u00e7\u00e3o das mesmas, em 2022, sejam oferecidos espa\u00e7os n\u00e3o apenas separados e exclusivos para os jovens, como tamb\u00e9m que estes atendam os padr\u00f5es sanit\u00e1rios e de higiene de acordo com o que est\u00e1 previsto em lei. Por fim, encaminhado no dia 26 de novembro, o documento solicita uma resposta quanto ao exposto no prazo de 15 dias.<\/p>\n","protected":false},"excerpt":{"rendered":"<p>A Defensoria P\u00fablica da Bahia (DP-BA) e o Minist\u00e9rio P\u00fablico estadual (MP-BA) pediram provid\u00eancias a\u00a0Secretaria Estadual de Seguran\u00e7a P\u00fablica (SSP-BA) para solucionar o problema de insalubridade na carceragem da Delegacia de Pol\u00edcia de Juazeiro. A unidade custodia adolescentes infratores. Ap\u00f3s inspe\u00e7\u00e3o no local, a Defensoria P\u00fablica constatou, entre outras viola\u00e7\u00f5es, que os jovens apreendidos n\u00e3o [&hellip;]<\/p>\n","protected":false},"author":1,"featured_media":16795,"comment_status":"open","ping_status":"open","sticky":false,"template":"","format":"standard","meta":{"_uag_custom_page_level_css":"","_monsterinsights_skip_tracking":false,"_monsterinsights_sitenote_active":false,"_monsterinsights_sitenote_note":"","_monsterinsights_sitenote_category":0,"jetpack_post_was_ever_published":false,"_jetpack_newsletter_access":"","_jetpack_dont_email_post_to_subs":false,"_jetpack_newsletter_tier_id":0,"_jetpack_memberships_contains_paywalled_content":false,"_jetpack_memberships_contains_paid_content":false,"footnotes":"","jetpack_publicize_message":"","jetpack_publicize_feature_enabled":true,"jetpack_social_post_already_shared":true,"jetpack_social_options":{"image_generator_settings":{"template":"highway","default_image_id":0,"font":"","enabled":false},"version":2}},"categories":[203,197,204],"tags":[],"class_list":["post-16794","post","type-post","status-publish","format-standard","has-post-thumbnail","hentry","category-juazeiro","category-politica","category-social"],"jetpack_publicize_connections":[],"jetpack_featured_media_url":"https:\/\/blogopara.com.br\/wp-content\/uploads\/2020\/12\/IMAGEM_NOTICIA_5.jpg","uagb_featured_image_src":{"full":["https:\/\/blogopara.com.br\/wp-content\/uploads\/2020\/12\/IMAGEM_NOTICIA_5.jpg",500,333,false],"thumbnail":["https:\/\/blogopara.com.br\/wp-content\/uploads\/2020\/12\/IMAGEM_NOTICIA_5-150x150.jpg",150,150,true],"medium":["https:\/\/blogopara.com.br\/wp-content\/uploads\/2020\/12\/IMAGEM_NOTICIA_5-300x200.jpg",300,200,true],"medium_large":["https:\/\/blogopara.com.br\/wp-content\/uploads\/2020\/12\/IMAGEM_NOTICIA_5.jpg",500,333,false],"large":["https:\/\/blogopara.com.br\/wp-content\/uploads\/2020\/12\/IMAGEM_NOTICIA_5.jpg",500,333,false],"1536x1536":["https:\/\/blogopara.com.br\/wp-content\/uploads\/2020\/12\/IMAGEM_NOTICIA_5.jpg",500,333,false],"2048x2048":["https:\/\/blogopara.com.br\/wp-content\/uploads\/2020\/12\/IMAGEM_NOTICIA_5.jpg",500,333,false],"mantranews-slider-large":["https:\/\/blogopara.com.br\/wp-content\/uploads\/2020\/12\/IMAGEM_NOTICIA_5.jpg",500,333,false],"mantranews-featured-medium":["https:\/\/blogopara.com.br\/wp-content\/uploads\/2020\/12\/IMAGEM_NOTICIA_5-420x307.jpg",420,307,true],"mantranews-featured-long":["https:\/\/blogopara.com.br\/wp-content\/uploads\/2020\/12\/IMAGEM_NOTICIA_5-300x333.jpg",300,333,true],"mantranews-block-medium":["https:\/\/blogopara.com.br\/wp-content\/uploads\/2020\/12\/IMAGEM_NOTICIA_5-464x290.jpg",464,290,true],"mantranews-carousel-image":["https:\/\/blogopara.com.br\/wp-content\/uploads\/2020\/12\/IMAGEM_NOTICIA_5.jpg",500,333,false],"mantranews-block-thumb":["https:\/\/blogopara.com.br\/wp-content\/uploads\/2020\/12\/IMAGEM_NOTICIA_5-322x230.jpg",322,230,true],"mantranews-single-large":["https:\/\/blogopara.com.br\/wp-content\/uploads\/2020\/12\/IMAGEM_NOTICIA_5.jpg",500,333,false]},"uagb_author_info":{"display_name":"Reda\u00e7\u00e3o geral","author_link":"https:\/\/blogopara.com.br\/index.php\/author\/blogopara"},"uagb_comment_info":0,"uagb_excerpt":"A Defensoria P\u00fablica da Bahia (DP-BA) e o Minist\u00e9rio P\u00fablico estadual (MP-BA) pediram provid\u00eancias a\u00a0Secretaria Estadual de Seguran\u00e7a P\u00fablica (SSP-BA) para solucionar o problema de insalubridade na carceragem da Delegacia de Pol\u00edcia de Juazeiro. A unidade custodia adolescentes infratores. Ap\u00f3s inspe\u00e7\u00e3o no local, a Defensoria P\u00fablica constatou, entre outras viola\u00e7\u00f5es, que os jovens apreendidos n\u00e3o&hellip;","jetpack_sharing_enabled":true,"jetpack_likes_enabled":true,"_links":{"self":[{"href":"https:\/\/blogopara.com.br\/index.php\/wp-json\/wp\/v2\/posts\/16794","targetHints":{"allow":["GET"]}}],"collection":[{"href":"https:\/\/blogopara.com.br\/index.php\/wp-json\/wp\/v2\/posts"}],"about":[{"href":"https:\/\/blogopara.com.br\/index.php\/wp-json\/wp\/v2\/types\/post"}],"author":[{"embeddable":true,"href":"https:\/\/blogopara.com.br\/index.php\/wp-json\/wp\/v2\/users\/1"}],"replies":[{"embeddable":true,"href":"https:\/\/blogopara.com.br\/index.php\/wp-json\/wp\/v2\/comments?post=16794"}],"version-history":[{"count":1,"href":"https:\/\/blogopara.com.br\/index.php\/wp-json\/wp\/v2\/posts\/16794\/revisions"}],"predecessor-version":[{"id":16796,"href":"https:\/\/blogopara.com.br\/index.php\/wp-json\/wp\/v2\/posts\/16794\/revisions\/16796"}],"wp:featuredmedia":[{"embeddable":true,"href":"https:\/\/blogopara.com.br\/index.php\/wp-json\/wp\/v2\/media\/16795"}],"wp:attachment":[{"href":"https:\/\/blogopara.com.br\/index.php\/wp-json\/wp\/v2\/media?parent=16794"}],"wp:term":[{"taxonomy":"category","embeddable":true,"href":"https:\/\/blogopara.com.br\/index.php\/wp-json\/wp\/v2\/categories?post=16794"},{"taxonomy":"post_tag","embeddable":true,"href":"https:\/\/blogopara.com.br\/index.php\/wp-json\/wp\/v2\/tags?post=16794"}],"curies":[{"name":"wp","href":"https:\/\/api.w.org\/{rel}","templated":true}]}}