{"id":16937,"date":"2020-12-10T19:21:46","date_gmt":"2020-12-10T22:21:46","guid":{"rendered":"http:\/\/blogopara.com.br\/?p=16937"},"modified":"2020-12-10T19:21:50","modified_gmt":"2020-12-10T22:21:50","slug":"juazeiro-funcionario-da-prefeitura-esta-entre-os-presos-pela-policia-civil-o-grupo-traficava-drogas-no-sovaco-da-cobra","status":"publish","type":"post","link":"https:\/\/blogopara.com.br\/index.php\/2020\/12\/10\/juazeiro-funcionario-da-prefeitura-esta-entre-os-presos-pela-policia-civil-o-grupo-traficava-drogas-no-sovaco-da-cobra","title":{"rendered":"Juazeiro: Funcion\u00e1rio da prefeitura est\u00e1 entre os presos pela Pol\u00edcia Civil. O grupo traficava drogas no Sovaco da Cobra"},"content":{"rendered":"<p style=\"font-weight: 400; text-align: justify;\">Nesta ter\u00e7a-feira (8), Investigadores da Delegacia de Homic\u00eddios e do SI da Coordenadoria Regional estavam realizando levantamentos, investiga\u00e7\u00f5es em rela\u00e7\u00e3o ao homic\u00eddio investigado nos autos do IP n\u00b0 92\/2020, que vitimou\u00a0<strong>Rog\u00e9rio Nunes de Oliveira<\/strong>\u00a0(fatalmente) e atingiu\u00a0<strong>Paulo Vitor Santos da Silva<\/strong>\u00a0(sobrevivente), fato ocorrido na data de 22\/11\/2020, no bairro Palmares na cidade de Juazeiro-BA.<\/p>\n<p style=\"font-weight: 400; text-align: justify;\">Informa\u00e7\u00f5es foram colhidas que um dos indiv\u00edduos suspeitos da autoria do homic\u00eddio, identificado como\u00a0<strong>J. I. L. de M<\/strong>., conhecido como\u00a0<strong>&#8220;Beb\u00ea&#8221;<\/strong>, teria voltado ao trabalho e que estaria portando arma de fogo. Quando a equipe chegou ao local de trabalho do investigado, na Secretaria de Obras do munic\u00edpio de Juazeiro, e no momento da identifica\u00e7\u00e3o foi comprovado que o citado indiv\u00edduo estava portando na cintura\u00a0<strong>UMA ARMA DE FOGO CAL. 38<\/strong>, municiada com\u00a0<strong>06 MUNI\u00c7\u00d5ES<\/strong>, sendo 03 intactas e 03 pinadas. Dando continuidade \u00e0s investiga\u00e7\u00f5es, o imputado foi entrevistado e na oportunidade revelou que estava residindo numa Ch\u00e1cara no Bairro Jo\u00e3o Paulo II, onde estaria homiziado desde que tomou conhecimento que estava sendo procurado pela Pol\u00edcia Civil.<\/p>\n<p>Fonte: BVF<\/p>\n","protected":false},"excerpt":{"rendered":"<p>Nesta ter\u00e7a-feira (8), Investigadores da Delegacia de Homic\u00eddios e do SI da Coordenadoria Regional estavam realizando levantamentos, investiga\u00e7\u00f5es em rela\u00e7\u00e3o ao homic\u00eddio investigado nos autos do IP n\u00b0 92\/2020, que vitimou\u00a0Rog\u00e9rio Nunes de Oliveira\u00a0(fatalmente) e atingiu\u00a0Paulo Vitor Santos da Silva\u00a0(sobrevivente), fato ocorrido na data de 22\/11\/2020, no bairro Palmares na cidade de Juazeiro-BA. Informa\u00e7\u00f5es foram [&hellip;]<\/p>\n","protected":false},"author":1,"featured_media":16938,"comment_status":"open","ping_status":"open","sticky":false,"template":"","format":"standard","meta":{"_uag_custom_page_level_css":"","_monsterinsights_skip_tracking":false,"_monsterinsights_sitenote_active":false,"_monsterinsights_sitenote_note":"","_monsterinsights_sitenote_category":0,"jetpack_post_was_ever_published":false,"_jetpack_newsletter_access":"","_jetpack_dont_email_post_to_subs":false,"_jetpack_newsletter_tier_id":0,"_jetpack_memberships_contains_paywalled_content":false,"_jetpack_memberships_contains_paid_content":false,"footnotes":"","jetpack_publicize_message":"","jetpack_publicize_feature_enabled":true,"jetpack_social_post_already_shared":true,"jetpack_social_options":{"image_generator_settings":{"template":"highway","default_image_id":0,"font":"","enabled":false},"version":2}},"categories":[203,202],"tags":[],"class_list":["post-16937","post","type-post","status-publish","format-standard","has-post-thumbnail","hentry","category-juazeiro","category-policia"],"jetpack_publicize_connections":[],"jetpack_featured_media_url":"https:\/\/blogopara.com.br\/wp-content\/uploads\/2020\/12\/WhatsApp-Image-2020-12-10-at-16.07.51.jpeg","uagb_featured_image_src":{"full":["https:\/\/blogopara.com.br\/wp-content\/uploads\/2020\/12\/WhatsApp-Image-2020-12-10-at-16.07.51.jpeg",500,345,false],"thumbnail":["https:\/\/blogopara.com.br\/wp-content\/uploads\/2020\/12\/WhatsApp-Image-2020-12-10-at-16.07.51-150x150.jpeg",150,150,true],"medium":["https:\/\/blogopara.com.br\/wp-content\/uploads\/2020\/12\/WhatsApp-Image-2020-12-10-at-16.07.51-300x207.jpeg",300,207,true],"medium_large":["https:\/\/blogopara.com.br\/wp-content\/uploads\/2020\/12\/WhatsApp-Image-2020-12-10-at-16.07.51.jpeg",500,345,false],"large":["https:\/\/blogopara.com.br\/wp-content\/uploads\/2020\/12\/WhatsApp-Image-2020-12-10-at-16.07.51.jpeg",500,345,false],"1536x1536":["https:\/\/blogopara.com.br\/wp-content\/uploads\/2020\/12\/WhatsApp-Image-2020-12-10-at-16.07.51.jpeg",500,345,false],"2048x2048":["https:\/\/blogopara.com.br\/wp-content\/uploads\/2020\/12\/WhatsApp-Image-2020-12-10-at-16.07.51.jpeg",500,345,false],"mantranews-slider-large":["https:\/\/blogopara.com.br\/wp-content\/uploads\/2020\/12\/WhatsApp-Image-2020-12-10-at-16.07.51.jpeg",500,345,false],"mantranews-featured-medium":["https:\/\/blogopara.com.br\/wp-content\/uploads\/2020\/12\/WhatsApp-Image-2020-12-10-at-16.07.51-420x307.jpeg",420,307,true],"mantranews-featured-long":["https:\/\/blogopara.com.br\/wp-content\/uploads\/2020\/12\/WhatsApp-Image-2020-12-10-at-16.07.51-300x345.jpeg",300,345,true],"mantranews-block-medium":["https:\/\/blogopara.com.br\/wp-content\/uploads\/2020\/12\/WhatsApp-Image-2020-12-10-at-16.07.51-464x290.jpeg",464,290,true],"mantranews-carousel-image":["https:\/\/blogopara.com.br\/wp-content\/uploads\/2020\/12\/WhatsApp-Image-2020-12-10-at-16.07.51.jpeg",500,345,false],"mantranews-block-thumb":["https:\/\/blogopara.com.br\/wp-content\/uploads\/2020\/12\/WhatsApp-Image-2020-12-10-at-16.07.51-322x230.jpeg",322,230,true],"mantranews-single-large":["https:\/\/blogopara.com.br\/wp-content\/uploads\/2020\/12\/WhatsApp-Image-2020-12-10-at-16.07.51.jpeg",500,345,false]},"uagb_author_info":{"display_name":"Reda\u00e7\u00e3o geral","author_link":"https:\/\/blogopara.com.br\/index.php\/author\/blogopara"},"uagb_comment_info":0,"uagb_excerpt":"Nesta ter\u00e7a-feira (8), Investigadores da Delegacia de Homic\u00eddios e do SI da Coordenadoria Regional estavam realizando levantamentos, investiga\u00e7\u00f5es em rela\u00e7\u00e3o ao homic\u00eddio investigado nos autos do IP n\u00b0 92\/2020, que vitimou\u00a0Rog\u00e9rio Nunes de Oliveira\u00a0(fatalmente) e atingiu\u00a0Paulo Vitor Santos da Silva\u00a0(sobrevivente), fato ocorrido na data de 22\/11\/2020, no bairro Palmares na cidade de Juazeiro-BA. Informa\u00e7\u00f5es foram&hellip;","jetpack_sharing_enabled":true,"jetpack_likes_enabled":true,"_links":{"self":[{"href":"https:\/\/blogopara.com.br\/index.php\/wp-json\/wp\/v2\/posts\/16937","targetHints":{"allow":["GET"]}}],"collection":[{"href":"https:\/\/blogopara.com.br\/index.php\/wp-json\/wp\/v2\/posts"}],"about":[{"href":"https:\/\/blogopara.com.br\/index.php\/wp-json\/wp\/v2\/types\/post"}],"author":[{"embeddable":true,"href":"https:\/\/blogopara.com.br\/index.php\/wp-json\/wp\/v2\/users\/1"}],"replies":[{"embeddable":true,"href":"https:\/\/blogopara.com.br\/index.php\/wp-json\/wp\/v2\/comments?post=16937"}],"version-history":[{"count":1,"href":"https:\/\/blogopara.com.br\/index.php\/wp-json\/wp\/v2\/posts\/16937\/revisions"}],"predecessor-version":[{"id":16939,"href":"https:\/\/blogopara.com.br\/index.php\/wp-json\/wp\/v2\/posts\/16937\/revisions\/16939"}],"wp:featuredmedia":[{"embeddable":true,"href":"https:\/\/blogopara.com.br\/index.php\/wp-json\/wp\/v2\/media\/16938"}],"wp:attachment":[{"href":"https:\/\/blogopara.com.br\/index.php\/wp-json\/wp\/v2\/media?parent=16937"}],"wp:term":[{"taxonomy":"category","embeddable":true,"href":"https:\/\/blogopara.com.br\/index.php\/wp-json\/wp\/v2\/categories?post=16937"},{"taxonomy":"post_tag","embeddable":true,"href":"https:\/\/blogopara.com.br\/index.php\/wp-json\/wp\/v2\/tags?post=16937"}],"curies":[{"name":"wp","href":"https:\/\/api.w.org\/{rel}","templated":true}]}}