{"id":17019,"date":"2020-12-15T08:51:10","date_gmt":"2020-12-15T11:51:10","guid":{"rendered":"http:\/\/blogopara.com.br\/?p=17019"},"modified":"2020-12-15T08:51:15","modified_gmt":"2020-12-15T11:51:15","slug":"bahiasecretario-da-ssp-e-exonerado-apos-operacao-da-pf","status":"publish","type":"post","link":"https:\/\/blogopara.com.br\/index.php\/2020\/12\/15\/bahiasecretario-da-ssp-e-exonerado-apos-operacao-da-pf","title":{"rendered":"Bahia:Secret\u00e1rio da SSP \u00e9 exonerado, ap\u00f3s opera\u00e7\u00e3o da PF"},"content":{"rendered":"<p dir=\"ltr\" style=\"text-align: justify;\">A medida foi necess\u00e1ria devido \u00e0 decis\u00e3o do Superior Tribunal de Justi\u00e7a (STJ) que determinou o afastamento do ent\u00e3o secret\u00e1rio Maur\u00edcio Teles Barbosa. Ele foi alvo de busca e apreens\u00e3o, entre outras medidas, por ser apontado como suspeito de &#8220;blindagem institucional&#8221; no caso da Opera\u00e7\u00e3o Faroeste (<a href=\"https:\/\/www.bahianoticias.com.br\/noticia\/255147-faroeste-stj-afasta-secretario-mauricio-barbosa-e-chefe-de-gabinete-da-ssp.html\" target=\"_blank\" rel=\"noopener\">saiba mais aqui<\/a>), que atinge diretamente desembargadores do Tribunal de Justi\u00e7a da Bahia (TJ-BA), ligados a um suposto esquema de venda de senten\u00e7as relacionadas \u00e0 disputa de terras no Oeste.<\/p>\n<p dir=\"ltr\" style=\"text-align: justify;\">Diante disso, a exonera\u00e7\u00e3o de Barbosa tamb\u00e9m foi publicada no Di\u00e1rio junto \u00e0 exonera\u00e7\u00e3o da sua chefe de gabinete, a delegada Gabriela Caldas Rosa de Macedo. Ela \u00e9 suspeita de ter cometido a mesma irregularidade.<\/p>\n<p style=\"text-align: justify;\">A nomea\u00e7\u00e3o do subsecret\u00e1rio de Seguran\u00e7a P\u00fablica, Ary Pereira de Oliveira, como secret\u00e1rio interino da pasta foi oficializada pelo governo do estado nesta ter\u00e7a-feira (15). Assinado pelo governador Rui Costa (PT), o ato foi publicado no Di\u00e1rio Oficial do Estado (DOE).<\/p>\n<p>Fonte: BH<\/p>\n<div id=\"div-gpt-ad-bn_principal_conteudo\" style=\"text-align: justify;\" data-google-query-id=\"CL2b66j1z-0CFRgEuQYdOLUAwA\"><\/div>\n","protected":false},"excerpt":{"rendered":"<p>A medida foi necess\u00e1ria devido \u00e0 decis\u00e3o do Superior Tribunal de Justi\u00e7a (STJ) que determinou o afastamento do ent\u00e3o secret\u00e1rio Maur\u00edcio Teles Barbosa. Ele foi alvo de busca e apreens\u00e3o, entre outras medidas, por ser apontado como suspeito de &#8220;blindagem institucional&#8221; no caso da Opera\u00e7\u00e3o Faroeste (saiba mais aqui), que atinge diretamente desembargadores do Tribunal [&hellip;]<\/p>\n","protected":false},"author":1,"featured_media":17020,"comment_status":"open","ping_status":"open","sticky":false,"template":"","format":"standard","meta":{"_uag_custom_page_level_css":"","_monsterinsights_skip_tracking":false,"_monsterinsights_sitenote_active":false,"_monsterinsights_sitenote_note":"","_monsterinsights_sitenote_category":0,"jetpack_post_was_ever_published":false,"_jetpack_newsletter_access":"","_jetpack_dont_email_post_to_subs":false,"_jetpack_newsletter_tier_id":0,"_jetpack_memberships_contains_paywalled_content":false,"_jetpack_memberships_contains_paid_content":false,"footnotes":"","jetpack_publicize_message":"","jetpack_publicize_feature_enabled":true,"jetpack_social_post_already_shared":true,"jetpack_social_options":{"image_generator_settings":{"template":"highway","default_image_id":0,"font":"","enabled":false},"version":2}},"categories":[199,202,197],"tags":[],"class_list":["post-17019","post","type-post","status-publish","format-standard","has-post-thumbnail","hentry","category-bahia","category-policia","category-politica"],"jetpack_publicize_connections":[],"jetpack_featured_media_url":"https:\/\/blogopara.com.br\/wp-content\/uploads\/2020\/12\/160802822911.jpg","uagb_featured_image_src":{"full":["https:\/\/blogopara.com.br\/wp-content\/uploads\/2020\/12\/160802822911.jpg",450,299,false],"thumbnail":["https:\/\/blogopara.com.br\/wp-content\/uploads\/2020\/12\/160802822911-150x150.jpg",150,150,true],"medium":["https:\/\/blogopara.com.br\/wp-content\/uploads\/2020\/12\/160802822911-300x199.jpg",300,199,true],"medium_large":["https:\/\/blogopara.com.br\/wp-content\/uploads\/2020\/12\/160802822911.jpg",450,299,false],"large":["https:\/\/blogopara.com.br\/wp-content\/uploads\/2020\/12\/160802822911.jpg",450,299,false],"1536x1536":["https:\/\/blogopara.com.br\/wp-content\/uploads\/2020\/12\/160802822911.jpg",450,299,false],"2048x2048":["https:\/\/blogopara.com.br\/wp-content\/uploads\/2020\/12\/160802822911.jpg",450,299,false],"mantranews-slider-large":["https:\/\/blogopara.com.br\/wp-content\/uploads\/2020\/12\/160802822911.jpg",450,299,false],"mantranews-featured-medium":["https:\/\/blogopara.com.br\/wp-content\/uploads\/2020\/12\/160802822911-420x299.jpg",420,299,true],"mantranews-featured-long":["https:\/\/blogopara.com.br\/wp-content\/uploads\/2020\/12\/160802822911-300x299.jpg",300,299,true],"mantranews-block-medium":["https:\/\/blogopara.com.br\/wp-content\/uploads\/2020\/12\/160802822911-450x290.jpg",450,290,true],"mantranews-carousel-image":["https:\/\/blogopara.com.br\/wp-content\/uploads\/2020\/12\/160802822911.jpg",450,299,false],"mantranews-block-thumb":["https:\/\/blogopara.com.br\/wp-content\/uploads\/2020\/12\/160802822911-322x230.jpg",322,230,true],"mantranews-single-large":["https:\/\/blogopara.com.br\/wp-content\/uploads\/2020\/12\/160802822911.jpg",450,299,false]},"uagb_author_info":{"display_name":"Reda\u00e7\u00e3o geral","author_link":"https:\/\/blogopara.com.br\/index.php\/author\/blogopara"},"uagb_comment_info":0,"uagb_excerpt":"A medida foi necess\u00e1ria devido \u00e0 decis\u00e3o do Superior Tribunal de Justi\u00e7a (STJ) que determinou o afastamento do ent\u00e3o secret\u00e1rio Maur\u00edcio Teles Barbosa. Ele foi alvo de busca e apreens\u00e3o, entre outras medidas, por ser apontado como suspeito de &#8220;blindagem institucional&#8221; no caso da Opera\u00e7\u00e3o Faroeste (saiba mais aqui), que atinge diretamente desembargadores do Tribunal&hellip;","jetpack_sharing_enabled":true,"jetpack_likes_enabled":true,"_links":{"self":[{"href":"https:\/\/blogopara.com.br\/index.php\/wp-json\/wp\/v2\/posts\/17019","targetHints":{"allow":["GET"]}}],"collection":[{"href":"https:\/\/blogopara.com.br\/index.php\/wp-json\/wp\/v2\/posts"}],"about":[{"href":"https:\/\/blogopara.com.br\/index.php\/wp-json\/wp\/v2\/types\/post"}],"author":[{"embeddable":true,"href":"https:\/\/blogopara.com.br\/index.php\/wp-json\/wp\/v2\/users\/1"}],"replies":[{"embeddable":true,"href":"https:\/\/blogopara.com.br\/index.php\/wp-json\/wp\/v2\/comments?post=17019"}],"version-history":[{"count":1,"href":"https:\/\/blogopara.com.br\/index.php\/wp-json\/wp\/v2\/posts\/17019\/revisions"}],"predecessor-version":[{"id":17021,"href":"https:\/\/blogopara.com.br\/index.php\/wp-json\/wp\/v2\/posts\/17019\/revisions\/17021"}],"wp:featuredmedia":[{"embeddable":true,"href":"https:\/\/blogopara.com.br\/index.php\/wp-json\/wp\/v2\/media\/17020"}],"wp:attachment":[{"href":"https:\/\/blogopara.com.br\/index.php\/wp-json\/wp\/v2\/media?parent=17019"}],"wp:term":[{"taxonomy":"category","embeddable":true,"href":"https:\/\/blogopara.com.br\/index.php\/wp-json\/wp\/v2\/categories?post=17019"},{"taxonomy":"post_tag","embeddable":true,"href":"https:\/\/blogopara.com.br\/index.php\/wp-json\/wp\/v2\/tags?post=17019"}],"curies":[{"name":"wp","href":"https:\/\/api.w.org\/{rel}","templated":true}]}}