{"id":17027,"date":"2020-12-15T10:08:21","date_gmt":"2020-12-15T13:08:21","guid":{"rendered":"http:\/\/blogopara.com.br\/?p=17027"},"modified":"2020-12-15T10:08:25","modified_gmt":"2020-12-15T13:08:25","slug":"juazeiro-indicacao-do-coronel-anselmo-bispo-codevasf-reinicia-obras-de-recuperacao-asfaltica","status":"publish","type":"post","link":"https:\/\/blogopara.com.br\/index.php\/2020\/12\/15\/juazeiro-indicacao-do-coronel-anselmo-bispo-codevasf-reinicia-obras-de-recuperacao-asfaltica","title":{"rendered":"Juazeiro: Indica\u00e7\u00e3o do Coronel Anselmo Bispo, Codevasf reinicia obras de recupera\u00e7\u00e3o asf\u00e1ltica."},"content":{"rendered":"<p dir=\"ltr\" style=\"text-align: justify;\">As obras de recupera\u00e7\u00e3o asf\u00e1ltica executadas pela Codevasf foram reiniciadas na manh\u00e3 desta segunda-feira (14).<\/p>\n<p dir=\"ltr\" style=\"text-align: justify;\">A avenida principal do bairro Maring\u00e1 est\u00e1 sendo asfaltada completamente.\u00a0 A via faz parte de um pacote de cerca de 60 ruas a serem recapeadas\u00a0 em v\u00e1rios bairros da cidade, num investimento de dez milh\u00f5es de reais. Os recursos s\u00e3o oriundos de emenda parlamentar do deputado federal Elmar Nascimento (DEM), que atendeu a uma solicita\u00e7\u00e3o do Coronel Anselmo Bispo.<\/p>\n<p dir=\"ltr\" style=\"text-align: justify;\">\u201cEstamos vivendo um novo momento na pol\u00edtica em Juazeiro, n\u00e3o aquela velha pol\u00edtica, do oportunismo e da engana\u00e7\u00e3o, mas uma pol\u00edtica s\u00e9ria, de compromisso e\u00a0 que busca o bem-estar da popula\u00e7\u00e3o\u201d, declarou o Coronel Anselmo Bispo.<\/p>\n<p dir=\"ltr\" style=\"text-align: justify;\">As ruas escolhidas obedeciam a crit\u00e9rios r\u00edgidos definidos pelo pr\u00f3prio deputado Elmar Nascimento, entre eles, o de atender o maior n\u00famero poss\u00edvel de pessoas. As obras haviam sido suspensas por falta de material, e agora, com a regulariza\u00e7\u00e3o do fornecimento pela Petrobras, ser\u00e3o conclu\u00eddas.<\/p>\n","protected":false},"excerpt":{"rendered":"<p>As obras de recupera\u00e7\u00e3o asf\u00e1ltica executadas pela Codevasf foram reiniciadas na manh\u00e3 desta segunda-feira (14). A avenida principal do bairro Maring\u00e1 est\u00e1 sendo asfaltada completamente.\u00a0 A via faz parte de um pacote de cerca de 60 ruas a serem recapeadas\u00a0 em v\u00e1rios bairros da cidade, num investimento de dez milh\u00f5es de reais. Os recursos s\u00e3o [&hellip;]<\/p>\n","protected":false},"author":1,"featured_media":17028,"comment_status":"open","ping_status":"open","sticky":false,"template":"","format":"standard","meta":{"_uag_custom_page_level_css":"","_monsterinsights_skip_tracking":false,"_monsterinsights_sitenote_active":false,"_monsterinsights_sitenote_note":"","_monsterinsights_sitenote_category":0,"jetpack_post_was_ever_published":false,"_jetpack_newsletter_access":"","_jetpack_dont_email_post_to_subs":false,"_jetpack_newsletter_tier_id":0,"_jetpack_memberships_contains_paywalled_content":false,"_jetpack_memberships_contains_paid_content":false,"footnotes":"","jetpack_publicize_message":"","jetpack_publicize_feature_enabled":true,"jetpack_social_post_already_shared":true,"jetpack_social_options":{"image_generator_settings":{"template":"highway","default_image_id":0,"font":"","enabled":false},"version":2}},"categories":[203,197,204],"tags":[],"class_list":["post-17027","post","type-post","status-publish","format-standard","has-post-thumbnail","hentry","category-juazeiro","category-politica","category-social"],"jetpack_publicize_connections":[],"jetpack_featured_media_url":"https:\/\/blogopara.com.br\/wp-content\/uploads\/2020\/12\/WhatsApp-Image-2020-12-14-at-12.03.50-2.jpeg","uagb_featured_image_src":{"full":["https:\/\/blogopara.com.br\/wp-content\/uploads\/2020\/12\/WhatsApp-Image-2020-12-14-at-12.03.50-2.jpeg",400,268,false],"thumbnail":["https:\/\/blogopara.com.br\/wp-content\/uploads\/2020\/12\/WhatsApp-Image-2020-12-14-at-12.03.50-2-150x150.jpeg",150,150,true],"medium":["https:\/\/blogopara.com.br\/wp-content\/uploads\/2020\/12\/WhatsApp-Image-2020-12-14-at-12.03.50-2-300x201.jpeg",300,201,true],"medium_large":["https:\/\/blogopara.com.br\/wp-content\/uploads\/2020\/12\/WhatsApp-Image-2020-12-14-at-12.03.50-2.jpeg",400,268,false],"large":["https:\/\/blogopara.com.br\/wp-content\/uploads\/2020\/12\/WhatsApp-Image-2020-12-14-at-12.03.50-2.jpeg",400,268,false],"1536x1536":["https:\/\/blogopara.com.br\/wp-content\/uploads\/2020\/12\/WhatsApp-Image-2020-12-14-at-12.03.50-2.jpeg",400,268,false],"2048x2048":["https:\/\/blogopara.com.br\/wp-content\/uploads\/2020\/12\/WhatsApp-Image-2020-12-14-at-12.03.50-2.jpeg",400,268,false],"mantranews-slider-large":["https:\/\/blogopara.com.br\/wp-content\/uploads\/2020\/12\/WhatsApp-Image-2020-12-14-at-12.03.50-2.jpeg",400,268,false],"mantranews-featured-medium":["https:\/\/blogopara.com.br\/wp-content\/uploads\/2020\/12\/WhatsApp-Image-2020-12-14-at-12.03.50-2.jpeg",400,268,false],"mantranews-featured-long":["https:\/\/blogopara.com.br\/wp-content\/uploads\/2020\/12\/WhatsApp-Image-2020-12-14-at-12.03.50-2-300x268.jpeg",300,268,true],"mantranews-block-medium":["https:\/\/blogopara.com.br\/wp-content\/uploads\/2020\/12\/WhatsApp-Image-2020-12-14-at-12.03.50-2.jpeg",400,268,false],"mantranews-carousel-image":["https:\/\/blogopara.com.br\/wp-content\/uploads\/2020\/12\/WhatsApp-Image-2020-12-14-at-12.03.50-2.jpeg",400,268,false],"mantranews-block-thumb":["https:\/\/blogopara.com.br\/wp-content\/uploads\/2020\/12\/WhatsApp-Image-2020-12-14-at-12.03.50-2-322x230.jpeg",322,230,true],"mantranews-single-large":["https:\/\/blogopara.com.br\/wp-content\/uploads\/2020\/12\/WhatsApp-Image-2020-12-14-at-12.03.50-2.jpeg",400,268,false]},"uagb_author_info":{"display_name":"Reda\u00e7\u00e3o geral","author_link":"https:\/\/blogopara.com.br\/index.php\/author\/blogopara"},"uagb_comment_info":0,"uagb_excerpt":"As obras de recupera\u00e7\u00e3o asf\u00e1ltica executadas pela Codevasf foram reiniciadas na manh\u00e3 desta segunda-feira (14). A avenida principal do bairro Maring\u00e1 est\u00e1 sendo asfaltada completamente.\u00a0 A via faz parte de um pacote de cerca de 60 ruas a serem recapeadas\u00a0 em v\u00e1rios bairros da cidade, num investimento de dez milh\u00f5es de reais. Os recursos s\u00e3o&hellip;","jetpack_sharing_enabled":true,"jetpack_likes_enabled":true,"_links":{"self":[{"href":"https:\/\/blogopara.com.br\/index.php\/wp-json\/wp\/v2\/posts\/17027","targetHints":{"allow":["GET"]}}],"collection":[{"href":"https:\/\/blogopara.com.br\/index.php\/wp-json\/wp\/v2\/posts"}],"about":[{"href":"https:\/\/blogopara.com.br\/index.php\/wp-json\/wp\/v2\/types\/post"}],"author":[{"embeddable":true,"href":"https:\/\/blogopara.com.br\/index.php\/wp-json\/wp\/v2\/users\/1"}],"replies":[{"embeddable":true,"href":"https:\/\/blogopara.com.br\/index.php\/wp-json\/wp\/v2\/comments?post=17027"}],"version-history":[{"count":1,"href":"https:\/\/blogopara.com.br\/index.php\/wp-json\/wp\/v2\/posts\/17027\/revisions"}],"predecessor-version":[{"id":17029,"href":"https:\/\/blogopara.com.br\/index.php\/wp-json\/wp\/v2\/posts\/17027\/revisions\/17029"}],"wp:featuredmedia":[{"embeddable":true,"href":"https:\/\/blogopara.com.br\/index.php\/wp-json\/wp\/v2\/media\/17028"}],"wp:attachment":[{"href":"https:\/\/blogopara.com.br\/index.php\/wp-json\/wp\/v2\/media?parent=17027"}],"wp:term":[{"taxonomy":"category","embeddable":true,"href":"https:\/\/blogopara.com.br\/index.php\/wp-json\/wp\/v2\/categories?post=17027"},{"taxonomy":"post_tag","embeddable":true,"href":"https:\/\/blogopara.com.br\/index.php\/wp-json\/wp\/v2\/tags?post=17027"}],"curies":[{"name":"wp","href":"https:\/\/api.w.org\/{rel}","templated":true}]}}