{"id":17051,"date":"2020-12-16T10:51:29","date_gmt":"2020-12-16T13:51:29","guid":{"rendered":"http:\/\/blogopara.com.br\/?p=17051"},"modified":"2020-12-16T10:57:39","modified_gmt":"2020-12-16T13:57:39","slug":"juazeiro-isaac-carvalho-na-mira-da-operacao-da-pf","status":"publish","type":"post","link":"https:\/\/blogopara.com.br\/index.php\/2020\/12\/16\/juazeiro-isaac-carvalho-na-mira-da-operacao-da-pf","title":{"rendered":"Juazeiro: Isaac Carvalho na mira da opera\u00e7\u00e3o da PF"},"content":{"rendered":"<p style=\"text-align: justify;\">Logo cedo agentes da Pol\u00edcia Federal e prepostos da Controladoria-Geral da Uni\u00e3o (CGU) estiveram na sede da Secretaria Municipal de Sa\u00fade que funciona no \u00c1guas Center .<\/p>\n<p style=\"text-align: justify;\">Segundo informa\u00e7\u00f5es, a Opera\u00e7\u00e3o da Pol\u00edcia Federal mirou a gest\u00e3o de Isaac Carvalho, no per\u00edodo de 2012 a 2016. O alvo foram os processos licitat\u00f3rios da sa\u00fade de 2014 e 2016.<\/p>\n<div class=\"sharedaddy sd-sharing-enabled\" style=\"text-align: justify;\"><\/div>\n","protected":false},"excerpt":{"rendered":"<p>Logo cedo agentes da Pol\u00edcia Federal e prepostos da Controladoria-Geral da Uni\u00e3o (CGU) estiveram na sede da Secretaria Municipal de Sa\u00fade que funciona no \u00c1guas Center . Segundo informa\u00e7\u00f5es, a Opera\u00e7\u00e3o da Pol\u00edcia Federal mirou a gest\u00e3o de Isaac Carvalho, no per\u00edodo de 2012 a 2016. O alvo foram os processos licitat\u00f3rios da sa\u00fade de [&hellip;]<\/p>\n","protected":false},"author":1,"featured_media":16548,"comment_status":"open","ping_status":"open","sticky":false,"template":"","format":"standard","meta":{"_uag_custom_page_level_css":"","_monsterinsights_skip_tracking":false,"_monsterinsights_sitenote_active":false,"_monsterinsights_sitenote_note":"","_monsterinsights_sitenote_category":0,"jetpack_post_was_ever_published":false,"_jetpack_newsletter_access":"","_jetpack_dont_email_post_to_subs":false,"_jetpack_newsletter_tier_id":0,"_jetpack_memberships_contains_paywalled_content":false,"_jetpack_memberships_contains_paid_content":false,"footnotes":"","jetpack_publicize_message":"","jetpack_publicize_feature_enabled":true,"jetpack_social_post_already_shared":true,"jetpack_social_options":{"image_generator_settings":{"template":"highway","default_image_id":0,"font":"","enabled":false},"version":2}},"categories":[203,202,197],"tags":[],"class_list":["post-17051","post","type-post","status-publish","format-standard","has-post-thumbnail","hentry","category-juazeiro","category-policia","category-politica"],"jetpack_publicize_connections":[],"jetpack_featured_media_url":"https:\/\/blogopara.com.br\/wp-content\/uploads\/2020\/11\/1549569990_Desembargador-reforma-sentenca-e-condena-ex-prefeito-Isaac-Carvalho-por-contratacao-ilegal.jpg","uagb_featured_image_src":{"full":["https:\/\/blogopara.com.br\/wp-content\/uploads\/2020\/11\/1549569990_Desembargador-reforma-sentenca-e-condena-ex-prefeito-Isaac-Carvalho-por-contratacao-ilegal.jpg",500,535,false],"thumbnail":["https:\/\/blogopara.com.br\/wp-content\/uploads\/2020\/11\/1549569990_Desembargador-reforma-sentenca-e-condena-ex-prefeito-Isaac-Carvalho-por-contratacao-ilegal-150x150.jpg",150,150,true],"medium":["https:\/\/blogopara.com.br\/wp-content\/uploads\/2020\/11\/1549569990_Desembargador-reforma-sentenca-e-condena-ex-prefeito-Isaac-Carvalho-por-contratacao-ilegal-280x300.jpg",280,300,true],"medium_large":["https:\/\/blogopara.com.br\/wp-content\/uploads\/2020\/11\/1549569990_Desembargador-reforma-sentenca-e-condena-ex-prefeito-Isaac-Carvalho-por-contratacao-ilegal.jpg",500,535,false],"large":["https:\/\/blogopara.com.br\/wp-content\/uploads\/2020\/11\/1549569990_Desembargador-reforma-sentenca-e-condena-ex-prefeito-Isaac-Carvalho-por-contratacao-ilegal.jpg",500,535,false],"1536x1536":["https:\/\/blogopara.com.br\/wp-content\/uploads\/2020\/11\/1549569990_Desembargador-reforma-sentenca-e-condena-ex-prefeito-Isaac-Carvalho-por-contratacao-ilegal.jpg",500,535,false],"2048x2048":["https:\/\/blogopara.com.br\/wp-content\/uploads\/2020\/11\/1549569990_Desembargador-reforma-sentenca-e-condena-ex-prefeito-Isaac-Carvalho-por-contratacao-ilegal.jpg",500,535,false],"mantranews-slider-large":["https:\/\/blogopara.com.br\/wp-content\/uploads\/2020\/11\/1549569990_Desembargador-reforma-sentenca-e-condena-ex-prefeito-Isaac-Carvalho-por-contratacao-ilegal.jpg",500,535,false],"mantranews-featured-medium":["https:\/\/blogopara.com.br\/wp-content\/uploads\/2020\/11\/1549569990_Desembargador-reforma-sentenca-e-condena-ex-prefeito-Isaac-Carvalho-por-contratacao-ilegal-420x307.jpg",420,307,true],"mantranews-featured-long":["https:\/\/blogopara.com.br\/wp-content\/uploads\/2020\/11\/1549569990_Desembargador-reforma-sentenca-e-condena-ex-prefeito-Isaac-Carvalho-por-contratacao-ilegal-300x443.jpg",300,443,true],"mantranews-block-medium":["https:\/\/blogopara.com.br\/wp-content\/uploads\/2020\/11\/1549569990_Desembargador-reforma-sentenca-e-condena-ex-prefeito-Isaac-Carvalho-por-contratacao-ilegal-464x290.jpg",464,290,true],"mantranews-carousel-image":["https:\/\/blogopara.com.br\/wp-content\/uploads\/2020\/11\/1549569990_Desembargador-reforma-sentenca-e-condena-ex-prefeito-Isaac-Carvalho-por-contratacao-ilegal-500x500.jpg",500,500,true],"mantranews-block-thumb":["https:\/\/blogopara.com.br\/wp-content\/uploads\/2020\/11\/1549569990_Desembargador-reforma-sentenca-e-condena-ex-prefeito-Isaac-Carvalho-por-contratacao-ilegal-322x230.jpg",322,230,true],"mantranews-single-large":["https:\/\/blogopara.com.br\/wp-content\/uploads\/2020\/11\/1549569990_Desembargador-reforma-sentenca-e-condena-ex-prefeito-Isaac-Carvalho-por-contratacao-ilegal.jpg",500,535,false]},"uagb_author_info":{"display_name":"Reda\u00e7\u00e3o geral","author_link":"https:\/\/blogopara.com.br\/index.php\/author\/blogopara"},"uagb_comment_info":1,"uagb_excerpt":"Logo cedo agentes da Pol\u00edcia Federal e prepostos da Controladoria-Geral da Uni\u00e3o (CGU) estiveram na sede da Secretaria Municipal de Sa\u00fade que funciona no \u00c1guas Center . Segundo informa\u00e7\u00f5es, a Opera\u00e7\u00e3o da Pol\u00edcia Federal mirou a gest\u00e3o de Isaac Carvalho, no per\u00edodo de 2012 a 2016. O alvo foram os processos licitat\u00f3rios da sa\u00fade de&hellip;","jetpack_sharing_enabled":true,"jetpack_likes_enabled":true,"_links":{"self":[{"href":"https:\/\/blogopara.com.br\/index.php\/wp-json\/wp\/v2\/posts\/17051","targetHints":{"allow":["GET"]}}],"collection":[{"href":"https:\/\/blogopara.com.br\/index.php\/wp-json\/wp\/v2\/posts"}],"about":[{"href":"https:\/\/blogopara.com.br\/index.php\/wp-json\/wp\/v2\/types\/post"}],"author":[{"embeddable":true,"href":"https:\/\/blogopara.com.br\/index.php\/wp-json\/wp\/v2\/users\/1"}],"replies":[{"embeddable":true,"href":"https:\/\/blogopara.com.br\/index.php\/wp-json\/wp\/v2\/comments?post=17051"}],"version-history":[{"count":2,"href":"https:\/\/blogopara.com.br\/index.php\/wp-json\/wp\/v2\/posts\/17051\/revisions"}],"predecessor-version":[{"id":17053,"href":"https:\/\/blogopara.com.br\/index.php\/wp-json\/wp\/v2\/posts\/17051\/revisions\/17053"}],"wp:featuredmedia":[{"embeddable":true,"href":"https:\/\/blogopara.com.br\/index.php\/wp-json\/wp\/v2\/media\/16548"}],"wp:attachment":[{"href":"https:\/\/blogopara.com.br\/index.php\/wp-json\/wp\/v2\/media?parent=17051"}],"wp:term":[{"taxonomy":"category","embeddable":true,"href":"https:\/\/blogopara.com.br\/index.php\/wp-json\/wp\/v2\/categories?post=17051"},{"taxonomy":"post_tag","embeddable":true,"href":"https:\/\/blogopara.com.br\/index.php\/wp-json\/wp\/v2\/tags?post=17051"}],"curies":[{"name":"wp","href":"https:\/\/api.w.org\/{rel}","templated":true}]}}