{"id":17160,"date":"2020-12-23T10:57:15","date_gmt":"2020-12-23T13:57:15","guid":{"rendered":"http:\/\/blogopara.com.br\/?p=17160"},"modified":"2020-12-23T10:57:19","modified_gmt":"2020-12-23T13:57:19","slug":"nao-tem-condicao-de-nao-sermos-protagonistas-diz-coronel-sobre-psd-em-2022","status":"publish","type":"post","link":"https:\/\/blogopara.com.br\/index.php\/2020\/12\/23\/nao-tem-condicao-de-nao-sermos-protagonistas-diz-coronel-sobre-psd-em-2022","title":{"rendered":"&#8216;N\u00e3o tem condi\u00e7\u00e3o de n\u00e3o sermos protagonistas&#8217;, diz Coronel sobre PSD em 2022"},"content":{"rendered":"<p style=\"text-align: justify;\">O senador Angelo Coronel defendeu que seu partido, o PSD, tenha mais espa\u00e7o nas elei\u00e7\u00f5es de 2022. Apesar de reconhecer que h\u00e1 nomes importantes no grupo pol\u00edtico que integra, o ex-presidente da Assembleia Legislativa da Bahia (AL-BA) defende que a sua legenda tenha direito a disputar a cabe\u00e7a de chapa tanto na disputa nacional quanto na estadual. A informa\u00e7\u00e3o foi dada nesta ter\u00e7a-feira (22), em entrevista concedida no Bahia Not\u00edcias no Ar, da r\u00e1dio Salvador FM 92,3.<\/p>\n<div id=\"div-gpt-ad-bn_principal_conteudo\" data-google-query-id=\"CKvP6vmd5O0CFeEDuQYdxwMLoQ\">\n<p style=\"text-align: justify;\">&#8220;Um partido grande, um dos maiores do pa\u00eds. N\u00e3o temos condi\u00e7\u00e3o n\u00e3o de sermos protagonistas, de sermos sempre coadjuvantes&#8230; Eu discordo. Eu sei que tem membros do partido que discordam. Mas eu defendo sempre que o partido tenha candidatura pr\u00f3pria para a presid\u00eancia da Rep\u00fablica e para o governo do Estado&#8221;, declarou.<\/p>\n<p style=\"text-align: justify;\">Para Coronel, &#8220;n\u00e3o \u00e9 que os outros partidos n\u00e3o tenham nomes bons&#8221;, mas o PSD tamb\u00e9m tem membros que podem ocupar esses espa\u00e7os.<\/p>\n<p style=\"text-align: justify;\">&#8220;Se o senador Otto Alencar desejar ser o candidato a governador, estarei com ele. \u00c9 uma pessoa com experi\u00eancia, testado. Ent\u00e3o eu tor\u00e7o que Otto venha a ser nosso governador. Evidente que temos nomes de outras legendas, como Jo\u00e3o Le\u00e3o do PP, Jaques Wagner do PT. Mas eu defendo o nome de Otto Alencar.<\/p>\n<p style=\"text-align: justify;\">Fonte: BH<\/p>\n<p style=\"text-align: justify;\">\n<\/div>\n","protected":false},"excerpt":{"rendered":"<p>O senador Angelo Coronel defendeu que seu partido, o PSD, tenha mais espa\u00e7o nas elei\u00e7\u00f5es de 2022. Apesar de reconhecer que h\u00e1 nomes importantes no grupo pol\u00edtico que integra, o ex-presidente da Assembleia Legislativa da Bahia (AL-BA) defende que a sua legenda tenha direito a disputar a cabe\u00e7a de chapa tanto na disputa nacional quanto [&hellip;]<\/p>\n","protected":false},"author":1,"featured_media":17161,"comment_status":"open","ping_status":"open","sticky":false,"template":"","format":"standard","meta":{"_uag_custom_page_level_css":"","_monsterinsights_skip_tracking":false,"_monsterinsights_sitenote_active":false,"_monsterinsights_sitenote_note":"","_monsterinsights_sitenote_category":0,"jetpack_post_was_ever_published":false,"_jetpack_newsletter_access":"","_jetpack_dont_email_post_to_subs":false,"_jetpack_newsletter_tier_id":0,"_jetpack_memberships_contains_paywalled_content":false,"_jetpack_memberships_contains_paid_content":false,"footnotes":"","jetpack_publicize_message":"","jetpack_publicize_feature_enabled":true,"jetpack_social_post_already_shared":true,"jetpack_social_options":{"image_generator_settings":{"template":"highway","default_image_id":0,"font":"","enabled":false},"version":2}},"categories":[199,197],"tags":[],"class_list":["post-17160","post","type-post","status-publish","format-standard","has-post-thumbnail","hentry","category-bahia","category-politica"],"jetpack_publicize_connections":[],"jetpack_featured_media_url":"https:\/\/blogopara.com.br\/wp-content\/uploads\/2020\/12\/IMAGEM_NOTICIA_5-1-1.jpg","uagb_featured_image_src":{"full":["https:\/\/blogopara.com.br\/wp-content\/uploads\/2020\/12\/IMAGEM_NOTICIA_5-1-1.jpg",380,280,false],"thumbnail":["https:\/\/blogopara.com.br\/wp-content\/uploads\/2020\/12\/IMAGEM_NOTICIA_5-1-1-150x150.jpg",150,150,true],"medium":["https:\/\/blogopara.com.br\/wp-content\/uploads\/2020\/12\/IMAGEM_NOTICIA_5-1-1-300x221.jpg",300,221,true],"medium_large":["https:\/\/blogopara.com.br\/wp-content\/uploads\/2020\/12\/IMAGEM_NOTICIA_5-1-1.jpg",380,280,false],"large":["https:\/\/blogopara.com.br\/wp-content\/uploads\/2020\/12\/IMAGEM_NOTICIA_5-1-1.jpg",380,280,false],"1536x1536":["https:\/\/blogopara.com.br\/wp-content\/uploads\/2020\/12\/IMAGEM_NOTICIA_5-1-1.jpg",380,280,false],"2048x2048":["https:\/\/blogopara.com.br\/wp-content\/uploads\/2020\/12\/IMAGEM_NOTICIA_5-1-1.jpg",380,280,false],"mantranews-slider-large":["https:\/\/blogopara.com.br\/wp-content\/uploads\/2020\/12\/IMAGEM_NOTICIA_5-1-1.jpg",380,280,false],"mantranews-featured-medium":["https:\/\/blogopara.com.br\/wp-content\/uploads\/2020\/12\/IMAGEM_NOTICIA_5-1-1.jpg",380,280,false],"mantranews-featured-long":["https:\/\/blogopara.com.br\/wp-content\/uploads\/2020\/12\/IMAGEM_NOTICIA_5-1-1-300x280.jpg",300,280,true],"mantranews-block-medium":["https:\/\/blogopara.com.br\/wp-content\/uploads\/2020\/12\/IMAGEM_NOTICIA_5-1-1.jpg",380,280,false],"mantranews-carousel-image":["https:\/\/blogopara.com.br\/wp-content\/uploads\/2020\/12\/IMAGEM_NOTICIA_5-1-1.jpg",380,280,false],"mantranews-block-thumb":["https:\/\/blogopara.com.br\/wp-content\/uploads\/2020\/12\/IMAGEM_NOTICIA_5-1-1-322x230.jpg",322,230,true],"mantranews-single-large":["https:\/\/blogopara.com.br\/wp-content\/uploads\/2020\/12\/IMAGEM_NOTICIA_5-1-1.jpg",380,280,false]},"uagb_author_info":{"display_name":"Reda\u00e7\u00e3o geral","author_link":"https:\/\/blogopara.com.br\/index.php\/author\/blogopara"},"uagb_comment_info":0,"uagb_excerpt":"O senador Angelo Coronel defendeu que seu partido, o PSD, tenha mais espa\u00e7o nas elei\u00e7\u00f5es de 2022. Apesar de reconhecer que h\u00e1 nomes importantes no grupo pol\u00edtico que integra, o ex-presidente da Assembleia Legislativa da Bahia (AL-BA) defende que a sua legenda tenha direito a disputar a cabe\u00e7a de chapa tanto na disputa nacional quanto&hellip;","jetpack_sharing_enabled":true,"jetpack_likes_enabled":true,"_links":{"self":[{"href":"https:\/\/blogopara.com.br\/index.php\/wp-json\/wp\/v2\/posts\/17160","targetHints":{"allow":["GET"]}}],"collection":[{"href":"https:\/\/blogopara.com.br\/index.php\/wp-json\/wp\/v2\/posts"}],"about":[{"href":"https:\/\/blogopara.com.br\/index.php\/wp-json\/wp\/v2\/types\/post"}],"author":[{"embeddable":true,"href":"https:\/\/blogopara.com.br\/index.php\/wp-json\/wp\/v2\/users\/1"}],"replies":[{"embeddable":true,"href":"https:\/\/blogopara.com.br\/index.php\/wp-json\/wp\/v2\/comments?post=17160"}],"version-history":[{"count":1,"href":"https:\/\/blogopara.com.br\/index.php\/wp-json\/wp\/v2\/posts\/17160\/revisions"}],"predecessor-version":[{"id":17162,"href":"https:\/\/blogopara.com.br\/index.php\/wp-json\/wp\/v2\/posts\/17160\/revisions\/17162"}],"wp:featuredmedia":[{"embeddable":true,"href":"https:\/\/blogopara.com.br\/index.php\/wp-json\/wp\/v2\/media\/17161"}],"wp:attachment":[{"href":"https:\/\/blogopara.com.br\/index.php\/wp-json\/wp\/v2\/media?parent=17160"}],"wp:term":[{"taxonomy":"category","embeddable":true,"href":"https:\/\/blogopara.com.br\/index.php\/wp-json\/wp\/v2\/categories?post=17160"},{"taxonomy":"post_tag","embeddable":true,"href":"https:\/\/blogopara.com.br\/index.php\/wp-json\/wp\/v2\/tags?post=17160"}],"curies":[{"name":"wp","href":"https:\/\/api.w.org\/{rel}","templated":true}]}}