{"id":17248,"date":"2020-12-26T19:29:54","date_gmt":"2020-12-26T22:29:54","guid":{"rendered":"http:\/\/blogopara.com.br\/?p=17248"},"modified":"2020-12-26T19:29:59","modified_gmt":"2020-12-26T22:29:59","slug":"a-cor-de-sua-urina-pode-ser-alerta-de-graves-doencas-inclusive-cancer","status":"publish","type":"post","link":"https:\/\/blogopara.com.br\/index.php\/2020\/12\/26\/a-cor-de-sua-urina-pode-ser-alerta-de-graves-doencas-inclusive-cancer","title":{"rendered":"A cor de sua urina pode ser alerta de graves doen\u00e7as, inclusive c\u00e2ncer"},"content":{"rendered":"<p style=\"text-align: justify;\">Nosso corpo \u00e9 uma m\u00e1quina perfeita e por sinal, quando algo n\u00e3o est\u00e1 em harmonia com os demais \u00f3rg\u00e3os, o organismo d\u00e1 um jeito de nos avisar atrav\u00e9s dos mais variados sinais.<\/p>\n<p style=\"text-align: justify;\">Como por exemplo, a urina.<\/p>\n<p style=\"text-align: justify;\"><img decoding=\"async\" src=\"https:\/\/www.saopaulo.sp.gov.br\/wp-content\/uploads\/2020\/05\/urina-cor.png\" alt=\"O que a cor da urina pode revelar sobre a sa\u00fade dos cidad\u00e3os | Governo do Estado de S\u00e3o Paulo\" \/><\/p>\n<p style=\"text-align: justify;\">Uma alerta foi publicada pelo nefrologista do Instituto Pr\u00f3-Rim, Dr. Marcos Alexandre Vieira, onde est\u00e1 registrado que a cor da urina quando n\u00e3o est\u00e1 no tom natural, pode ser indicativo de doen\u00e7as.<\/p>\n<p style=\"text-align: justify;\">\u00c9 por meio da urina que as toxinas do nosso corpo s\u00e3o descartadas, mas tamb\u00e9m serve como base para avalia\u00e7\u00e3o da sa\u00fade do individuo.<\/p>\n<h5 style=\"text-align: justify;\">Confira!<\/h5>\n<h5 style=\"text-align: justify;\">1. Amarelo claro<\/h5>\n<p style=\"text-align: justify;\">Sem d\u00favida, essa \u00e9 a cor ideal da urina.<\/p>\n<h4 style=\"text-align: justify;\">2. Transparente<\/h4>\n<p style=\"text-align: justify;\">Com o tom t\u00e3o amarelo calor, que at\u00e9 parece transparente, significa que a pessoa tomou bastante \u00e1gua e est\u00e1 tudo bem.<\/p>\n<h5 style=\"text-align: justify;\">3. Amarelo escuro<\/h5>\n<p style=\"text-align: justify;\">Com a cor amarela ficando cada vez mais forte, significa que voc\u00ea est\u00e1 ingerindo pouca \u00e1gua.<\/p>\n<h5 style=\"text-align: justify;\">4. Alaranjado<\/h5>\n<p style=\"text-align: justify;\">Quando chega a esse tom, voc\u00ea pode estar com problemas na ves\u00edcula ou infec\u00e7\u00e3o em alguma parte do corpo.<\/p>\n<h5 style=\"text-align: justify;\">5. Urina marrom<\/h5>\n<p style=\"text-align: justify;\">Urina marrom pode ser problemas no f\u00edgado.<\/p>\n<h5 style=\"text-align: justify;\">Aten\u00e7\u00e3o!<\/h5>\n<p style=\"text-align: justify;\">Se sua urina est\u00e1 vermelha e voc\u00ea n\u00e3o abusou de alimentos dessa cor, como a beterraba, ent\u00e3o o m\u00e9dico dever\u00e1 ser procurado com urg\u00eancia. Pois pode ser sinal de infec\u00e7\u00e3o, problemas na pr\u00f3stata ou tumor maligno.<\/p>\n<p style=\"text-align: justify;\">Fonte:\u00a0<a href=\"https:\/\/www.prorim.org.br\/noticias\/\">Pr\u00f3Rim<\/a><\/p>\n","protected":false},"excerpt":{"rendered":"<p>Nosso corpo \u00e9 uma m\u00e1quina perfeita e por sinal, quando algo n\u00e3o est\u00e1 em harmonia com os demais \u00f3rg\u00e3os, o organismo d\u00e1 um jeito de nos avisar atrav\u00e9s dos mais variados sinais. Como por exemplo, a urina. Uma alerta foi publicada pelo nefrologista do Instituto Pr\u00f3-Rim, Dr. Marcos Alexandre Vieira, onde est\u00e1 registrado que a [&hellip;]<\/p>\n","protected":false},"author":1,"featured_media":17249,"comment_status":"open","ping_status":"open","sticky":false,"template":"","format":"standard","meta":{"_uag_custom_page_level_css":"","_monsterinsights_skip_tracking":false,"_monsterinsights_sitenote_active":false,"_monsterinsights_sitenote_note":"","_monsterinsights_sitenote_category":0,"jetpack_post_was_ever_published":false,"_jetpack_newsletter_access":"","_jetpack_dont_email_post_to_subs":false,"_jetpack_newsletter_tier_id":0,"_jetpack_memberships_contains_paywalled_content":false,"_jetpack_memberships_contains_paid_content":false,"footnotes":"","jetpack_publicize_message":"","jetpack_publicize_feature_enabled":true,"jetpack_social_post_already_shared":true,"jetpack_social_options":{"image_generator_settings":{"template":"highway","default_image_id":0,"font":"","enabled":false},"version":2}},"categories":[200,205],"tags":[],"class_list":["post-17248","post","type-post","status-publish","format-standard","has-post-thumbnail","hentry","category-brasil","category-saude"],"jetpack_publicize_connections":[],"jetpack_featured_media_url":"https:\/\/blogopara.com.br\/wp-content\/uploads\/2020\/12\/iStock-925626658.jpg","uagb_featured_image_src":{"full":["https:\/\/blogopara.com.br\/wp-content\/uploads\/2020\/12\/iStock-925626658.jpg",500,333,false],"thumbnail":["https:\/\/blogopara.com.br\/wp-content\/uploads\/2020\/12\/iStock-925626658-150x150.jpg",150,150,true],"medium":["https:\/\/blogopara.com.br\/wp-content\/uploads\/2020\/12\/iStock-925626658-300x200.jpg",300,200,true],"medium_large":["https:\/\/blogopara.com.br\/wp-content\/uploads\/2020\/12\/iStock-925626658.jpg",500,333,false],"large":["https:\/\/blogopara.com.br\/wp-content\/uploads\/2020\/12\/iStock-925626658.jpg",500,333,false],"1536x1536":["https:\/\/blogopara.com.br\/wp-content\/uploads\/2020\/12\/iStock-925626658.jpg",500,333,false],"2048x2048":["https:\/\/blogopara.com.br\/wp-content\/uploads\/2020\/12\/iStock-925626658.jpg",500,333,false],"mantranews-slider-large":["https:\/\/blogopara.com.br\/wp-content\/uploads\/2020\/12\/iStock-925626658.jpg",500,333,false],"mantranews-featured-medium":["https:\/\/blogopara.com.br\/wp-content\/uploads\/2020\/12\/iStock-925626658-420x307.jpg",420,307,true],"mantranews-featured-long":["https:\/\/blogopara.com.br\/wp-content\/uploads\/2020\/12\/iStock-925626658-300x333.jpg",300,333,true],"mantranews-block-medium":["https:\/\/blogopara.com.br\/wp-content\/uploads\/2020\/12\/iStock-925626658-464x290.jpg",464,290,true],"mantranews-carousel-image":["https:\/\/blogopara.com.br\/wp-content\/uploads\/2020\/12\/iStock-925626658.jpg",500,333,false],"mantranews-block-thumb":["https:\/\/blogopara.com.br\/wp-content\/uploads\/2020\/12\/iStock-925626658-322x230.jpg",322,230,true],"mantranews-single-large":["https:\/\/blogopara.com.br\/wp-content\/uploads\/2020\/12\/iStock-925626658.jpg",500,333,false]},"uagb_author_info":{"display_name":"Reda\u00e7\u00e3o geral","author_link":"https:\/\/blogopara.com.br\/index.php\/author\/blogopara"},"uagb_comment_info":0,"uagb_excerpt":"Nosso corpo \u00e9 uma m\u00e1quina perfeita e por sinal, quando algo n\u00e3o est\u00e1 em harmonia com os demais \u00f3rg\u00e3os, o organismo d\u00e1 um jeito de nos avisar atrav\u00e9s dos mais variados sinais. Como por exemplo, a urina. Uma alerta foi publicada pelo nefrologista do Instituto Pr\u00f3-Rim, Dr. Marcos Alexandre Vieira, onde est\u00e1 registrado que a&hellip;","jetpack_sharing_enabled":true,"jetpack_likes_enabled":true,"_links":{"self":[{"href":"https:\/\/blogopara.com.br\/index.php\/wp-json\/wp\/v2\/posts\/17248","targetHints":{"allow":["GET"]}}],"collection":[{"href":"https:\/\/blogopara.com.br\/index.php\/wp-json\/wp\/v2\/posts"}],"about":[{"href":"https:\/\/blogopara.com.br\/index.php\/wp-json\/wp\/v2\/types\/post"}],"author":[{"embeddable":true,"href":"https:\/\/blogopara.com.br\/index.php\/wp-json\/wp\/v2\/users\/1"}],"replies":[{"embeddable":true,"href":"https:\/\/blogopara.com.br\/index.php\/wp-json\/wp\/v2\/comments?post=17248"}],"version-history":[{"count":1,"href":"https:\/\/blogopara.com.br\/index.php\/wp-json\/wp\/v2\/posts\/17248\/revisions"}],"predecessor-version":[{"id":17250,"href":"https:\/\/blogopara.com.br\/index.php\/wp-json\/wp\/v2\/posts\/17248\/revisions\/17250"}],"wp:featuredmedia":[{"embeddable":true,"href":"https:\/\/blogopara.com.br\/index.php\/wp-json\/wp\/v2\/media\/17249"}],"wp:attachment":[{"href":"https:\/\/blogopara.com.br\/index.php\/wp-json\/wp\/v2\/media?parent=17248"}],"wp:term":[{"taxonomy":"category","embeddable":true,"href":"https:\/\/blogopara.com.br\/index.php\/wp-json\/wp\/v2\/categories?post=17248"},{"taxonomy":"post_tag","embeddable":true,"href":"https:\/\/blogopara.com.br\/index.php\/wp-json\/wp\/v2\/tags?post=17248"}],"curies":[{"name":"wp","href":"https:\/\/api.w.org\/{rel}","templated":true}]}}