{"id":17251,"date":"2020-12-27T09:16:18","date_gmt":"2020-12-27T12:16:18","guid":{"rendered":"http:\/\/blogopara.com.br\/?p=17251"},"modified":"2020-12-27T14:11:50","modified_gmt":"2020-12-27T17:11:50","slug":"juazeiro-moradores-do-barraqueiro-denunciam-abertura-de-canal-perto-das-casas","status":"publish","type":"post","link":"https:\/\/blogopara.com.br\/index.php\/2020\/12\/27\/juazeiro-moradores-do-barraqueiro-denunciam-abertura-de-canal-perto-das-casas","title":{"rendered":"Juazeiro: Moradores do Barraqueiro denunciam abertura de canal perto das casas"},"content":{"rendered":"<p style=\"text-align: justify;\">Os moradores do bairro Barraqueiro est\u00e3o revoltados com abertura de um canal pr\u00f3ximo as residencias. Inexplicavelmente \u00e0s m\u00e1quinas come\u00e7aram a operar na manh\u00e3 deste s\u00e1bado (26), no apagar das luzes do final da gest\u00e3o.<\/p>\n<p style=\"text-align: justify;\">Segundos os moradores, o canal que divide os bairro Monte Castelo e Barranqueiro \u00e9 centralizado entre os dois bairros, mas apareceram alguns construtores afirmando que o canal deveria ser mais pr\u00f3ximo ao bairro Barranqueiro.<\/p>\n<p style=\"text-align: justify;\">Os dois bairros j\u00e1 tem problemas enormes de alagamento e falta de infraestrutura b\u00e1sica, &#8220;imagina com a constru\u00e7\u00e3o de casas ao canal, n\u00e3o sabemos quem autorizou esse absurdo, segundo informa\u00e7\u00f5es, a empresa alega que tem uma ordem judicial para fazer essa obra, mas n\u00e3o acreditamos nessa vers\u00e3o, deve ter sido algu\u00e9m da SEMAURB que autorizou&#8221;, desabafou um morador.<\/p>\n<p style=\"text-align: justify;\">H\u00e1 uma desconfian\u00e7a dos moradores que a obra de abertura do canal \u00e9 para a constru\u00e7\u00e3o de mais casas do lado do bairro Monte Castelo.<\/p>\n<p>Confira o v\u00eddeo:<\/p>\n<p>\u00a0<\/p>\n\n\n<p><\/p>\n","protected":false},"excerpt":{"rendered":"<p>Os moradores do bairro Barraqueiro est\u00e3o revoltados com abertura de um canal pr\u00f3ximo as residencias. Inexplicavelmente \u00e0s m\u00e1quinas come\u00e7aram a operar na manh\u00e3 deste s\u00e1bado (26), no apagar das luzes do final da gest\u00e3o. Segundos os moradores, o canal que divide os bairro Monte Castelo e Barranqueiro \u00e9 centralizado entre os dois bairros, mas apareceram [&hellip;]<\/p>\n","protected":false},"author":1,"featured_media":17257,"comment_status":"open","ping_status":"open","sticky":false,"template":"","format":"standard","meta":{"_uag_custom_page_level_css":"","_monsterinsights_skip_tracking":false,"_monsterinsights_sitenote_active":false,"_monsterinsights_sitenote_note":"","_monsterinsights_sitenote_category":0,"jetpack_post_was_ever_published":false,"_jetpack_newsletter_access":"","_jetpack_dont_email_post_to_subs":false,"_jetpack_newsletter_tier_id":0,"_jetpack_memberships_contains_paywalled_content":false,"_jetpack_memberships_contains_paid_content":false,"footnotes":"","jetpack_publicize_message":"","jetpack_publicize_feature_enabled":true,"jetpack_social_post_already_shared":true,"jetpack_social_options":{"image_generator_settings":{"template":"highway","default_image_id":0,"font":"","enabled":false},"version":2}},"categories":[203,197],"tags":[],"class_list":["post-17251","post","type-post","status-publish","format-standard","has-post-thumbnail","hentry","category-juazeiro","category-politica"],"jetpack_publicize_connections":[],"jetpack_featured_media_url":"https:\/\/blogopara.com.br\/wp-content\/uploads\/2020\/12\/Creme-Bolinhas-Agradecimento-a-Professor-Cartao-21.jpg","uagb_featured_image_src":{"full":["https:\/\/blogopara.com.br\/wp-content\/uploads\/2020\/12\/Creme-Bolinhas-Agradecimento-a-Professor-Cartao-21.jpg",500,354,false],"thumbnail":["https:\/\/blogopara.com.br\/wp-content\/uploads\/2020\/12\/Creme-Bolinhas-Agradecimento-a-Professor-Cartao-21-150x150.jpg",150,150,true],"medium":["https:\/\/blogopara.com.br\/wp-content\/uploads\/2020\/12\/Creme-Bolinhas-Agradecimento-a-Professor-Cartao-21-300x212.jpg",300,212,true],"medium_large":["https:\/\/blogopara.com.br\/wp-content\/uploads\/2020\/12\/Creme-Bolinhas-Agradecimento-a-Professor-Cartao-21.jpg",500,354,false],"large":["https:\/\/blogopara.com.br\/wp-content\/uploads\/2020\/12\/Creme-Bolinhas-Agradecimento-a-Professor-Cartao-21.jpg",500,354,false],"1536x1536":["https:\/\/blogopara.com.br\/wp-content\/uploads\/2020\/12\/Creme-Bolinhas-Agradecimento-a-Professor-Cartao-21.jpg",500,354,false],"2048x2048":["https:\/\/blogopara.com.br\/wp-content\/uploads\/2020\/12\/Creme-Bolinhas-Agradecimento-a-Professor-Cartao-21.jpg",500,354,false],"mantranews-slider-large":["https:\/\/blogopara.com.br\/wp-content\/uploads\/2020\/12\/Creme-Bolinhas-Agradecimento-a-Professor-Cartao-21.jpg",500,354,false],"mantranews-featured-medium":["https:\/\/blogopara.com.br\/wp-content\/uploads\/2020\/12\/Creme-Bolinhas-Agradecimento-a-Professor-Cartao-21-420x307.jpg",420,307,true],"mantranews-featured-long":["https:\/\/blogopara.com.br\/wp-content\/uploads\/2020\/12\/Creme-Bolinhas-Agradecimento-a-Professor-Cartao-21-300x354.jpg",300,354,true],"mantranews-block-medium":["https:\/\/blogopara.com.br\/wp-content\/uploads\/2020\/12\/Creme-Bolinhas-Agradecimento-a-Professor-Cartao-21-464x290.jpg",464,290,true],"mantranews-carousel-image":["https:\/\/blogopara.com.br\/wp-content\/uploads\/2020\/12\/Creme-Bolinhas-Agradecimento-a-Professor-Cartao-21.jpg",500,354,false],"mantranews-block-thumb":["https:\/\/blogopara.com.br\/wp-content\/uploads\/2020\/12\/Creme-Bolinhas-Agradecimento-a-Professor-Cartao-21-322x230.jpg",322,230,true],"mantranews-single-large":["https:\/\/blogopara.com.br\/wp-content\/uploads\/2020\/12\/Creme-Bolinhas-Agradecimento-a-Professor-Cartao-21.jpg",500,354,false]},"uagb_author_info":{"display_name":"Reda\u00e7\u00e3o geral","author_link":"https:\/\/blogopara.com.br\/index.php\/author\/blogopara"},"uagb_comment_info":1,"uagb_excerpt":"Os moradores do bairro Barraqueiro est\u00e3o revoltados com abertura de um canal pr\u00f3ximo as residencias. Inexplicavelmente \u00e0s m\u00e1quinas come\u00e7aram a operar na manh\u00e3 deste s\u00e1bado (26), no apagar das luzes do final da gest\u00e3o. Segundos os moradores, o canal que divide os bairro Monte Castelo e Barranqueiro \u00e9 centralizado entre os dois bairros, mas apareceram&hellip;","jetpack_sharing_enabled":true,"jetpack_likes_enabled":true,"_links":{"self":[{"href":"https:\/\/blogopara.com.br\/index.php\/wp-json\/wp\/v2\/posts\/17251","targetHints":{"allow":["GET"]}}],"collection":[{"href":"https:\/\/blogopara.com.br\/index.php\/wp-json\/wp\/v2\/posts"}],"about":[{"href":"https:\/\/blogopara.com.br\/index.php\/wp-json\/wp\/v2\/types\/post"}],"author":[{"embeddable":true,"href":"https:\/\/blogopara.com.br\/index.php\/wp-json\/wp\/v2\/users\/1"}],"replies":[{"embeddable":true,"href":"https:\/\/blogopara.com.br\/index.php\/wp-json\/wp\/v2\/comments?post=17251"}],"version-history":[{"count":7,"href":"https:\/\/blogopara.com.br\/index.php\/wp-json\/wp\/v2\/posts\/17251\/revisions"}],"predecessor-version":[{"id":17260,"href":"https:\/\/blogopara.com.br\/index.php\/wp-json\/wp\/v2\/posts\/17251\/revisions\/17260"}],"wp:featuredmedia":[{"embeddable":true,"href":"https:\/\/blogopara.com.br\/index.php\/wp-json\/wp\/v2\/media\/17257"}],"wp:attachment":[{"href":"https:\/\/blogopara.com.br\/index.php\/wp-json\/wp\/v2\/media?parent=17251"}],"wp:term":[{"taxonomy":"category","embeddable":true,"href":"https:\/\/blogopara.com.br\/index.php\/wp-json\/wp\/v2\/categories?post=17251"},{"taxonomy":"post_tag","embeddable":true,"href":"https:\/\/blogopara.com.br\/index.php\/wp-json\/wp\/v2\/tags?post=17251"}],"curies":[{"name":"wp","href":"https:\/\/api.w.org\/{rel}","templated":true}]}}