{"id":17261,"date":"2020-12-27T15:10:17","date_gmt":"2020-12-27T18:10:17","guid":{"rendered":"http:\/\/blogopara.com.br\/?p=17261"},"modified":"2020-12-27T18:30:32","modified_gmt":"2020-12-27T21:30:32","slug":"juazeiro-paulo-bomfim-podera-ser-o-vice-presidente-da-federacao-das-associacoes","status":"publish","type":"post","link":"https:\/\/blogopara.com.br\/index.php\/2020\/12\/27\/juazeiro-paulo-bomfim-podera-ser-o-vice-presidente-da-federacao-das-associacoes","title":{"rendered":"Juazeiro: Paulo Bomfim poder\u00e1 ser o vice-presidente da Federa\u00e7\u00e3o das Associa\u00e7\u00f5es"},"content":{"rendered":"<p style=\"text-align: justify;\">Em entrevista recente ao blog da prefeitura, o prefeito Paulo Bomfim (PT) declarou que continuar\u00e1 envolvido na pol\u00edtica de Juazeiro, que a experiencia como gestor lhe animou a continuar, embora ainda n\u00e3o saiba o que vai fazer ap\u00f3s o dia 31 de dezembro.<\/p>\n<p style=\"text-align: justify;\">Paulo Bomfim \u00e9 considerado o pior prefeito da hist\u00f3ria pol\u00edtica de Juazeiro, e sofreu a derrota tamb\u00e9m hist\u00f3rica de 31 mil votos para a candidata Suzana Ramos (PSDB).<\/p>\n<p style=\"text-align: justify;\">Com essas marcas hist\u00f3ricas, certamente o Paulo Bomfim n\u00e3o ter\u00e1 nenhuma dificuldade em ter partidos e aliados dispostos apoi\u00e1-lo nas suas empreitadas pol\u00edticas. Um dos seus mais dispostos aliados, \u00e9 o presidente da Federa\u00e7\u00e3o das Associa\u00e7\u00f5es de Moradores de Juazeiro, Chico Bito, que costuma chamar Paulo Bomfim de &#8220;prefeito extourado&#8221;.<\/p>\n<p style=\"text-align: justify;\">Segundo informa\u00e7\u00f5es Chico Bito j\u00e1 teria convidado Paulo Bomfim para ser o vice-presidente da Federa\u00e7\u00e3o, entidade que hoje congrega cerca de 20 associa\u00e7\u00f5es, e poder\u00e1 ap\u00f3s 01 de janeiro de 2021, perder mais de 15 associa\u00e7\u00f5es.<\/p>\n<p style=\"text-align: justify;\">Fora o convite para ser vice-presidente da Federa\u00e7\u00e3o, Paulo Bomfim ainda tem mais tr\u00eas projetos: criar um bloco carnavalesco: &#8220;Pior do que n\u00f3s, s\u00f3 n\u00f3s de novo&#8221;, juntamente com os vereadores Anderson da Ilumina\u00e7\u00e3o e Cida Gama; criar a Associa\u00e7\u00e3o dos ex-prefeitos de Juazeiro, e o mais ousado, criar uma empresa de consultoria em gest\u00e3o para os prefeitos da regi\u00e3o.<\/p>\n","protected":false},"excerpt":{"rendered":"<p>Em entrevista recente ao blog da prefeitura, o prefeito Paulo Bomfim (PT) declarou que continuar\u00e1 envolvido na pol\u00edtica de Juazeiro, que a experiencia como gestor lhe animou a continuar, embora ainda n\u00e3o saiba o que vai fazer ap\u00f3s o dia 31 de dezembro. Paulo Bomfim \u00e9 considerado o pior prefeito da hist\u00f3ria pol\u00edtica de Juazeiro, [&hellip;]<\/p>\n","protected":false},"author":1,"featured_media":17269,"comment_status":"open","ping_status":"open","sticky":false,"template":"","format":"standard","meta":{"_uag_custom_page_level_css":"","_monsterinsights_skip_tracking":false,"_monsterinsights_sitenote_active":false,"_monsterinsights_sitenote_note":"","_monsterinsights_sitenote_category":0,"jetpack_post_was_ever_published":false,"_jetpack_newsletter_access":"","_jetpack_dont_email_post_to_subs":false,"_jetpack_newsletter_tier_id":0,"_jetpack_memberships_contains_paywalled_content":false,"_jetpack_memberships_contains_paid_content":false,"footnotes":"","jetpack_publicize_message":"","jetpack_publicize_feature_enabled":true,"jetpack_social_post_already_shared":true,"jetpack_social_options":{"image_generator_settings":{"template":"highway","default_image_id":0,"font":"","enabled":false},"version":2}},"categories":[203],"tags":[],"class_list":["post-17261","post","type-post","status-publish","format-standard","has-post-thumbnail","hentry","category-juazeiro"],"jetpack_publicize_connections":[],"jetpack_featured_media_url":"https:\/\/blogopara.com.br\/wp-content\/uploads\/2020\/12\/Prefeitura-flexibiliza-o-uso-de-fogos-e-acendimento-de-fogueiras-atendendo-a-pedido-das-Associacoes-de-Moradores-de-Juazeiro.-1.jpg","uagb_featured_image_src":{"full":["https:\/\/blogopara.com.br\/wp-content\/uploads\/2020\/12\/Prefeitura-flexibiliza-o-uso-de-fogos-e-acendimento-de-fogueiras-atendendo-a-pedido-das-Associacoes-de-Moradores-de-Juazeiro.-1.jpg",500,361,false],"thumbnail":["https:\/\/blogopara.com.br\/wp-content\/uploads\/2020\/12\/Prefeitura-flexibiliza-o-uso-de-fogos-e-acendimento-de-fogueiras-atendendo-a-pedido-das-Associacoes-de-Moradores-de-Juazeiro.-1-150x150.jpg",150,150,true],"medium":["https:\/\/blogopara.com.br\/wp-content\/uploads\/2020\/12\/Prefeitura-flexibiliza-o-uso-de-fogos-e-acendimento-de-fogueiras-atendendo-a-pedido-das-Associacoes-de-Moradores-de-Juazeiro.-1-300x217.jpg",300,217,true],"medium_large":["https:\/\/blogopara.com.br\/wp-content\/uploads\/2020\/12\/Prefeitura-flexibiliza-o-uso-de-fogos-e-acendimento-de-fogueiras-atendendo-a-pedido-das-Associacoes-de-Moradores-de-Juazeiro.-1.jpg",500,361,false],"large":["https:\/\/blogopara.com.br\/wp-content\/uploads\/2020\/12\/Prefeitura-flexibiliza-o-uso-de-fogos-e-acendimento-de-fogueiras-atendendo-a-pedido-das-Associacoes-de-Moradores-de-Juazeiro.-1.jpg",500,361,false],"1536x1536":["https:\/\/blogopara.com.br\/wp-content\/uploads\/2020\/12\/Prefeitura-flexibiliza-o-uso-de-fogos-e-acendimento-de-fogueiras-atendendo-a-pedido-das-Associacoes-de-Moradores-de-Juazeiro.-1.jpg",500,361,false],"2048x2048":["https:\/\/blogopara.com.br\/wp-content\/uploads\/2020\/12\/Prefeitura-flexibiliza-o-uso-de-fogos-e-acendimento-de-fogueiras-atendendo-a-pedido-das-Associacoes-de-Moradores-de-Juazeiro.-1.jpg",500,361,false],"mantranews-slider-large":["https:\/\/blogopara.com.br\/wp-content\/uploads\/2020\/12\/Prefeitura-flexibiliza-o-uso-de-fogos-e-acendimento-de-fogueiras-atendendo-a-pedido-das-Associacoes-de-Moradores-de-Juazeiro.-1.jpg",500,361,false],"mantranews-featured-medium":["https:\/\/blogopara.com.br\/wp-content\/uploads\/2020\/12\/Prefeitura-flexibiliza-o-uso-de-fogos-e-acendimento-de-fogueiras-atendendo-a-pedido-das-Associacoes-de-Moradores-de-Juazeiro.-1-420x307.jpg",420,307,true],"mantranews-featured-long":["https:\/\/blogopara.com.br\/wp-content\/uploads\/2020\/12\/Prefeitura-flexibiliza-o-uso-de-fogos-e-acendimento-de-fogueiras-atendendo-a-pedido-das-Associacoes-de-Moradores-de-Juazeiro.-1-300x361.jpg",300,361,true],"mantranews-block-medium":["https:\/\/blogopara.com.br\/wp-content\/uploads\/2020\/12\/Prefeitura-flexibiliza-o-uso-de-fogos-e-acendimento-de-fogueiras-atendendo-a-pedido-das-Associacoes-de-Moradores-de-Juazeiro.-1-464x290.jpg",464,290,true],"mantranews-carousel-image":["https:\/\/blogopara.com.br\/wp-content\/uploads\/2020\/12\/Prefeitura-flexibiliza-o-uso-de-fogos-e-acendimento-de-fogueiras-atendendo-a-pedido-das-Associacoes-de-Moradores-de-Juazeiro.-1.jpg",500,361,false],"mantranews-block-thumb":["https:\/\/blogopara.com.br\/wp-content\/uploads\/2020\/12\/Prefeitura-flexibiliza-o-uso-de-fogos-e-acendimento-de-fogueiras-atendendo-a-pedido-das-Associacoes-de-Moradores-de-Juazeiro.-1-322x230.jpg",322,230,true],"mantranews-single-large":["https:\/\/blogopara.com.br\/wp-content\/uploads\/2020\/12\/Prefeitura-flexibiliza-o-uso-de-fogos-e-acendimento-de-fogueiras-atendendo-a-pedido-das-Associacoes-de-Moradores-de-Juazeiro.-1.jpg",500,361,false]},"uagb_author_info":{"display_name":"Reda\u00e7\u00e3o geral","author_link":"https:\/\/blogopara.com.br\/index.php\/author\/blogopara"},"uagb_comment_info":4,"uagb_excerpt":"Em entrevista recente ao blog da prefeitura, o prefeito Paulo Bomfim (PT) declarou que continuar\u00e1 envolvido na pol\u00edtica de Juazeiro, que a experiencia como gestor lhe animou a continuar, embora ainda n\u00e3o saiba o que vai fazer ap\u00f3s o dia 31 de dezembro. Paulo Bomfim \u00e9 considerado o pior prefeito da hist\u00f3ria pol\u00edtica de Juazeiro,&hellip;","jetpack_sharing_enabled":true,"jetpack_likes_enabled":true,"_links":{"self":[{"href":"https:\/\/blogopara.com.br\/index.php\/wp-json\/wp\/v2\/posts\/17261","targetHints":{"allow":["GET"]}}],"collection":[{"href":"https:\/\/blogopara.com.br\/index.php\/wp-json\/wp\/v2\/posts"}],"about":[{"href":"https:\/\/blogopara.com.br\/index.php\/wp-json\/wp\/v2\/types\/post"}],"author":[{"embeddable":true,"href":"https:\/\/blogopara.com.br\/index.php\/wp-json\/wp\/v2\/users\/1"}],"replies":[{"embeddable":true,"href":"https:\/\/blogopara.com.br\/index.php\/wp-json\/wp\/v2\/comments?post=17261"}],"version-history":[{"count":19,"href":"https:\/\/blogopara.com.br\/index.php\/wp-json\/wp\/v2\/posts\/17261\/revisions"}],"predecessor-version":[{"id":17283,"href":"https:\/\/blogopara.com.br\/index.php\/wp-json\/wp\/v2\/posts\/17261\/revisions\/17283"}],"wp:featuredmedia":[{"embeddable":true,"href":"https:\/\/blogopara.com.br\/index.php\/wp-json\/wp\/v2\/media\/17269"}],"wp:attachment":[{"href":"https:\/\/blogopara.com.br\/index.php\/wp-json\/wp\/v2\/media?parent=17261"}],"wp:term":[{"taxonomy":"category","embeddable":true,"href":"https:\/\/blogopara.com.br\/index.php\/wp-json\/wp\/v2\/categories?post=17261"},{"taxonomy":"post_tag","embeddable":true,"href":"https:\/\/blogopara.com.br\/index.php\/wp-json\/wp\/v2\/tags?post=17261"}],"curies":[{"name":"wp","href":"https:\/\/api.w.org\/{rel}","templated":true}]}}