{"id":17287,"date":"2020-12-28T15:00:16","date_gmt":"2020-12-28T18:00:16","guid":{"rendered":"http:\/\/blogopara.com.br\/?p=17287"},"modified":"2020-12-28T15:18:07","modified_gmt":"2020-12-28T18:18:07","slug":"a-juazeirense-edna-franca-assume-secretaria-na-gestao-de-bruno-reis-em-salvador","status":"publish","type":"post","link":"https:\/\/blogopara.com.br\/index.php\/2020\/12\/28\/a-juazeirense-edna-franca-assume-secretaria-na-gestao-de-bruno-reis-em-salvador","title":{"rendered":"A juazeirense Edna Fran\u00e7a assume secretaria na gest\u00e3o de Bruno Reis, em Salvador"},"content":{"rendered":"<p style=\"text-align: justify;\">O prefeito eleito de Salvador, Bruno Reis (DEM), divulgou hoje (28) a lista com nomes de secret\u00e1rios municipais que v\u00e3o compor o novo governo e entre os nomeados uma Juazeirense, Edna Fran\u00e7a, que assume a Secret\u00e1ria de Secret\u00e1ria de Sustentabilidade (Secis).<\/p>\n<p style=\"text-align: justify;\">Pedagoga formada pela Universidade do Estado da Bahia (UNEB), Edna Fran\u00e7a, atuou em Juazeiro como Superintendente de Servi\u00e7os P\u00fablicos na prefeitura e Coordenadora do Posto SINE \u2013BA, no munic\u00edpio.<\/p>\n<p style=\"text-align: justify;\">Em Salvador Edna Fran\u00e7a foi Gerente de Articula\u00e7\u00e3o Interinstitucional, Coordenadora de Pol\u00edtica para Mulheres e Diretora de Inova\u00e7\u00e3o Cidade Inteligente, na prefeitura da capital.<\/p>\n<p style=\"text-align: justify;\">Com forte atua\u00e7\u00e3o na \u00e1rea ambiental e nas politicas sociais, incluindo pol\u00edticas de valoriza\u00e7\u00e3o das mulheres e minorias, Edna Fran\u00e7a \u00e9 filiada ao Partido Verde, integra a executiva estadual da legenda e j\u00e1 presidiu o partido em Juazeiro.<\/p>\n<p style=\"text-align: justify;\">O prefeito Bruno Reis, durante coletiva, disse que procurou valorizar as mulheres colocando v\u00e1rias delas em postos chaves: &#8220;Procurei montar uma equipe que quer construir uma vida p\u00fablica e crescer nesta cidade que todos n\u00f3s amamos. Temos nomes fortes de mulheres na gest\u00e3o, ocupando postos chaves&#8221;, destacou.<\/p>\n<p style=\"text-align: justify;\">Eleito em primeiro turno, com 64,20% dos votos, Bruno Reis substituir\u00e1, a partir do dia 1\u00ba de janeiro, o prefeito ACM Neto, que teve alto \u00edndice de aprova\u00e7\u00e3o em dois mandatos consecutivos \u00e0 frente da prefeitura da capital baiana.<\/p>\n<p style=\"text-align: justify;\">Confira a lista de Secret\u00e1rios anunciada a pouco pelo prefeito Bruno Reis:<\/p>\n<p style=\"text-align: justify;\">&#8211; Secret\u00e1ria de Sustentabilidade (Secis) &#8211; Edna Fran\u00e7a<br \/>\n&#8211; Secret\u00e1ria de Governo &#8211; Ana Paula Matos (vice-prefeita)<br \/>\n&#8211; Secret\u00e1ria da Fazenda (Sefaz) &#8211; Giovana Victer<br \/>\n&#8211; Secret\u00e1ria de Repara\u00e7\u00e3o (Semur) &#8211; Ivete Sacramento<br \/>\n&#8211; Secret\u00e1ria de Pol\u00edtica para Mulheres (SPMJ) &#8211; Fernanda Lordelo<br \/>\n&#8211; Secret\u00e1ria de Ordem P\u00fablica (Semop) &#8211; Marise Chastinet<br \/>\n&#8211; Secret\u00e1ria de Comunica\u00e7\u00e3o (Secom) &#8211; Renata Vidal<br \/>\n&#8211; Secret\u00e1ria Municipal de Desenvolvimento Econ\u00f4mico, Emprego e Renda (Semdec) &#8211; Mila Paes<br \/>\n&#8211; Procuradora-geral do Munic\u00edpio (PGM) &#8211; Luciana Rodrigues<br \/>\n&#8211; Controladora-geral do Munic\u00edpio (CGM) &#8211; Maria Rita Garrido<br \/>\n&#8211; Luiz Carrera segue como titular da Casa Civil<br \/>\n&#8211; Leo Prates segue como secret\u00e1rio da Sa\u00fade<br \/>\n&#8211; Tiago Dantas fica no comando da Semge<br \/>\n&#8211; Marcelo Oliveira assumir\u00e1 como secret\u00e1rio da Educa\u00e7\u00e3o (Smed)<br \/>\n&#8211; Luiz Carlos de Souza deixa a cadeira na C\u00e2mara Municipal e vai comandar a Secretaria da Infraestrutura (Seinfra)<br \/>\n&#8211; Kiki Bispo, atual vice-presidente da C\u00e2mara, assume a Secretaria de Promo\u00e7\u00e3o Social e Combate \u00e0 Pobreza (Sempre)<br \/>\n&#8211; F\u00e1bio Mota agora assume a Secretaria da Cultura (Secult)<br \/>\n&#8211; Jo\u00e3o Xavier assume a Secretaria Municipal de Desenvolvimento e Urbanismo (Sedur)<br \/>\n&#8211; Luciando Sandes ser\u00e1 o titular da Secretaria de Manuten\u00e7\u00e3o (Seman)<br \/>\n&#8211; Fabrizzio Muller assumir\u00e1 o comando da Secretaria de Mobilidade. Durante a gest\u00e3o do prefeito ACM Neto ele era o nome \u00e0 frente da Transalvador<br \/>\n&#8211; Igor Dominguez, antigo chefe da Funda\u00e7\u00e3o Paulo Jackson ser\u00e1 secret\u00e1rio particular do prefeito<br \/>\n&#8211; Samuel Ara\u00fajo assume a Secretaria de Inova\u00e7\u00e3o e Tecnologia (Semit)<br \/>\n&#8211; Alberto Pimentel vai para a secretaria de Gabinete<br \/>\n&#8211; Luiz Galv\u00e3o segue nas secretaria de Articula\u00e7\u00e3o Comunit\u00e1ria e Prefeituras-Bairro<br \/>\n&#8211; Fernando Guerreiro segue no comando da Funda\u00e7\u00e3o Greg\u00f3rio de Matos<br \/>\n&#8211; Tania Scofield segue como titular da Funda\u00e7\u00e3o M\u00e1rio Leal Ferreira (FMLF)<br \/>\n&#8211; Isaac Edington continua na Saltur<br \/>\n&#8211; Maur\u00edcio Lima segue na Diretoria Geral de Seguran\u00e7a e Preven\u00e7\u00e3o a Viol\u00eancia<br \/>\n&#8211; Sosthenes Mac\u00eado permanece no comando da Codesal<br \/>\n&#8211; Vigilio Daltro assume a Desal<br \/>\n&#8211; Orlando Castro assume a Sucop<br \/>\n&#8211; Marcus Passos vai para a Transalvador<br \/>\n&#8211; Jean Sacramento ser\u00e1 o Ouvidor-geral do Munic\u00edpio<br \/>\n&#8211; Omar Gordilho chefiar\u00e1 a Limpurb<br \/>\n&#8211; Eliezer Ladeia Freire responder\u00e1 pela Ag\u00eancia Reguladora e Fiscalizadora dos Servi\u00e7os P\u00fablicos de Salvador (Arsal)<br \/>\n&#8211; Isabela Argolo assume a Funda\u00e7\u00e3o Cidade M\u00e3e.<\/p>\n<p>Fonte: RedeGN<\/p>\n","protected":false},"excerpt":{"rendered":"<p>O prefeito eleito de Salvador, Bruno Reis (DEM), divulgou hoje (28) a lista com nomes de secret\u00e1rios municipais que v\u00e3o compor o novo governo e entre os nomeados uma Juazeirense, Edna Fran\u00e7a, que assume a Secret\u00e1ria de Secret\u00e1ria de Sustentabilidade (Secis). Pedagoga formada pela Universidade do Estado da Bahia (UNEB), Edna Fran\u00e7a, atuou em Juazeiro [&hellip;]<\/p>\n","protected":false},"author":1,"featured_media":17288,"comment_status":"open","ping_status":"open","sticky":false,"template":"","format":"standard","meta":{"_uag_custom_page_level_css":"","_monsterinsights_skip_tracking":false,"_monsterinsights_sitenote_active":false,"_monsterinsights_sitenote_note":"","_monsterinsights_sitenote_category":0,"jetpack_post_was_ever_published":false,"_jetpack_newsletter_access":"","_jetpack_dont_email_post_to_subs":false,"_jetpack_newsletter_tier_id":0,"_jetpack_memberships_contains_paywalled_content":false,"_jetpack_memberships_contains_paid_content":false,"footnotes":"","jetpack_publicize_message":"","jetpack_publicize_feature_enabled":true,"jetpack_social_post_already_shared":true,"jetpack_social_options":{"image_generator_settings":{"template":"highway","default_image_id":0,"font":"","enabled":false},"version":2}},"categories":[203,197],"tags":[],"class_list":["post-17287","post","type-post","status-publish","format-standard","has-post-thumbnail","hentry","category-juazeiro","category-politica"],"jetpack_publicize_connections":[],"jetpack_featured_media_url":"https:\/\/blogopara.com.br\/wp-content\/uploads\/2020\/12\/download.jpg","uagb_featured_image_src":{"full":["https:\/\/blogopara.com.br\/wp-content\/uploads\/2020\/12\/download.jpg",400,224,false],"thumbnail":["https:\/\/blogopara.com.br\/wp-content\/uploads\/2020\/12\/download-150x150.jpg",150,150,true],"medium":["https:\/\/blogopara.com.br\/wp-content\/uploads\/2020\/12\/download-300x168.jpg",300,168,true],"medium_large":["https:\/\/blogopara.com.br\/wp-content\/uploads\/2020\/12\/download.jpg",400,224,false],"large":["https:\/\/blogopara.com.br\/wp-content\/uploads\/2020\/12\/download.jpg",400,224,false],"1536x1536":["https:\/\/blogopara.com.br\/wp-content\/uploads\/2020\/12\/download.jpg",400,224,false],"2048x2048":["https:\/\/blogopara.com.br\/wp-content\/uploads\/2020\/12\/download.jpg",400,224,false],"mantranews-slider-large":["https:\/\/blogopara.com.br\/wp-content\/uploads\/2020\/12\/download.jpg",400,224,false],"mantranews-featured-medium":["https:\/\/blogopara.com.br\/wp-content\/uploads\/2020\/12\/download.jpg",400,224,false],"mantranews-featured-long":["https:\/\/blogopara.com.br\/wp-content\/uploads\/2020\/12\/download-300x224.jpg",300,224,true],"mantranews-block-medium":["https:\/\/blogopara.com.br\/wp-content\/uploads\/2020\/12\/download.jpg",400,224,false],"mantranews-carousel-image":["https:\/\/blogopara.com.br\/wp-content\/uploads\/2020\/12\/download.jpg",400,224,false],"mantranews-block-thumb":["https:\/\/blogopara.com.br\/wp-content\/uploads\/2020\/12\/download-322x224.jpg",322,224,true],"mantranews-single-large":["https:\/\/blogopara.com.br\/wp-content\/uploads\/2020\/12\/download.jpg",400,224,false]},"uagb_author_info":{"display_name":"Reda\u00e7\u00e3o geral","author_link":"https:\/\/blogopara.com.br\/index.php\/author\/blogopara"},"uagb_comment_info":0,"uagb_excerpt":"O prefeito eleito de Salvador, Bruno Reis (DEM), divulgou hoje (28) a lista com nomes de secret\u00e1rios municipais que v\u00e3o compor o novo governo e entre os nomeados uma Juazeirense, Edna Fran\u00e7a, que assume a Secret\u00e1ria de Secret\u00e1ria de Sustentabilidade (Secis). Pedagoga formada pela Universidade do Estado da Bahia (UNEB), Edna Fran\u00e7a, atuou em Juazeiro&hellip;","jetpack_sharing_enabled":true,"jetpack_likes_enabled":true,"_links":{"self":[{"href":"https:\/\/blogopara.com.br\/index.php\/wp-json\/wp\/v2\/posts\/17287","targetHints":{"allow":["GET"]}}],"collection":[{"href":"https:\/\/blogopara.com.br\/index.php\/wp-json\/wp\/v2\/posts"}],"about":[{"href":"https:\/\/blogopara.com.br\/index.php\/wp-json\/wp\/v2\/types\/post"}],"author":[{"embeddable":true,"href":"https:\/\/blogopara.com.br\/index.php\/wp-json\/wp\/v2\/users\/1"}],"replies":[{"embeddable":true,"href":"https:\/\/blogopara.com.br\/index.php\/wp-json\/wp\/v2\/comments?post=17287"}],"version-history":[{"count":2,"href":"https:\/\/blogopara.com.br\/index.php\/wp-json\/wp\/v2\/posts\/17287\/revisions"}],"predecessor-version":[{"id":17293,"href":"https:\/\/blogopara.com.br\/index.php\/wp-json\/wp\/v2\/posts\/17287\/revisions\/17293"}],"wp:featuredmedia":[{"embeddable":true,"href":"https:\/\/blogopara.com.br\/index.php\/wp-json\/wp\/v2\/media\/17288"}],"wp:attachment":[{"href":"https:\/\/blogopara.com.br\/index.php\/wp-json\/wp\/v2\/media?parent=17287"}],"wp:term":[{"taxonomy":"category","embeddable":true,"href":"https:\/\/blogopara.com.br\/index.php\/wp-json\/wp\/v2\/categories?post=17287"},{"taxonomy":"post_tag","embeddable":true,"href":"https:\/\/blogopara.com.br\/index.php\/wp-json\/wp\/v2\/tags?post=17287"}],"curies":[{"name":"wp","href":"https:\/\/api.w.org\/{rel}","templated":true}]}}