{"id":1745,"date":"2019-07-18T23:23:27","date_gmt":"2019-07-19T02:23:27","guid":{"rendered":"http:\/\/blogopara.com.br\/?p=1745"},"modified":"2019-07-25T14:16:56","modified_gmt":"2019-07-25T17:16:56","slug":"isaac-carvalho-o-homem-das-coincidencias","status":"publish","type":"post","link":"https:\/\/blogopara.com.br\/index.php\/2019\/07\/18\/isaac-carvalho-o-homem-das-coincidencias","title":{"rendered":"Isaac Carvalho, o homem das coincid\u00eancias."},"content":{"rendered":"<p style=\"text-align: justify;\">O escritor Caio Fernando Abreu disse: \u201cporque o mundo, apesar de redondo, tem muitas esquinas.\u201d E \u00e9 sempre numa dessas esquinas da vida que o ex-prefeito Isaac Carvalho gosta de dobrar para se dar bem.<\/p>\n<p style=\"text-align: justify;\">No dia 07\/06\/19 Isaac Carvalho teve as contas de campanhas aprovadas, com ressalvas. Compet\u00eancia do seu advogado?<\/p>\n<p style=\"text-align: justify;\">Tudo parecia muito dif\u00edcil, no m\u00eas de janeiro desse ano, o juiz na sua decis\u00e3o foi incisivo pela reprova\u00e7\u00e3o: \u201cCuidadosamente examinadas as contas do candidato, verifica-se a subsist\u00eancia de impropriedades e irregularidades que levam \u00e0 desaprova\u00e7\u00e3o das contas\u201d. E mais: \u201cApesar de devidamente notificado a esclarecer a falha identificada acima, o promovente preferiu n\u00e3o se manifestar\u201d.<\/p>\n<p style=\"text-align: justify;\">No dia 07\/06, para aprovar as contas, o juiz afirma: \u201c&#8230;acerca da movimenta\u00e7\u00e3o financeira da campanha, portanto, no caso em tela, concluo que as m\u00e1culas referidas n\u00e3o tem o cord\u00e3o de afetar a confiabilidade e regularidade das contas apresentadas\u201d. Fico feliz pela mudan\u00e7a do ju\u00edzo de valor!<\/p>\n<p><img loading=\"lazy\" decoding=\"async\" class=\"alignnone size-medium wp-image-1747\" src=\"https:\/\/blogopara.com.br\/wp-content\/uploads\/2019\/07\/isaac-300x169.jpeg\" alt=\"\" width=\"300\" height=\"169\" srcset=\"https:\/\/blogopara.com.br\/wp-content\/uploads\/2019\/07\/isaac-300x169.jpeg 300w, https:\/\/blogopara.com.br\/wp-content\/uploads\/2019\/07\/isaac-768x432.jpeg 768w, https:\/\/blogopara.com.br\/wp-content\/uploads\/2019\/07\/isaac.jpeg 1000w\" sizes=\"auto, (max-width: 300px) 100vw, 300px\" \/><\/p>\n<p style=\"text-align: justify;\">Tudo isso poderia passar em branco (ou em vermelho), se n\u00e3o fosse um outro detalhe: no dia 07\/06\/19 Isaac Carvalho tem a sua ficha de filia\u00e7\u00e3o aceita no PT \u2013 Partido dos Trabalhadores. O presidente da legenda na Bahia, Everaldo da Anuncia\u00e7\u00e3o, assinou a ficha de filia\u00e7\u00e3o de Isaac, ap\u00f3s convites feitos pelo pr\u00f3prio Rui Costa e pelo senador Jaques Wagner, duas das principais lideran\u00e7as petistas. Na ocasi\u00e3o o presidente do PT, entusiasmado declara: <em>\u201c<\/em><em>Estamos encerrando a semana de filia\u00e7\u00f5es com alegria, ao assinarmos a ficha de filia\u00e7\u00e3o de Isaac Carvalho<\/em><em>\u201d, declarou Everaldo.<\/em><\/p>\n<p>Jo\u00e3o Carlos dos Santos Cunha<\/p>\n<p>Estudante<\/p>\n","protected":false},"excerpt":{"rendered":"<p>Parece mesmo que Isaac Carvalho \u00e9 um homem de muita sorte, o que para muitos \u00e9 um sem fim, para ele sempre h\u00e1 um jeito.<\/p>\n","protected":false},"author":1,"featured_media":1746,"comment_status":"open","ping_status":"open","sticky":false,"template":"","format":"standard","meta":{"_uag_custom_page_level_css":"","_monsterinsights_skip_tracking":false,"_monsterinsights_sitenote_active":false,"_monsterinsights_sitenote_note":"","_monsterinsights_sitenote_category":0,"jetpack_post_was_ever_published":false,"_jetpack_newsletter_access":"","_jetpack_dont_email_post_to_subs":false,"_jetpack_newsletter_tier_id":0,"_jetpack_memberships_contains_paywalled_content":false,"_jetpack_memberships_contains_paid_content":false,"footnotes":"","jetpack_publicize_message":"","jetpack_publicize_feature_enabled":true,"jetpack_social_post_already_shared":true,"jetpack_social_options":{"image_generator_settings":{"template":"highway","default_image_id":0,"font":"","enabled":false},"version":2}},"categories":[203],"tags":[37,170,290],"class_list":["post-1745","post","type-post","status-publish","format-standard","has-post-thumbnail","hentry","category-juazeiro","tag-isaac-carvalho","tag-justica","tag-pt-bahia"],"jetpack_publicize_connections":[],"jetpack_featured_media_url":"https:\/\/blogopara.com.br\/wp-content\/uploads\/2019\/07\/isaacwagner-e1721848639661.jpg","uagb_featured_image_src":{"full":["https:\/\/blogopara.com.br\/wp-content\/uploads\/2019\/07\/isaacwagner-e1721848639661.jpg",500,350,false],"thumbnail":["https:\/\/blogopara.com.br\/wp-content\/uploads\/2019\/07\/isaacwagner-150x150.jpg",150,150,true],"medium":["https:\/\/blogopara.com.br\/wp-content\/uploads\/2019\/07\/isaacwagner-300x210.jpg",300,210,true],"medium_large":["https:\/\/blogopara.com.br\/wp-content\/uploads\/2019\/07\/isaacwagner-e1721848639661.jpg",500,350,false],"large":["https:\/\/blogopara.com.br\/wp-content\/uploads\/2019\/07\/isaacwagner-e1721848639661.jpg",500,350,false],"1536x1536":["https:\/\/blogopara.com.br\/wp-content\/uploads\/2019\/07\/isaacwagner-e1721848639661.jpg",500,350,false],"2048x2048":["https:\/\/blogopara.com.br\/wp-content\/uploads\/2019\/07\/isaacwagner-e1721848639661.jpg",500,350,false],"mantranews-slider-large":["https:\/\/blogopara.com.br\/wp-content\/uploads\/2019\/07\/isaacwagner-e1721848639661.jpg",500,350,false],"mantranews-featured-medium":["https:\/\/blogopara.com.br\/wp-content\/uploads\/2019\/07\/isaacwagner-e1721848639661.jpg",420,294,false],"mantranews-featured-long":["https:\/\/blogopara.com.br\/wp-content\/uploads\/2019\/07\/isaacwagner-e1721848639661.jpg",300,210,false],"mantranews-block-medium":["https:\/\/blogopara.com.br\/wp-content\/uploads\/2019\/07\/isaacwagner-e1721848639661.jpg",414,290,false],"mantranews-carousel-image":["https:\/\/blogopara.com.br\/wp-content\/uploads\/2019\/07\/isaacwagner-e1721848639661.jpg",500,350,false],"mantranews-block-thumb":["https:\/\/blogopara.com.br\/wp-content\/uploads\/2019\/07\/isaacwagner-e1721848639661.jpg",322,225,false],"mantranews-single-large":["https:\/\/blogopara.com.br\/wp-content\/uploads\/2019\/07\/isaacwagner-e1721848639661.jpg",500,350,false]},"uagb_author_info":{"display_name":"Reda\u00e7\u00e3o geral","author_link":"https:\/\/blogopara.com.br\/index.php\/author\/blogopara"},"uagb_comment_info":0,"uagb_excerpt":"Parece mesmo que Isaac Carvalho \u00e9 um homem de muita sorte, o que para muitos \u00e9 um sem fim, para ele sempre h\u00e1 um jeito.","jetpack_sharing_enabled":true,"jetpack_likes_enabled":true,"_links":{"self":[{"href":"https:\/\/blogopara.com.br\/index.php\/wp-json\/wp\/v2\/posts\/1745","targetHints":{"allow":["GET"]}}],"collection":[{"href":"https:\/\/blogopara.com.br\/index.php\/wp-json\/wp\/v2\/posts"}],"about":[{"href":"https:\/\/blogopara.com.br\/index.php\/wp-json\/wp\/v2\/types\/post"}],"author":[{"embeddable":true,"href":"https:\/\/blogopara.com.br\/index.php\/wp-json\/wp\/v2\/users\/1"}],"replies":[{"embeddable":true,"href":"https:\/\/blogopara.com.br\/index.php\/wp-json\/wp\/v2\/comments?post=1745"}],"version-history":[{"count":6,"href":"https:\/\/blogopara.com.br\/index.php\/wp-json\/wp\/v2\/posts\/1745\/revisions"}],"predecessor-version":[{"id":1893,"href":"https:\/\/blogopara.com.br\/index.php\/wp-json\/wp\/v2\/posts\/1745\/revisions\/1893"}],"wp:featuredmedia":[{"embeddable":true,"href":"https:\/\/blogopara.com.br\/index.php\/wp-json\/wp\/v2\/media\/1746"}],"wp:attachment":[{"href":"https:\/\/blogopara.com.br\/index.php\/wp-json\/wp\/v2\/media?parent=1745"}],"wp:term":[{"taxonomy":"category","embeddable":true,"href":"https:\/\/blogopara.com.br\/index.php\/wp-json\/wp\/v2\/categories?post=1745"},{"taxonomy":"post_tag","embeddable":true,"href":"https:\/\/blogopara.com.br\/index.php\/wp-json\/wp\/v2\/tags?post=1745"}],"curies":[{"name":"wp","href":"https:\/\/api.w.org\/{rel}","templated":true}]}}