{"id":17468,"date":"2021-01-04T21:00:31","date_gmt":"2021-01-05T00:00:31","guid":{"rendered":"http:\/\/blogopara.com.br\/?p=17468"},"modified":"2021-01-04T21:08:06","modified_gmt":"2021-01-05T00:08:06","slug":"juazeiro-um-preto-pobre-e-uma-mulher-sao-as-maiores-autoridades-publicas-da-cidade","status":"publish","type":"post","link":"https:\/\/blogopara.com.br\/index.php\/2021\/01\/04\/juazeiro-um-preto-pobre-e-uma-mulher-sao-as-maiores-autoridades-publicas-da-cidade","title":{"rendered":"Juazeiro: Um preto pobre e uma mulher s\u00e3o as maiores autoridades p\u00fablicas da cidade"},"content":{"rendered":"<p style=\"text-align: justify;\"><strong>A C\u00e2mara de vereadores de Juazeiro ser\u00e1 presidida por um preto pobre durante o bi\u00eanio 2021\/202<\/strong><\/p>\n<p style=\"text-align: justify;\">O jovem Lindemberg Souza dos Santos, popular Berg da Carna\u00edba, \u00e9 o novo presidente da C\u00e2mara de Vereadores de Juazeiro.<\/p>\n<p style=\"text-align: justify;\">Berg nasceu no Distrito de Carna\u00edba do Sert\u00e3o, filho Lourival dos Santos, queimador de carv\u00e3o, que n\u00e3o oportunizou ao filhos estudo para al\u00e9m do ensino m\u00e9dio, mas deu a todos exemplo de dignidade e honradez.<\/p>\n<p style=\"text-align: justify;\" align=\"justify\">No seu primeiro discurso, Berg emocionado agradeceu: \u201cDisseram que Berg n\u00e3o tinha forma\u00e7\u00e3o acad\u00eamica suficiente para presidir a C\u00e2mara de Juazeiro. Quero dizer a voc\u00eas que eu tenho um diploma que poucos tem e poucos conseguiram, que dinheiro n\u00e3o compra, diploma esse que est\u00e1 aqui dentro do meu cora\u00e7\u00e3o: que \u00e9 de ajudar as pessoas\u201d.<\/p>\n<p style=\"text-align: justify;\" align=\"center\">Com uma popula\u00e7\u00e3o 50,7% negra, a representa\u00e7\u00e3o pol\u00edtica no Brasil \u00e9 na maior parte branca segundo o IBGE.<\/p>\n<p style=\"text-align: justify;\">A participa\u00e7\u00e3o dos negros na pol\u00edtica encontra resist\u00eancias assim como em diversos setores da sociedade como, no mercado de trabalho, no acesso \u00e0 educa\u00e7\u00e3o superior. Ainda s\u00e3o minoria e mesmo ocupando cargos de prestigio, n\u00e3o est\u00e3o isentos de sofrer a discrimina\u00e7\u00e3o.<\/p>\n<p style=\"text-align: justify;\">A luta do cidad\u00e3o negro \u00e9 cont\u00ednua na conquista por seu espa\u00e7o de direito na sociedade, por igualdade e justi\u00e7a em um pa\u00eds regido pela democracia. A participa\u00e7\u00e3o na pol\u00edtica \u00e9 de extrema import\u00e2ncia para corrigir os erros do passado, como a omiss\u00e3o por direitos e estabelecer a soberania de um pa\u00eds multifacetado e constitu\u00eddo por diversas ra\u00e7as.<\/p>\n<p style=\"text-align: justify;\"><strong>Juazeiro ter\u00e1 \u00e0 frente do governo municipal nos pr\u00f3ximos quatro anos, uma mulher dirigindo o futuro do munic\u00edpio.<\/strong><\/p>\n<p style=\"text-align: justify;\">Suzana Ramos, mulher de origem humilde, nascida no Distrito de Juremal, j\u00e1 trabalhou como dom\u00e9stica em casa de fam\u00edlia, e foi eleita com mais de 31 mil votos de frente do segundo colocado.<\/p>\n<p style=\"text-align: justify;\">Nos \u00faltimos anos, o Brasil vivenciou uma progress\u00e3o no debate p\u00fablico em torno das quest\u00f5es femininas. Temas como ass\u00e9dio, aborto, maternidade\u00a0e carreira, vem sendo discutidos amplamente na sociedade e ganhando espa\u00e7o no\u00a0cen\u00e1rio pol\u00edtico. A luta pelo direito das mulheres vem progredindo n\u00e3o s\u00f3 no Brasil, mas em todo o mundo. Alguns avan\u00e7os j\u00e1 foram conquistados nas \u00faltima d\u00e9cadas, como o direito ao voto\u00a0e o direito de serem eleitas.\u00a0Por\u00e9m, no que tange a representatividade das\u00a0mulheres na pol\u00edtica,\u00a0esse debate ainda se encontra muito distante do desejado.<\/p>\n<p style=\"text-align: justify;\">Muitas mulheres ainda t\u00eam dificuldades de ocupar cargos de poder, serem eleitas ou terem voz ativa nas\u00a0tomadas de decis\u00f5es\u00a0pol\u00edticas. Isso acontece devido \u00e0 exclus\u00e3o hist\u00f3rica das mulheres na\u00a0pol\u00edtica\u00a0e que reverbera, at\u00e9 hoje, no nosso cen\u00e1rio de baixa\u00a0representatividade feminina no governo.<\/p>\n<p style=\"text-align: justify;\" align=\"justify\">Suzana e Berg s\u00e3o personagens centrais de todo discurso da esquerda no Brasil, mas eles n\u00e3o s\u00e3o filiados ao PT e ao PCdoB. Por isso, n\u00e3o h\u00e1 nenhuma refer\u00eancia a esse momento hist\u00f3rico dos dois serem as maiores autoridades p\u00fablicas de Juazeiro.<\/p>\n<p style=\"text-align: justify;\" align=\"justify\">Uma mulher e um preto pobre disputaram elei\u00e7\u00f5es em Juazeiro contra homens brancos, ricos e mis\u00f3ginos. A grande contradi\u00e7\u00e3o foram os partidos que defenderam esses homens: o PT e o PCdoB.<\/p>\n","protected":false},"excerpt":{"rendered":"<p>A C\u00e2mara de vereadores de Juazeiro ser\u00e1 presidida por um preto pobre durante o bi\u00eanio 2021\/202 O jovem Lindemberg Souza dos Santos, popular Berg da Carna\u00edba, \u00e9 o novo presidente da C\u00e2mara de Vereadores de Juazeiro. Berg nasceu no Distrito de Carna\u00edba do Sert\u00e3o, filho Lourival dos Santos, queimador de carv\u00e3o, que n\u00e3o oportunizou ao [&hellip;]<\/p>\n","protected":false},"author":1,"featured_media":17479,"comment_status":"open","ping_status":"open","sticky":false,"template":"","format":"standard","meta":{"_uag_custom_page_level_css":"","_monsterinsights_skip_tracking":false,"_monsterinsights_sitenote_active":false,"_monsterinsights_sitenote_note":"","_monsterinsights_sitenote_category":0,"jetpack_post_was_ever_published":false,"_jetpack_newsletter_access":"","_jetpack_dont_email_post_to_subs":false,"_jetpack_newsletter_tier_id":0,"_jetpack_memberships_contains_paywalled_content":false,"_jetpack_memberships_contains_paid_content":false,"footnotes":"","jetpack_publicize_message":"","jetpack_publicize_feature_enabled":true,"jetpack_social_post_already_shared":true,"jetpack_social_options":{"image_generator_settings":{"template":"highway","default_image_id":0,"font":"","enabled":false},"version":2}},"categories":[203,197],"tags":[],"class_list":["post-17468","post","type-post","status-publish","format-standard","has-post-thumbnail","hentry","category-juazeiro","category-politica"],"jetpack_publicize_connections":[],"jetpack_featured_media_url":"https:\/\/blogopara.com.br\/wp-content\/uploads\/2021\/01\/135148810_2783801355280898_2330173332798386290_n.jpg","uagb_featured_image_src":{"full":["https:\/\/blogopara.com.br\/wp-content\/uploads\/2021\/01\/135148810_2783801355280898_2330173332798386290_n.jpg",500,281,false],"thumbnail":["https:\/\/blogopara.com.br\/wp-content\/uploads\/2021\/01\/135148810_2783801355280898_2330173332798386290_n-150x150.jpg",150,150,true],"medium":["https:\/\/blogopara.com.br\/wp-content\/uploads\/2021\/01\/135148810_2783801355280898_2330173332798386290_n-300x169.jpg",300,169,true],"medium_large":["https:\/\/blogopara.com.br\/wp-content\/uploads\/2021\/01\/135148810_2783801355280898_2330173332798386290_n.jpg",500,281,false],"large":["https:\/\/blogopara.com.br\/wp-content\/uploads\/2021\/01\/135148810_2783801355280898_2330173332798386290_n.jpg",500,281,false],"1536x1536":["https:\/\/blogopara.com.br\/wp-content\/uploads\/2021\/01\/135148810_2783801355280898_2330173332798386290_n.jpg",500,281,false],"2048x2048":["https:\/\/blogopara.com.br\/wp-content\/uploads\/2021\/01\/135148810_2783801355280898_2330173332798386290_n.jpg",500,281,false],"mantranews-slider-large":["https:\/\/blogopara.com.br\/wp-content\/uploads\/2021\/01\/135148810_2783801355280898_2330173332798386290_n.jpg",500,281,false],"mantranews-featured-medium":["https:\/\/blogopara.com.br\/wp-content\/uploads\/2021\/01\/135148810_2783801355280898_2330173332798386290_n-420x281.jpg",420,281,true],"mantranews-featured-long":["https:\/\/blogopara.com.br\/wp-content\/uploads\/2021\/01\/135148810_2783801355280898_2330173332798386290_n-300x281.jpg",300,281,true],"mantranews-block-medium":["https:\/\/blogopara.com.br\/wp-content\/uploads\/2021\/01\/135148810_2783801355280898_2330173332798386290_n-464x281.jpg",464,281,true],"mantranews-carousel-image":["https:\/\/blogopara.com.br\/wp-content\/uploads\/2021\/01\/135148810_2783801355280898_2330173332798386290_n.jpg",500,281,false],"mantranews-block-thumb":["https:\/\/blogopara.com.br\/wp-content\/uploads\/2021\/01\/135148810_2783801355280898_2330173332798386290_n-322x230.jpg",322,230,true],"mantranews-single-large":["https:\/\/blogopara.com.br\/wp-content\/uploads\/2021\/01\/135148810_2783801355280898_2330173332798386290_n.jpg",500,281,false]},"uagb_author_info":{"display_name":"Reda\u00e7\u00e3o geral","author_link":"https:\/\/blogopara.com.br\/index.php\/author\/blogopara"},"uagb_comment_info":0,"uagb_excerpt":"A C\u00e2mara de vereadores de Juazeiro ser\u00e1 presidida por um preto pobre durante o bi\u00eanio 2021\/202 O jovem Lindemberg Souza dos Santos, popular Berg da Carna\u00edba, \u00e9 o novo presidente da C\u00e2mara de Vereadores de Juazeiro. Berg nasceu no Distrito de Carna\u00edba do Sert\u00e3o, filho Lourival dos Santos, queimador de carv\u00e3o, que n\u00e3o oportunizou ao&hellip;","jetpack_sharing_enabled":true,"jetpack_likes_enabled":true,"_links":{"self":[{"href":"https:\/\/blogopara.com.br\/index.php\/wp-json\/wp\/v2\/posts\/17468","targetHints":{"allow":["GET"]}}],"collection":[{"href":"https:\/\/blogopara.com.br\/index.php\/wp-json\/wp\/v2\/posts"}],"about":[{"href":"https:\/\/blogopara.com.br\/index.php\/wp-json\/wp\/v2\/types\/post"}],"author":[{"embeddable":true,"href":"https:\/\/blogopara.com.br\/index.php\/wp-json\/wp\/v2\/users\/1"}],"replies":[{"embeddable":true,"href":"https:\/\/blogopara.com.br\/index.php\/wp-json\/wp\/v2\/comments?post=17468"}],"version-history":[{"count":9,"href":"https:\/\/blogopara.com.br\/index.php\/wp-json\/wp\/v2\/posts\/17468\/revisions"}],"predecessor-version":[{"id":17482,"href":"https:\/\/blogopara.com.br\/index.php\/wp-json\/wp\/v2\/posts\/17468\/revisions\/17482"}],"wp:featuredmedia":[{"embeddable":true,"href":"https:\/\/blogopara.com.br\/index.php\/wp-json\/wp\/v2\/media\/17479"}],"wp:attachment":[{"href":"https:\/\/blogopara.com.br\/index.php\/wp-json\/wp\/v2\/media?parent=17468"}],"wp:term":[{"taxonomy":"category","embeddable":true,"href":"https:\/\/blogopara.com.br\/index.php\/wp-json\/wp\/v2\/categories?post=17468"},{"taxonomy":"post_tag","embeddable":true,"href":"https:\/\/blogopara.com.br\/index.php\/wp-json\/wp\/v2\/tags?post=17468"}],"curies":[{"name":"wp","href":"https:\/\/api.w.org\/{rel}","templated":true}]}}