{"id":17510,"date":"2021-01-05T22:57:51","date_gmt":"2021-01-06T01:57:51","guid":{"rendered":"http:\/\/blogopara.com.br\/?p=17510"},"modified":"2021-01-05T22:57:55","modified_gmt":"2021-01-06T01:57:55","slug":"juazeiro-prefeitura-vai-fortalecer-a-geracao-de-emprego-e-renda-diz-assessoria","status":"publish","type":"post","link":"https:\/\/blogopara.com.br\/index.php\/2021\/01\/05\/juazeiro-prefeitura-vai-fortalecer-a-geracao-de-emprego-e-renda-diz-assessoria","title":{"rendered":"Juazeiro: Prefeitura vai fortalecer a gera\u00e7\u00e3o de emprego e renda, diz assessoria"},"content":{"rendered":"<p style=\"text-align: justify;\">Em seu segundo dia \u00e0 frente da Ag\u00eancia de Desenvolvimento Econ\u00f4mico, Agricultura e Pecu\u00e1ria (ADEAP), no governo Suzana Ramos, Carlos Neiva destacou a import\u00e2ncia de se fortalecer as pol\u00edticas p\u00fablicas voltadas para a gera\u00e7\u00e3o de emprego, ocupa\u00e7\u00e3o e renda, dando \u00eanfase \u00e0 agricultura e pecu\u00e1ria.<\/p>\n<p style=\"text-align: justify;\">\u201cSob o comando da prefeita Suzana Ramos, estamos muito satisfeitos com o retorno e a possibilidade de retomar um trabalho \u00e0 frente da pasta de Desenvolvimento Econ\u00f4mico. Entendemos a dimens\u00e3o e a responsabilidade que a prefeita Suzana tem, principalmente com o atual cen\u00e1rio em que vivem a cidade, o Estado e o Pa\u00eds. Nossa miss\u00e3o \u00e9 fortalecer o trabalho e ser indutor de toda a cadeia produtiva do munic\u00edpio\u201d, explica.<\/p>\n<p style=\"text-align: justify;\">Com uma equipe t\u00e9cnica e afinada, Carlos acredita em um trabalho promissor do novo governo. Para o secret\u00e1rio, trabalhar em parceria com as demais secretarias \u00e9 imprescind\u00edvel para o \u00eaxito da proposta.<\/p>\n<p style=\"text-align: justify;\">\u201cEstabelecer uma rela\u00e7\u00e3o de parceria, trabalhar sob o comando da prefeita, em conjunto com todas as secretarias e com empresas parceiras tamb\u00e9m. Faculdades, universidades, entidades como CDL, Sindilojas, ACIAJ, Aedisf, com o Sebrae e todo o Sistema S, mas acima de tudo, ouvir a comunidade. Entendo a dimens\u00e3o do desafio, agrade\u00e7o a confian\u00e7a da prefeita em nos dar essa tarefa herc\u00falea, que \u00e9 recolocar Juazeiro em um patamar adequado. Minha vida sempre foi uma gincana, sempre enfrentei as miss\u00f5es com determina\u00e7\u00e3o e trabalho. Trabalho esse que s\u00f3 ser\u00e1 exitoso, quando feito em equipe. N\u00f3s temos uma equipe t\u00e9cnica para entregar o melhor para a popula\u00e7\u00e3o\u201d, finaliza.<\/p>\n<p style=\"text-align: justify;\">Ascom PMJ<\/p>\n<div class=\"easy-sharing wpes-easy-sharing\" style=\"text-align: justify;\"><\/div>\n","protected":false},"excerpt":{"rendered":"<p>Em seu segundo dia \u00e0 frente da Ag\u00eancia de Desenvolvimento Econ\u00f4mico, Agricultura e Pecu\u00e1ria (ADEAP), no governo Suzana Ramos, Carlos Neiva destacou a import\u00e2ncia de se fortalecer as pol\u00edticas p\u00fablicas voltadas para a gera\u00e7\u00e3o de emprego, ocupa\u00e7\u00e3o e renda, dando \u00eanfase \u00e0 agricultura e pecu\u00e1ria. \u201cSob o comando da prefeita Suzana Ramos, estamos muito satisfeitos [&hellip;]<\/p>\n","protected":false},"author":1,"featured_media":17511,"comment_status":"open","ping_status":"open","sticky":false,"template":"","format":"standard","meta":{"_uag_custom_page_level_css":"","_monsterinsights_skip_tracking":false,"_monsterinsights_sitenote_active":false,"_monsterinsights_sitenote_note":"","_monsterinsights_sitenote_category":0,"jetpack_post_was_ever_published":false,"_jetpack_newsletter_access":"","_jetpack_dont_email_post_to_subs":false,"_jetpack_newsletter_tier_id":0,"_jetpack_memberships_contains_paywalled_content":false,"_jetpack_memberships_contains_paid_content":false,"footnotes":"","jetpack_publicize_message":"","jetpack_publicize_feature_enabled":true,"jetpack_social_post_already_shared":true,"jetpack_social_options":{"image_generator_settings":{"template":"highway","default_image_id":0,"font":"","enabled":false},"version":2}},"categories":[206,197],"tags":[],"class_list":["post-17510","post","type-post","status-publish","format-standard","has-post-thumbnail","hentry","category-economia","category-politica"],"jetpack_publicize_connections":[],"jetpack_featured_media_url":"https:\/\/blogopara.com.br\/wp-content\/uploads\/2021\/01\/Prefeitura-de-Juazeiro-gasta-por-mes-cerca-de-R-30-milhoes-com-aproximadamente-8-mil-funcionarios-denuncia-jornalista-Portal-Spy-Noticias-Juazeiro-Petrolina.jpg","uagb_featured_image_src":{"full":["https:\/\/blogopara.com.br\/wp-content\/uploads\/2021\/01\/Prefeitura-de-Juazeiro-gasta-por-mes-cerca-de-R-30-milhoes-com-aproximadamente-8-mil-funcionarios-denuncia-jornalista-Portal-Spy-Noticias-Juazeiro-Petrolina.jpg",500,291,false],"thumbnail":["https:\/\/blogopara.com.br\/wp-content\/uploads\/2021\/01\/Prefeitura-de-Juazeiro-gasta-por-mes-cerca-de-R-30-milhoes-com-aproximadamente-8-mil-funcionarios-denuncia-jornalista-Portal-Spy-Noticias-Juazeiro-Petrolina-150x150.jpg",150,150,true],"medium":["https:\/\/blogopara.com.br\/wp-content\/uploads\/2021\/01\/Prefeitura-de-Juazeiro-gasta-por-mes-cerca-de-R-30-milhoes-com-aproximadamente-8-mil-funcionarios-denuncia-jornalista-Portal-Spy-Noticias-Juazeiro-Petrolina-300x175.jpg",300,175,true],"medium_large":["https:\/\/blogopara.com.br\/wp-content\/uploads\/2021\/01\/Prefeitura-de-Juazeiro-gasta-por-mes-cerca-de-R-30-milhoes-com-aproximadamente-8-mil-funcionarios-denuncia-jornalista-Portal-Spy-Noticias-Juazeiro-Petrolina.jpg",500,291,false],"large":["https:\/\/blogopara.com.br\/wp-content\/uploads\/2021\/01\/Prefeitura-de-Juazeiro-gasta-por-mes-cerca-de-R-30-milhoes-com-aproximadamente-8-mil-funcionarios-denuncia-jornalista-Portal-Spy-Noticias-Juazeiro-Petrolina.jpg",500,291,false],"1536x1536":["https:\/\/blogopara.com.br\/wp-content\/uploads\/2021\/01\/Prefeitura-de-Juazeiro-gasta-por-mes-cerca-de-R-30-milhoes-com-aproximadamente-8-mil-funcionarios-denuncia-jornalista-Portal-Spy-Noticias-Juazeiro-Petrolina.jpg",500,291,false],"2048x2048":["https:\/\/blogopara.com.br\/wp-content\/uploads\/2021\/01\/Prefeitura-de-Juazeiro-gasta-por-mes-cerca-de-R-30-milhoes-com-aproximadamente-8-mil-funcionarios-denuncia-jornalista-Portal-Spy-Noticias-Juazeiro-Petrolina.jpg",500,291,false],"mantranews-slider-large":["https:\/\/blogopara.com.br\/wp-content\/uploads\/2021\/01\/Prefeitura-de-Juazeiro-gasta-por-mes-cerca-de-R-30-milhoes-com-aproximadamente-8-mil-funcionarios-denuncia-jornalista-Portal-Spy-Noticias-Juazeiro-Petrolina.jpg",500,291,false],"mantranews-featured-medium":["https:\/\/blogopara.com.br\/wp-content\/uploads\/2021\/01\/Prefeitura-de-Juazeiro-gasta-por-mes-cerca-de-R-30-milhoes-com-aproximadamente-8-mil-funcionarios-denuncia-jornalista-Portal-Spy-Noticias-Juazeiro-Petrolina-420x291.jpg",420,291,true],"mantranews-featured-long":["https:\/\/blogopara.com.br\/wp-content\/uploads\/2021\/01\/Prefeitura-de-Juazeiro-gasta-por-mes-cerca-de-R-30-milhoes-com-aproximadamente-8-mil-funcionarios-denuncia-jornalista-Portal-Spy-Noticias-Juazeiro-Petrolina-300x291.jpg",300,291,true],"mantranews-block-medium":["https:\/\/blogopara.com.br\/wp-content\/uploads\/2021\/01\/Prefeitura-de-Juazeiro-gasta-por-mes-cerca-de-R-30-milhoes-com-aproximadamente-8-mil-funcionarios-denuncia-jornalista-Portal-Spy-Noticias-Juazeiro-Petrolina-464x290.jpg",464,290,true],"mantranews-carousel-image":["https:\/\/blogopara.com.br\/wp-content\/uploads\/2021\/01\/Prefeitura-de-Juazeiro-gasta-por-mes-cerca-de-R-30-milhoes-com-aproximadamente-8-mil-funcionarios-denuncia-jornalista-Portal-Spy-Noticias-Juazeiro-Petrolina.jpg",500,291,false],"mantranews-block-thumb":["https:\/\/blogopara.com.br\/wp-content\/uploads\/2021\/01\/Prefeitura-de-Juazeiro-gasta-por-mes-cerca-de-R-30-milhoes-com-aproximadamente-8-mil-funcionarios-denuncia-jornalista-Portal-Spy-Noticias-Juazeiro-Petrolina-322x230.jpg",322,230,true],"mantranews-single-large":["https:\/\/blogopara.com.br\/wp-content\/uploads\/2021\/01\/Prefeitura-de-Juazeiro-gasta-por-mes-cerca-de-R-30-milhoes-com-aproximadamente-8-mil-funcionarios-denuncia-jornalista-Portal-Spy-Noticias-Juazeiro-Petrolina.jpg",500,291,false]},"uagb_author_info":{"display_name":"Reda\u00e7\u00e3o geral","author_link":"https:\/\/blogopara.com.br\/index.php\/author\/blogopara"},"uagb_comment_info":0,"uagb_excerpt":"Em seu segundo dia \u00e0 frente da Ag\u00eancia de Desenvolvimento Econ\u00f4mico, Agricultura e Pecu\u00e1ria (ADEAP), no governo Suzana Ramos, Carlos Neiva destacou a import\u00e2ncia de se fortalecer as pol\u00edticas p\u00fablicas voltadas para a gera\u00e7\u00e3o de emprego, ocupa\u00e7\u00e3o e renda, dando \u00eanfase \u00e0 agricultura e pecu\u00e1ria. \u201cSob o comando da prefeita Suzana Ramos, estamos muito satisfeitos&hellip;","jetpack_sharing_enabled":true,"jetpack_likes_enabled":true,"_links":{"self":[{"href":"https:\/\/blogopara.com.br\/index.php\/wp-json\/wp\/v2\/posts\/17510","targetHints":{"allow":["GET"]}}],"collection":[{"href":"https:\/\/blogopara.com.br\/index.php\/wp-json\/wp\/v2\/posts"}],"about":[{"href":"https:\/\/blogopara.com.br\/index.php\/wp-json\/wp\/v2\/types\/post"}],"author":[{"embeddable":true,"href":"https:\/\/blogopara.com.br\/index.php\/wp-json\/wp\/v2\/users\/1"}],"replies":[{"embeddable":true,"href":"https:\/\/blogopara.com.br\/index.php\/wp-json\/wp\/v2\/comments?post=17510"}],"version-history":[{"count":1,"href":"https:\/\/blogopara.com.br\/index.php\/wp-json\/wp\/v2\/posts\/17510\/revisions"}],"predecessor-version":[{"id":17512,"href":"https:\/\/blogopara.com.br\/index.php\/wp-json\/wp\/v2\/posts\/17510\/revisions\/17512"}],"wp:featuredmedia":[{"embeddable":true,"href":"https:\/\/blogopara.com.br\/index.php\/wp-json\/wp\/v2\/media\/17511"}],"wp:attachment":[{"href":"https:\/\/blogopara.com.br\/index.php\/wp-json\/wp\/v2\/media?parent=17510"}],"wp:term":[{"taxonomy":"category","embeddable":true,"href":"https:\/\/blogopara.com.br\/index.php\/wp-json\/wp\/v2\/categories?post=17510"},{"taxonomy":"post_tag","embeddable":true,"href":"https:\/\/blogopara.com.br\/index.php\/wp-json\/wp\/v2\/tags?post=17510"}],"curies":[{"name":"wp","href":"https:\/\/api.w.org\/{rel}","templated":true}]}}