{"id":17564,"date":"2021-01-06T17:30:36","date_gmt":"2021-01-06T20:30:36","guid":{"rendered":"http:\/\/blogopara.com.br\/?p=17564"},"modified":"2021-01-06T17:30:40","modified_gmt":"2021-01-06T20:30:40","slug":"juazeiro-guarda-municipal-tem-novo-comandante","status":"publish","type":"post","link":"https:\/\/blogopara.com.br\/index.php\/2021\/01\/06\/juazeiro-guarda-municipal-tem-novo-comandante","title":{"rendered":"Juazeiro: Guarda Municipal tem novo Comandante"},"content":{"rendered":"<p style=\"font-weight: 400; text-align: justify;\">A Guarda Civil Municipal (GCM) de Juazeiro tem um novo indicado para o comando. A escolha da prefeita Suzana Ramos foi Valdenor Almeida de Oliveira, servidor de carreira, com mais de 10 anos de servi\u00e7o na corpora\u00e7\u00e3o. A decis\u00e3o foi tomada durante reuni\u00e3o nesta ter\u00e7a-feira (6) na sede da Companhia de Seguran\u00e7a, Tr\u00e2nsito e Transportes (CSTT).<\/p>\n<p style=\"font-weight: 400; text-align: justify;\">Outro nome havia sido indicado, mas houve uma incompatibilidade com um dos crit\u00e9rios vigentes. Al\u00e9m do titular da CSTT, Ten\u00f3rio Filho, o encontro teve a participa\u00e7\u00e3o do vice-prefeito Leonardo Bandeira, do procurador geral do munic\u00edpio, Thiago Cordeiro, e representantes da GCM e do Sindicato dos Servidores P\u00fablicos Municipais (Sinserp).<\/p>\n<p style=\"font-weight: 400; text-align: justify;\">Valdenor ser\u00e1 sabatinado na C\u00e2mara Municipal de Vereadores na pr\u00f3xima sexta-feira (8), como parte da exig\u00eancia estabelecida. Aprovado no concurso de 2001, ele tomou posse na Guarda Civil Municipal de Juazeiro em 2010. \u00c9 licenciado em Pedagogia pela Universidade do Estado da Bahia (Uneb) e, atualmente, estudante de Direito pela Facape.<\/p>\n","protected":false},"excerpt":{"rendered":"<p>A Guarda Civil Municipal (GCM) de Juazeiro tem um novo indicado para o comando. A escolha da prefeita Suzana Ramos foi Valdenor Almeida de Oliveira, servidor de carreira, com mais de 10 anos de servi\u00e7o na corpora\u00e7\u00e3o. A decis\u00e3o foi tomada durante reuni\u00e3o nesta ter\u00e7a-feira (6) na sede da Companhia de Seguran\u00e7a, Tr\u00e2nsito e Transportes [&hellip;]<\/p>\n","protected":false},"author":1,"featured_media":17565,"comment_status":"open","ping_status":"open","sticky":false,"template":"","format":"standard","meta":{"_uag_custom_page_level_css":"","_monsterinsights_skip_tracking":false,"_monsterinsights_sitenote_active":false,"_monsterinsights_sitenote_note":"","_monsterinsights_sitenote_category":0,"jetpack_post_was_ever_published":false,"_jetpack_newsletter_access":"","_jetpack_dont_email_post_to_subs":false,"_jetpack_newsletter_tier_id":0,"_jetpack_memberships_contains_paywalled_content":false,"_jetpack_memberships_contains_paid_content":false,"footnotes":"","jetpack_publicize_message":"","jetpack_publicize_feature_enabled":true,"jetpack_social_post_already_shared":true,"jetpack_social_options":{"image_generator_settings":{"template":"highway","default_image_id":0,"font":"","enabled":false},"version":2}},"categories":[203,197],"tags":[],"class_list":["post-17564","post","type-post","status-publish","format-standard","has-post-thumbnail","hentry","category-juazeiro","category-politica"],"jetpack_publicize_connections":[],"jetpack_featured_media_url":"https:\/\/blogopara.com.br\/wp-content\/uploads\/2021\/01\/valdenor.png","uagb_featured_image_src":{"full":["https:\/\/blogopara.com.br\/wp-content\/uploads\/2021\/01\/valdenor.png",400,467,false],"thumbnail":["https:\/\/blogopara.com.br\/wp-content\/uploads\/2021\/01\/valdenor-150x150.png",150,150,true],"medium":["https:\/\/blogopara.com.br\/wp-content\/uploads\/2021\/01\/valdenor-257x300.png",257,300,true],"medium_large":["https:\/\/blogopara.com.br\/wp-content\/uploads\/2021\/01\/valdenor.png",400,467,false],"large":["https:\/\/blogopara.com.br\/wp-content\/uploads\/2021\/01\/valdenor.png",400,467,false],"1536x1536":["https:\/\/blogopara.com.br\/wp-content\/uploads\/2021\/01\/valdenor.png",400,467,false],"2048x2048":["https:\/\/blogopara.com.br\/wp-content\/uploads\/2021\/01\/valdenor.png",400,467,false],"mantranews-slider-large":["https:\/\/blogopara.com.br\/wp-content\/uploads\/2021\/01\/valdenor.png",400,467,false],"mantranews-featured-medium":["https:\/\/blogopara.com.br\/wp-content\/uploads\/2021\/01\/valdenor-400x307.png",400,307,true],"mantranews-featured-long":["https:\/\/blogopara.com.br\/wp-content\/uploads\/2021\/01\/valdenor-300x443.png",300,443,true],"mantranews-block-medium":["https:\/\/blogopara.com.br\/wp-content\/uploads\/2021\/01\/valdenor-400x290.png",400,290,true],"mantranews-carousel-image":["https:\/\/blogopara.com.br\/wp-content\/uploads\/2021\/01\/valdenor.png",400,467,false],"mantranews-block-thumb":["https:\/\/blogopara.com.br\/wp-content\/uploads\/2021\/01\/valdenor-322x230.png",322,230,true],"mantranews-single-large":["https:\/\/blogopara.com.br\/wp-content\/uploads\/2021\/01\/valdenor.png",400,467,false]},"uagb_author_info":{"display_name":"Reda\u00e7\u00e3o geral","author_link":"https:\/\/blogopara.com.br\/index.php\/author\/blogopara"},"uagb_comment_info":0,"uagb_excerpt":"A Guarda Civil Municipal (GCM) de Juazeiro tem um novo indicado para o comando. A escolha da prefeita Suzana Ramos foi Valdenor Almeida de Oliveira, servidor de carreira, com mais de 10 anos de servi\u00e7o na corpora\u00e7\u00e3o. A decis\u00e3o foi tomada durante reuni\u00e3o nesta ter\u00e7a-feira (6) na sede da Companhia de Seguran\u00e7a, Tr\u00e2nsito e Transportes&hellip;","jetpack_sharing_enabled":true,"jetpack_likes_enabled":true,"_links":{"self":[{"href":"https:\/\/blogopara.com.br\/index.php\/wp-json\/wp\/v2\/posts\/17564","targetHints":{"allow":["GET"]}}],"collection":[{"href":"https:\/\/blogopara.com.br\/index.php\/wp-json\/wp\/v2\/posts"}],"about":[{"href":"https:\/\/blogopara.com.br\/index.php\/wp-json\/wp\/v2\/types\/post"}],"author":[{"embeddable":true,"href":"https:\/\/blogopara.com.br\/index.php\/wp-json\/wp\/v2\/users\/1"}],"replies":[{"embeddable":true,"href":"https:\/\/blogopara.com.br\/index.php\/wp-json\/wp\/v2\/comments?post=17564"}],"version-history":[{"count":1,"href":"https:\/\/blogopara.com.br\/index.php\/wp-json\/wp\/v2\/posts\/17564\/revisions"}],"predecessor-version":[{"id":17566,"href":"https:\/\/blogopara.com.br\/index.php\/wp-json\/wp\/v2\/posts\/17564\/revisions\/17566"}],"wp:featuredmedia":[{"embeddable":true,"href":"https:\/\/blogopara.com.br\/index.php\/wp-json\/wp\/v2\/media\/17565"}],"wp:attachment":[{"href":"https:\/\/blogopara.com.br\/index.php\/wp-json\/wp\/v2\/media?parent=17564"}],"wp:term":[{"taxonomy":"category","embeddable":true,"href":"https:\/\/blogopara.com.br\/index.php\/wp-json\/wp\/v2\/categories?post=17564"},{"taxonomy":"post_tag","embeddable":true,"href":"https:\/\/blogopara.com.br\/index.php\/wp-json\/wp\/v2\/tags?post=17564"}],"curies":[{"name":"wp","href":"https:\/\/api.w.org\/{rel}","templated":true}]}}