{"id":17584,"date":"2021-01-07T13:13:55","date_gmt":"2021-01-07T16:13:55","guid":{"rendered":"http:\/\/blogopara.com.br\/?p=17584"},"modified":"2021-01-07T13:14:00","modified_gmt":"2021-01-07T16:14:00","slug":"secretario-de-saude-de-juazeiro-forma-comite-e-busca-vacina-contra-covid-19","status":"publish","type":"post","link":"https:\/\/blogopara.com.br\/index.php\/2021\/01\/07\/secretario-de-saude-de-juazeiro-forma-comite-e-busca-vacina-contra-covid-19","title":{"rendered":"Secret\u00e1rio de Sa\u00fade de Juazeiro forma Comit\u00ea e busca vacina contra Covid 19"},"content":{"rendered":"<p style=\"text-align: justify;\">Ao relatar uma transi\u00e7\u00e3o dif\u00edcil, com repasse de poucos dados repassados por uma equipe incompleta e restri\u00e7\u00e3o de acesso \u00e0s unidades em funcionamento, o secret\u00e1rio de Sa\u00fade de Juazeiro, Fernando Ant\u00f4nio busca colocar a casa em ordem. Em 1\u00ba de janeiro, segundo o gestor, o primeiro dia \u00e0 frente da pasta j\u00e1 foi marcado por descumprimentos de ajustes feitos com a antiga gest\u00e3o por desabastecimento de alguns pontos de atendimento \u00e0 popula\u00e7\u00e3o.<\/p>\n<p style=\"text-align: justify;\">\u201cPassamos por uma transi\u00e7\u00e3o dificultosa, em que nos deparamos com a equipe antiga, fragmentada, sem capacidade de processar as informa\u00e7\u00f5es de maneira integrada. N\u00e3o sabiam informar nossas indaga\u00e7\u00f5es, encontramos muitas dificuldades de abastecimento e manuten\u00e7\u00e3o dos servi\u00e7os essenciais. Que n\u00e3o foram percebidos devido a falsa de promessa de deixarem os servi\u00e7os minimamente abastecidos. No dia 1\u00ba de janeiro, j\u00e1 t\u00ednhamos problemas nesse sentido. A nossa equipe de transi\u00e7\u00e3o tentou adentrar efetivamente nos servi\u00e7os, as fomos por vezes impedidos. Como a sa\u00fade \u00e9 uma pasta que n\u00e3o pode parar, ela \u00e9 cont\u00ednua, n\u00f3s precisar\u00edamos ter entrado na pr\u00e1tica, na viv\u00eancia do servi\u00e7o e muitas vezes, a gente n\u00e3o p\u00f4de fazer isso\u201d, relatou.<\/p>\n<p style=\"text-align: justify;\">Em entrevista ao Nossa Voz na \u00faltima quarta-feira (06), o secret\u00e1rio de sa\u00fade revelou que entre as suas prioridades est\u00e1 cria\u00e7\u00e3o do Comit\u00ea de Enfrentamento \u00e0 Covid 19, cuja forma\u00e7\u00e3o est\u00e1 sendo criteriosa. \u201cEsse \u00e9 o terceiro dia \u00fatil que estamos entrando. Precisamos criar um comit\u00ea de enfrentamento \u00e0 covid 19 para planejar as a\u00e7\u00f5es. Ainda \u00e9 muito cedo. Antes de um diagn\u00f3stico da situa\u00e7\u00e3o e saber da sa\u00fade financeira da Secretaria de Sa\u00fade, quantidade de testes que a gente tem dispon\u00edvel Mas eu digo sempre o seguinte, que n\u00e3o ser\u00e1 descartado. Vai depender muito das nossas condi\u00e7\u00f5es.<\/p>\n<h2 class=\"has-regular-font-size\" style=\"text-align: justify;\">Hospital de Campanha<\/h2>\n<p style=\"text-align: justify;\">Ap\u00f3s rumores de encerramento das atividades do Hospital de Campanha, Fernando Ant\u00f4nio esclareceu n\u00e3o ter essa inten\u00e7\u00e3o, buscando apenas o redimensionamento dos custos de acordo com a demanda observada ao longo do per\u00edodo de funcionamento. \u201cA princ\u00edpio, na primeira an\u00e1lise, a gente vai manter sim. Estamos numa pandemia e temos que estar preparados para um poss\u00edvel aumento de casos. S\u00f3 que na minha an\u00e1lise e pela an\u00e1lise da minha equipe, existe um Hospital de Campanha que na verdade est\u00e1 subutilizado. N\u00f3s n\u00e3o vamos tir\u00e1-lo, mas vamos reanalisar o fluxo. Porque ele tem 30 leitos dispon\u00edveis e at\u00e9 o dia de hoje s\u00f3 foram utilizados nove leitos, no m\u00e1ximo. A\u00ed tenho que rever com o que estou gastando, n\u00e3o retir\u00e1-lo, talvez reduzir a quantidade de leitos de acordo com a resposta e com a situa\u00e7\u00e3o da covid em Juazeiro\u201d.<\/p>\n<p style=\"text-align: justify;\">Al\u00e9m de Hospital de Campanha, a UPA de Juazeiro, que foi redirecionada para atendimento exclusivo de pacientes com S\u00edndromes Respirat\u00f3rias, tamb\u00e9m passar\u00e1 por reformula\u00e7\u00f5es. \u201cPercebi que h\u00e1 uma subutiliza\u00e7\u00e3o de equipamentos, principalmente da UPA. Hohe tenho a UPA para atendimento somente para s\u00edndromes gripais e tratamento da Covid, que o atendimento l\u00e1 caiu muito, saiu de mais de 150 por 24 horas e hoje a gente tem 20 atendimentos. Ent\u00e3o eu tenho dois equipamentos voltados para a s\u00edndrome gripal, o gasto elevado e com o fluxo inadequado. Ent\u00e3o estamos analisando isso a\u00ed, mas fechar o Hospital de Campanha com certeza n\u00e3o\u201d.<\/p>\n<h2 class=\"has-regular-font-size\" style=\"text-align: justify;\">Vacina\u00e7\u00e3o contra a Covid 19<\/h2>\n<p style=\"text-align: justify;\">Questionado sobre as a\u00e7\u00f5es j\u00e1 previstas diante da continuidade da pandemia e intensifica\u00e7\u00e3o de novos casos positivos, o secret\u00e1rio de sa\u00fade de sa\u00fade afirma que refor\u00e7ar\u00e1 as a\u00e7\u00f5es educativas e buscar\u00e1 a compra de vacinas para imunizar a popula\u00e7\u00e3o.<\/p>\n<p style=\"text-align: justify;\">\u201cVamos correr atr\u00e1s, se for poss\u00edvel dentro a legalidade, dentro do suporte financeiro que a gente possa ter, vamos tentar comprar vacina. Estamos entrando em contato com algumas cidades que j\u00e1 est\u00e3o andando para isso para sabermos, como eles j\u00e1 est\u00e3o \u00e0 frente desse processo, se tiver mais adiantado, para pegarmos a experi\u00eancia e tamb\u00e9m procurar pelos nossos pr\u00f3prios p\u00e9s, atr\u00e1s dessas vacinas. E come\u00e7ar a vacinar as pessoas que s\u00e3o priorit\u00e1rias, do grupo de risco e quem sabe, estender ao m\u00e1ximo poss\u00edvel da popula\u00e7\u00e3o\u201d.<\/p>\n<h2 class=\"has-regular-font-size\" style=\"text-align: justify;\">Investiga\u00e7\u00f5es da PF na gest\u00e3o passada<\/h2>\n<p style=\"text-align: justify;\">Por fim, Fernando Ant\u00f4nio revelou crer em bloqueios de recursos ap\u00f3s a apresenta\u00e7\u00e3o dos resultados da Opera\u00e7\u00e3o Efeitos Adversos, na Secretaria Municipal de Sa\u00fade de Juazeiro. No \u00e2mbito da a\u00e7\u00e3o, realizada em 16 de dezembro de 2020, policiais federais, acompanhados por integrantes da Controladoria Geral da Uni\u00e3o, cumpriram mandatos de busca e apreens\u00e3o na sede do \u00f3rg\u00e3o. Segundo a CGU, a opera\u00e7\u00e3o foi deflagrada ap\u00f3s a constata\u00e7\u00e3o de que \u201cempresas de um mesmo grupo familiar concorriam entre si nas licita\u00e7\u00f5es para aquisi\u00e7\u00e3o de medicamentos pelo munic\u00edpio, minimizando a competitividade dos certames e ofertando produtos com valores acima dos pre\u00e7os de refer\u00eancia para aquisi\u00e7\u00f5es p\u00fablicas\u201d.<\/p>\n<p style=\"text-align: justify;\">\u201cAcredito que sim, possa prejudicar no sentido de que pode haver bloqueios de algum recursos, mas assim, conhecimento sobre o assunto n\u00e3o tenho. Foi porque foi visto o que havia de irregular para que a gente possa caminhar daqui para a frente de maneira mais limpa e l\u00edcita poss\u00edvel. Mas n\u00e3o tenho conhecimento, n\u00e3o dizer sobre culpados, se houve ou n\u00e3o, isso cabe a pol\u00edcia verificar e n\u00f3s estamos ansiosos e muito atentos a situa\u00e7\u00e3o para que n\u00e3o ocorram erros desse tipo dentro da secretaria\u201d, apontou Fernando.<\/p>\n<p style=\"text-align: justify;\">Fonte: BlogNossaVoz<\/p>\n","protected":false},"excerpt":{"rendered":"<p>Ao relatar uma transi\u00e7\u00e3o dif\u00edcil, com repasse de poucos dados repassados por uma equipe incompleta e restri\u00e7\u00e3o de acesso \u00e0s unidades em funcionamento, o secret\u00e1rio de Sa\u00fade de Juazeiro, Fernando Ant\u00f4nio busca colocar a casa em ordem. Em 1\u00ba de janeiro, segundo o gestor, o primeiro dia \u00e0 frente da pasta j\u00e1 foi marcado por [&hellip;]<\/p>\n","protected":false},"author":1,"featured_media":17585,"comment_status":"open","ping_status":"open","sticky":false,"template":"","format":"standard","meta":{"_uag_custom_page_level_css":"","_monsterinsights_skip_tracking":false,"_monsterinsights_sitenote_active":false,"_monsterinsights_sitenote_note":"","_monsterinsights_sitenote_category":0,"jetpack_post_was_ever_published":false,"_jetpack_newsletter_access":"","_jetpack_dont_email_post_to_subs":false,"_jetpack_newsletter_tier_id":0,"_jetpack_memberships_contains_paywalled_content":false,"_jetpack_memberships_contains_paid_content":false,"footnotes":"","jetpack_publicize_message":"","jetpack_publicize_feature_enabled":true,"jetpack_social_post_already_shared":true,"jetpack_social_options":{"image_generator_settings":{"template":"highway","default_image_id":0,"font":"","enabled":false},"version":2}},"categories":[203,197,205],"tags":[],"class_list":["post-17584","post","type-post","status-publish","format-standard","has-post-thumbnail","hentry","category-juazeiro","category-politica","category-saude"],"jetpack_publicize_connections":[],"jetpack_featured_media_url":"https:\/\/blogopara.com.br\/wp-content\/uploads\/2021\/01\/FERNANDO-ANTONIO-SECRETARIO-DE-SAUDE-DE-JUAZEIRO-1024x714-1.jpg","uagb_featured_image_src":{"full":["https:\/\/blogopara.com.br\/wp-content\/uploads\/2021\/01\/FERNANDO-ANTONIO-SECRETARIO-DE-SAUDE-DE-JUAZEIRO-1024x714-1.jpg",500,348,false],"thumbnail":["https:\/\/blogopara.com.br\/wp-content\/uploads\/2021\/01\/FERNANDO-ANTONIO-SECRETARIO-DE-SAUDE-DE-JUAZEIRO-1024x714-1-150x150.jpg",150,150,true],"medium":["https:\/\/blogopara.com.br\/wp-content\/uploads\/2021\/01\/FERNANDO-ANTONIO-SECRETARIO-DE-SAUDE-DE-JUAZEIRO-1024x714-1-300x209.jpg",300,209,true],"medium_large":["https:\/\/blogopara.com.br\/wp-content\/uploads\/2021\/01\/FERNANDO-ANTONIO-SECRETARIO-DE-SAUDE-DE-JUAZEIRO-1024x714-1.jpg",500,348,false],"large":["https:\/\/blogopara.com.br\/wp-content\/uploads\/2021\/01\/FERNANDO-ANTONIO-SECRETARIO-DE-SAUDE-DE-JUAZEIRO-1024x714-1.jpg",500,348,false],"1536x1536":["https:\/\/blogopara.com.br\/wp-content\/uploads\/2021\/01\/FERNANDO-ANTONIO-SECRETARIO-DE-SAUDE-DE-JUAZEIRO-1024x714-1.jpg",500,348,false],"2048x2048":["https:\/\/blogopara.com.br\/wp-content\/uploads\/2021\/01\/FERNANDO-ANTONIO-SECRETARIO-DE-SAUDE-DE-JUAZEIRO-1024x714-1.jpg",500,348,false],"mantranews-slider-large":["https:\/\/blogopara.com.br\/wp-content\/uploads\/2021\/01\/FERNANDO-ANTONIO-SECRETARIO-DE-SAUDE-DE-JUAZEIRO-1024x714-1.jpg",500,348,false],"mantranews-featured-medium":["https:\/\/blogopara.com.br\/wp-content\/uploads\/2021\/01\/FERNANDO-ANTONIO-SECRETARIO-DE-SAUDE-DE-JUAZEIRO-1024x714-1-420x307.jpg",420,307,true],"mantranews-featured-long":["https:\/\/blogopara.com.br\/wp-content\/uploads\/2021\/01\/FERNANDO-ANTONIO-SECRETARIO-DE-SAUDE-DE-JUAZEIRO-1024x714-1-300x348.jpg",300,348,true],"mantranews-block-medium":["https:\/\/blogopara.com.br\/wp-content\/uploads\/2021\/01\/FERNANDO-ANTONIO-SECRETARIO-DE-SAUDE-DE-JUAZEIRO-1024x714-1-464x290.jpg",464,290,true],"mantranews-carousel-image":["https:\/\/blogopara.com.br\/wp-content\/uploads\/2021\/01\/FERNANDO-ANTONIO-SECRETARIO-DE-SAUDE-DE-JUAZEIRO-1024x714-1.jpg",500,348,false],"mantranews-block-thumb":["https:\/\/blogopara.com.br\/wp-content\/uploads\/2021\/01\/FERNANDO-ANTONIO-SECRETARIO-DE-SAUDE-DE-JUAZEIRO-1024x714-1-322x230.jpg",322,230,true],"mantranews-single-large":["https:\/\/blogopara.com.br\/wp-content\/uploads\/2021\/01\/FERNANDO-ANTONIO-SECRETARIO-DE-SAUDE-DE-JUAZEIRO-1024x714-1.jpg",500,348,false]},"uagb_author_info":{"display_name":"Reda\u00e7\u00e3o geral","author_link":"https:\/\/blogopara.com.br\/index.php\/author\/blogopara"},"uagb_comment_info":0,"uagb_excerpt":"Ao relatar uma transi\u00e7\u00e3o dif\u00edcil, com repasse de poucos dados repassados por uma equipe incompleta e restri\u00e7\u00e3o de acesso \u00e0s unidades em funcionamento, o secret\u00e1rio de Sa\u00fade de Juazeiro, Fernando Ant\u00f4nio busca colocar a casa em ordem. Em 1\u00ba de janeiro, segundo o gestor, o primeiro dia \u00e0 frente da pasta j\u00e1 foi marcado por&hellip;","jetpack_sharing_enabled":true,"jetpack_likes_enabled":true,"_links":{"self":[{"href":"https:\/\/blogopara.com.br\/index.php\/wp-json\/wp\/v2\/posts\/17584","targetHints":{"allow":["GET"]}}],"collection":[{"href":"https:\/\/blogopara.com.br\/index.php\/wp-json\/wp\/v2\/posts"}],"about":[{"href":"https:\/\/blogopara.com.br\/index.php\/wp-json\/wp\/v2\/types\/post"}],"author":[{"embeddable":true,"href":"https:\/\/blogopara.com.br\/index.php\/wp-json\/wp\/v2\/users\/1"}],"replies":[{"embeddable":true,"href":"https:\/\/blogopara.com.br\/index.php\/wp-json\/wp\/v2\/comments?post=17584"}],"version-history":[{"count":1,"href":"https:\/\/blogopara.com.br\/index.php\/wp-json\/wp\/v2\/posts\/17584\/revisions"}],"predecessor-version":[{"id":17586,"href":"https:\/\/blogopara.com.br\/index.php\/wp-json\/wp\/v2\/posts\/17584\/revisions\/17586"}],"wp:featuredmedia":[{"embeddable":true,"href":"https:\/\/blogopara.com.br\/index.php\/wp-json\/wp\/v2\/media\/17585"}],"wp:attachment":[{"href":"https:\/\/blogopara.com.br\/index.php\/wp-json\/wp\/v2\/media?parent=17584"}],"wp:term":[{"taxonomy":"category","embeddable":true,"href":"https:\/\/blogopara.com.br\/index.php\/wp-json\/wp\/v2\/categories?post=17584"},{"taxonomy":"post_tag","embeddable":true,"href":"https:\/\/blogopara.com.br\/index.php\/wp-json\/wp\/v2\/tags?post=17584"}],"curies":[{"name":"wp","href":"https:\/\/api.w.org\/{rel}","templated":true}]}}