{"id":17664,"date":"2021-01-10T07:11:00","date_gmt":"2021-01-10T10:11:00","guid":{"rendered":"http:\/\/blogopara.com.br\/?p=17664"},"modified":"2021-01-09T17:15:09","modified_gmt":"2021-01-09T20:15:09","slug":"prefeitura-reforca-servicos-de-limpeza-urbana-em-juazeiro","status":"publish","type":"post","link":"https:\/\/blogopara.com.br\/index.php\/2021\/01\/10\/prefeitura-reforca-servicos-de-limpeza-urbana-em-juazeiro","title":{"rendered":"Prefeitura refor\u00e7a servi\u00e7os de limpeza urbana em Juazeiro"},"content":{"rendered":"<p style=\"text-align: justify;\">A Prefeitura de Juazeiro vem refor\u00e7ando os servi\u00e7os de limpeza urbana para melhorar o aproveitamento de espa\u00e7os habitados, al\u00e9m de garantir o embelezamento das \u00e1reas p\u00fablicas da cidade. As a\u00e7\u00f5es s\u00e3o realizadas pelo Servi\u00e7o de \u00c1gua e Saneamento Ambiental (SAAE) em parceria com a Secretaria de Servi\u00e7os P\u00fablicos (Sesp).<\/p>\n<p style=\"text-align: justify;\">Ao longo desta semana, as equipes se dividiram e percorreram diversas localidades, incluindo o centro da cidade e os bairros Angary, Piranga, Lomanto J\u00fanior, S\u00e3o Geraldo, al\u00e9m dos contornos do Mercado do Produtor e do acesso \u00e0 Ponte Presidente Dutra, entre outros.<\/p>\n<p style=\"text-align: justify;\">Os servi\u00e7os est\u00e3o no planejamento di\u00e1rio e o SAAE refor\u00e7a que a coleta de lixo est\u00e1 ocorrendo normalmente, tamb\u00e9m seguindo o cronograma. Os trabalhos dessas equipes ainda contemplam capina e limpeza das pra\u00e7as, canteiros, rotat\u00f3rias e demais \u00e1reas p\u00fablicas do munic\u00edpio.<\/p>\n<p style=\"text-align: justify;\">Ascom\/PMJ<\/p>\n","protected":false},"excerpt":{"rendered":"<p>A Prefeitura de Juazeiro vem refor\u00e7ando os servi\u00e7os de limpeza urbana para melhorar o aproveitamento de espa\u00e7os habitados, al\u00e9m de garantir o embelezamento das \u00e1reas p\u00fablicas da cidade. As a\u00e7\u00f5es s\u00e3o realizadas pelo Servi\u00e7o de \u00c1gua e Saneamento Ambiental (SAAE) em parceria com a Secretaria de Servi\u00e7os P\u00fablicos (Sesp). Ao longo desta semana, as equipes [&hellip;]<\/p>\n","protected":false},"author":1,"featured_media":17665,"comment_status":"open","ping_status":"open","sticky":false,"template":"","format":"standard","meta":{"_uag_custom_page_level_css":"","_monsterinsights_skip_tracking":false,"_monsterinsights_sitenote_active":false,"_monsterinsights_sitenote_note":"","_monsterinsights_sitenote_category":0,"jetpack_post_was_ever_published":false,"_jetpack_newsletter_access":"","_jetpack_dont_email_post_to_subs":false,"_jetpack_newsletter_tier_id":0,"_jetpack_memberships_contains_paywalled_content":false,"_jetpack_memberships_contains_paid_content":false,"footnotes":"","jetpack_publicize_message":"","jetpack_publicize_feature_enabled":true,"jetpack_social_post_already_shared":true,"jetpack_social_options":{"image_generator_settings":{"template":"highway","default_image_id":0,"font":"","enabled":false},"version":2}},"categories":[203,197],"tags":[],"class_list":["post-17664","post","type-post","status-publish","format-standard","has-post-thumbnail","hentry","category-juazeiro","category-politica"],"jetpack_publicize_connections":[],"jetpack_featured_media_url":"https:\/\/blogopara.com.br\/wp-content\/uploads\/2021\/01\/Black-and-White-Wood-Texture-General-Father-Instagram-Post-14.jpg","uagb_featured_image_src":{"full":["https:\/\/blogopara.com.br\/wp-content\/uploads\/2021\/01\/Black-and-White-Wood-Texture-General-Father-Instagram-Post-14.jpg",500,500,false],"thumbnail":["https:\/\/blogopara.com.br\/wp-content\/uploads\/2021\/01\/Black-and-White-Wood-Texture-General-Father-Instagram-Post-14-150x150.jpg",150,150,true],"medium":["https:\/\/blogopara.com.br\/wp-content\/uploads\/2021\/01\/Black-and-White-Wood-Texture-General-Father-Instagram-Post-14-300x300.jpg",300,300,true],"medium_large":["https:\/\/blogopara.com.br\/wp-content\/uploads\/2021\/01\/Black-and-White-Wood-Texture-General-Father-Instagram-Post-14.jpg",500,500,false],"large":["https:\/\/blogopara.com.br\/wp-content\/uploads\/2021\/01\/Black-and-White-Wood-Texture-General-Father-Instagram-Post-14.jpg",500,500,false],"1536x1536":["https:\/\/blogopara.com.br\/wp-content\/uploads\/2021\/01\/Black-and-White-Wood-Texture-General-Father-Instagram-Post-14.jpg",500,500,false],"2048x2048":["https:\/\/blogopara.com.br\/wp-content\/uploads\/2021\/01\/Black-and-White-Wood-Texture-General-Father-Instagram-Post-14.jpg",500,500,false],"mantranews-slider-large":["https:\/\/blogopara.com.br\/wp-content\/uploads\/2021\/01\/Black-and-White-Wood-Texture-General-Father-Instagram-Post-14.jpg",500,500,false],"mantranews-featured-medium":["https:\/\/blogopara.com.br\/wp-content\/uploads\/2021\/01\/Black-and-White-Wood-Texture-General-Father-Instagram-Post-14-420x307.jpg",420,307,true],"mantranews-featured-long":["https:\/\/blogopara.com.br\/wp-content\/uploads\/2021\/01\/Black-and-White-Wood-Texture-General-Father-Instagram-Post-14-300x443.jpg",300,443,true],"mantranews-block-medium":["https:\/\/blogopara.com.br\/wp-content\/uploads\/2021\/01\/Black-and-White-Wood-Texture-General-Father-Instagram-Post-14-464x290.jpg",464,290,true],"mantranews-carousel-image":["https:\/\/blogopara.com.br\/wp-content\/uploads\/2021\/01\/Black-and-White-Wood-Texture-General-Father-Instagram-Post-14.jpg",500,500,false],"mantranews-block-thumb":["https:\/\/blogopara.com.br\/wp-content\/uploads\/2021\/01\/Black-and-White-Wood-Texture-General-Father-Instagram-Post-14-322x230.jpg",322,230,true],"mantranews-single-large":["https:\/\/blogopara.com.br\/wp-content\/uploads\/2021\/01\/Black-and-White-Wood-Texture-General-Father-Instagram-Post-14.jpg",500,500,false]},"uagb_author_info":{"display_name":"Reda\u00e7\u00e3o geral","author_link":"https:\/\/blogopara.com.br\/index.php\/author\/blogopara"},"uagb_comment_info":0,"uagb_excerpt":"A Prefeitura de Juazeiro vem refor\u00e7ando os servi\u00e7os de limpeza urbana para melhorar o aproveitamento de espa\u00e7os habitados, al\u00e9m de garantir o embelezamento das \u00e1reas p\u00fablicas da cidade. As a\u00e7\u00f5es s\u00e3o realizadas pelo Servi\u00e7o de \u00c1gua e Saneamento Ambiental (SAAE) em parceria com a Secretaria de Servi\u00e7os P\u00fablicos (Sesp). Ao longo desta semana, as equipes&hellip;","jetpack_sharing_enabled":true,"jetpack_likes_enabled":true,"_links":{"self":[{"href":"https:\/\/blogopara.com.br\/index.php\/wp-json\/wp\/v2\/posts\/17664","targetHints":{"allow":["GET"]}}],"collection":[{"href":"https:\/\/blogopara.com.br\/index.php\/wp-json\/wp\/v2\/posts"}],"about":[{"href":"https:\/\/blogopara.com.br\/index.php\/wp-json\/wp\/v2\/types\/post"}],"author":[{"embeddable":true,"href":"https:\/\/blogopara.com.br\/index.php\/wp-json\/wp\/v2\/users\/1"}],"replies":[{"embeddable":true,"href":"https:\/\/blogopara.com.br\/index.php\/wp-json\/wp\/v2\/comments?post=17664"}],"version-history":[{"count":1,"href":"https:\/\/blogopara.com.br\/index.php\/wp-json\/wp\/v2\/posts\/17664\/revisions"}],"predecessor-version":[{"id":17666,"href":"https:\/\/blogopara.com.br\/index.php\/wp-json\/wp\/v2\/posts\/17664\/revisions\/17666"}],"wp:featuredmedia":[{"embeddable":true,"href":"https:\/\/blogopara.com.br\/index.php\/wp-json\/wp\/v2\/media\/17665"}],"wp:attachment":[{"href":"https:\/\/blogopara.com.br\/index.php\/wp-json\/wp\/v2\/media?parent=17664"}],"wp:term":[{"taxonomy":"category","embeddable":true,"href":"https:\/\/blogopara.com.br\/index.php\/wp-json\/wp\/v2\/categories?post=17664"},{"taxonomy":"post_tag","embeddable":true,"href":"https:\/\/blogopara.com.br\/index.php\/wp-json\/wp\/v2\/tags?post=17664"}],"curies":[{"name":"wp","href":"https:\/\/api.w.org\/{rel}","templated":true}]}}