{"id":17727,"date":"2021-01-11T17:38:54","date_gmt":"2021-01-11T20:38:54","guid":{"rendered":"http:\/\/blogopara.com.br\/?p=17727"},"modified":"2021-01-11T22:20:08","modified_gmt":"2021-01-12T01:20:08","slug":"coelba-cachorro-nao-pode-mijar-no-poste-que-falta-energia","status":"publish","type":"post","link":"https:\/\/blogopara.com.br\/index.php\/2021\/01\/11\/coelba-cachorro-nao-pode-mijar-no-poste-que-falta-energia","title":{"rendered":"Coelba: Cachorro n\u00e3o pode mijar no poste que falta energia?"},"content":{"rendered":"<div class=\"titulo\">\n<p style=\"text-align: justify;\">Seja pela cobran\u00e7a abusiva de tarifas ou por servi\u00e7o mal prestado, o que n\u00e3o faltam \u00e0 COELBA &#8211;&nbsp; Companhia de Eletricidade do Estado da Bahia s\u00e3o reclama\u00e7\u00f5es.<\/p>\n<p style=\"text-align: justify;\">As reclama\u00e7\u00f5es s\u00e3o frequentes interrup\u00e7\u00f5es no fornecimento de energia, danos a equipamentos el\u00e9tricos causados por picos e quedas repentinos de energia que n\u00e3o est\u00e3o sendo indenizados, cobran\u00e7a de faturas com valores abusivos mesmo em locais onde houve interrup\u00e7\u00e3o do servi\u00e7o, falta de atendimento remoto \u00e0s reclama\u00e7\u00f5es dos usu\u00e1rios e desrespeito \u00e0 concess\u00e3o de tarifa social para os consumidores carentes.<\/p>\n<p style=\"text-align: justify;\"><strong>Cad\u00ea a luz que estava aqui? \u2013<\/strong> Essa \u00e9 a pergunta que muita gente se faz quando chove. Todo juazeirense j\u00e1 sabe que vai ter que acender velas \u2013 e n\u00e3o \u00e9 para nenhum santo, tampouco para um jantar a dois.<\/p>\n<p style=\"text-align: justify;\">Amea\u00e7ou a chover e d\u00e1 o primeiro estrondo no poste, os moradores j\u00e1 sabemos que \u00e9 um aviso. Vai faltar energia. O fornecimento de energia \u00e9 servi\u00e7o p\u00fablico essencial, de modo que a sua interrup\u00e7\u00e3o implica em afronta ao princ\u00edpio da dignidade da pessoa humana.<\/p>\n<p style=\"text-align: justify;\">A Coelba \u00e9 aliada das muri\u00e7ocas, e juntas decidiram infernizar a vida dos juazeirenses.<\/p>\n<p style=\"text-align: justify;\">Imagina no ver\u00e3o temperatura alt\u00edssima, janelas fechadas por conta das muri\u00e7ocas, de repente come\u00e7ar a ter quedas de energia, n\u00e3o demora para haver interrup\u00e7\u00e3o definitiva. Acabou a noite do trabalhador, ele passar\u00e1 a noite espantando as muri\u00e7ocas e se abanando com um peda\u00e7o de pano, porque n\u00e3o poder\u00e1 ligar nem um ventiladozinho sequer.<\/p>\n<p>O&nbsp;<a class=\"cite\" title=\"Lei n\u00ba 8.078, de 11 de setembro de 1990.\" href=\"http:\/\/www.jusbrasil.com.br\/legislacao\/91585\/c%C3%B3digo-de-defesa-do-consumidor-lei-8078-90\" rel=\"10608773\">C\u00f3digo de Defesa do Consumidor<\/a>&nbsp;estabelece que a energia el\u00e9trica como bem essencial \u00e0 vida humana, deve ter fornecimento adequado e cont\u00ednuo (arts. 6\u00ba, inciso X, e 22), e garante a efetiva repara\u00e7\u00e3o pelos danos causados (art. 6\u00ba, inciso VI). O brasileiro paga uma das tarifas de eletricidade mais caras do mundo, mas a qualidade do servi\u00e7o prestado n\u00e3o resiste a mau tempo.<\/p>\n<\/div>\n","protected":false},"excerpt":{"rendered":"<p>Seja pela cobran\u00e7a abusiva de tarifas ou por servi\u00e7o mal prestado, o que n\u00e3o faltam \u00e0 COELBA &#8211;&nbsp; Companhia de Eletricidade do Estado da Bahia s\u00e3o reclama\u00e7\u00f5es. As reclama\u00e7\u00f5es s\u00e3o frequentes interrup\u00e7\u00f5es no fornecimento de energia, danos a equipamentos el\u00e9tricos causados por picos e quedas repentinos de energia que n\u00e3o est\u00e3o sendo indenizados, cobran\u00e7a de [&hellip;]<\/p>\n","protected":false},"author":1,"featured_media":17746,"comment_status":"open","ping_status":"open","sticky":false,"template":"","format":"standard","meta":{"_uag_custom_page_level_css":"","_monsterinsights_skip_tracking":false,"_monsterinsights_sitenote_active":false,"_monsterinsights_sitenote_note":"","_monsterinsights_sitenote_category":0,"jetpack_post_was_ever_published":false,"_jetpack_newsletter_access":"","_jetpack_dont_email_post_to_subs":false,"_jetpack_newsletter_tier_id":0,"_jetpack_memberships_contains_paywalled_content":false,"_jetpack_memberships_contains_paid_content":false,"footnotes":"","jetpack_publicize_message":"","jetpack_publicize_feature_enabled":true,"jetpack_social_post_already_shared":true,"jetpack_social_options":{"image_generator_settings":{"template":"highway","default_image_id":0,"font":"","enabled":false},"version":2}},"categories":[203,204],"tags":[],"class_list":["post-17727","post","type-post","status-publish","format-standard","has-post-thumbnail","hentry","category-juazeiro","category-social"],"jetpack_publicize_connections":[],"jetpack_featured_media_url":"https:\/\/blogopara.com.br\/wp-content\/uploads\/2021\/01\/1_falta_de_energia_no_centro___17_04_2017_foto_rodrigo_silveira__19_-667214.jpg","uagb_featured_image_src":{"full":["https:\/\/blogopara.com.br\/wp-content\/uploads\/2021\/01\/1_falta_de_energia_no_centro___17_04_2017_foto_rodrigo_silveira__19_-667214.jpg",487,377,false],"thumbnail":["https:\/\/blogopara.com.br\/wp-content\/uploads\/2021\/01\/1_falta_de_energia_no_centro___17_04_2017_foto_rodrigo_silveira__19_-667214-150x150.jpg",150,150,true],"medium":["https:\/\/blogopara.com.br\/wp-content\/uploads\/2021\/01\/1_falta_de_energia_no_centro___17_04_2017_foto_rodrigo_silveira__19_-667214-300x232.jpg",300,232,true],"medium_large":["https:\/\/blogopara.com.br\/wp-content\/uploads\/2021\/01\/1_falta_de_energia_no_centro___17_04_2017_foto_rodrigo_silveira__19_-667214.jpg",487,377,false],"large":["https:\/\/blogopara.com.br\/wp-content\/uploads\/2021\/01\/1_falta_de_energia_no_centro___17_04_2017_foto_rodrigo_silveira__19_-667214.jpg",487,377,false],"1536x1536":["https:\/\/blogopara.com.br\/wp-content\/uploads\/2021\/01\/1_falta_de_energia_no_centro___17_04_2017_foto_rodrigo_silveira__19_-667214.jpg",487,377,false],"2048x2048":["https:\/\/blogopara.com.br\/wp-content\/uploads\/2021\/01\/1_falta_de_energia_no_centro___17_04_2017_foto_rodrigo_silveira__19_-667214.jpg",487,377,false],"mantranews-slider-large":["https:\/\/blogopara.com.br\/wp-content\/uploads\/2021\/01\/1_falta_de_energia_no_centro___17_04_2017_foto_rodrigo_silveira__19_-667214.jpg",487,377,false],"mantranews-featured-medium":["https:\/\/blogopara.com.br\/wp-content\/uploads\/2021\/01\/1_falta_de_energia_no_centro___17_04_2017_foto_rodrigo_silveira__19_-667214-420x307.jpg",420,307,true],"mantranews-featured-long":["https:\/\/blogopara.com.br\/wp-content\/uploads\/2021\/01\/1_falta_de_energia_no_centro___17_04_2017_foto_rodrigo_silveira__19_-667214-300x377.jpg",300,377,true],"mantranews-block-medium":["https:\/\/blogopara.com.br\/wp-content\/uploads\/2021\/01\/1_falta_de_energia_no_centro___17_04_2017_foto_rodrigo_silveira__19_-667214-464x290.jpg",464,290,true],"mantranews-carousel-image":["https:\/\/blogopara.com.br\/wp-content\/uploads\/2021\/01\/1_falta_de_energia_no_centro___17_04_2017_foto_rodrigo_silveira__19_-667214.jpg",487,377,false],"mantranews-block-thumb":["https:\/\/blogopara.com.br\/wp-content\/uploads\/2021\/01\/1_falta_de_energia_no_centro___17_04_2017_foto_rodrigo_silveira__19_-667214-322x230.jpg",322,230,true],"mantranews-single-large":["https:\/\/blogopara.com.br\/wp-content\/uploads\/2021\/01\/1_falta_de_energia_no_centro___17_04_2017_foto_rodrigo_silveira__19_-667214.jpg",487,377,false]},"uagb_author_info":{"display_name":"Reda\u00e7\u00e3o geral","author_link":"https:\/\/blogopara.com.br\/index.php\/author\/blogopara"},"uagb_comment_info":0,"uagb_excerpt":"Seja pela cobran\u00e7a abusiva de tarifas ou por servi\u00e7o mal prestado, o que n\u00e3o faltam \u00e0 COELBA &#8211;&nbsp; Companhia de Eletricidade do Estado da Bahia s\u00e3o reclama\u00e7\u00f5es. As reclama\u00e7\u00f5es s\u00e3o frequentes interrup\u00e7\u00f5es no fornecimento de energia, danos a equipamentos el\u00e9tricos causados por picos e quedas repentinos de energia que n\u00e3o est\u00e3o sendo indenizados, cobran\u00e7a de&hellip;","jetpack_sharing_enabled":true,"jetpack_likes_enabled":true,"_links":{"self":[{"href":"https:\/\/blogopara.com.br\/index.php\/wp-json\/wp\/v2\/posts\/17727","targetHints":{"allow":["GET"]}}],"collection":[{"href":"https:\/\/blogopara.com.br\/index.php\/wp-json\/wp\/v2\/posts"}],"about":[{"href":"https:\/\/blogopara.com.br\/index.php\/wp-json\/wp\/v2\/types\/post"}],"author":[{"embeddable":true,"href":"https:\/\/blogopara.com.br\/index.php\/wp-json\/wp\/v2\/users\/1"}],"replies":[{"embeddable":true,"href":"https:\/\/blogopara.com.br\/index.php\/wp-json\/wp\/v2\/comments?post=17727"}],"version-history":[{"count":8,"href":"https:\/\/blogopara.com.br\/index.php\/wp-json\/wp\/v2\/posts\/17727\/revisions"}],"predecessor-version":[{"id":17747,"href":"https:\/\/blogopara.com.br\/index.php\/wp-json\/wp\/v2\/posts\/17727\/revisions\/17747"}],"wp:featuredmedia":[{"embeddable":true,"href":"https:\/\/blogopara.com.br\/index.php\/wp-json\/wp\/v2\/media\/17746"}],"wp:attachment":[{"href":"https:\/\/blogopara.com.br\/index.php\/wp-json\/wp\/v2\/media?parent=17727"}],"wp:term":[{"taxonomy":"category","embeddable":true,"href":"https:\/\/blogopara.com.br\/index.php\/wp-json\/wp\/v2\/categories?post=17727"},{"taxonomy":"post_tag","embeddable":true,"href":"https:\/\/blogopara.com.br\/index.php\/wp-json\/wp\/v2\/tags?post=17727"}],"curies":[{"name":"wp","href":"https:\/\/api.w.org\/{rel}","templated":true}]}}