{"id":17820,"date":"2021-01-15T09:43:00","date_gmt":"2021-01-15T12:43:00","guid":{"rendered":"http:\/\/blogopara.com.br\/?p=17820"},"modified":"2021-01-17T10:24:53","modified_gmt":"2021-01-17T13:24:53","slug":"juazeiro-as-nomeacoes-sao-normais-em-qualquer-inicio-de-gestao-estranho-e-a-hipocrisia","status":"publish","type":"post","link":"https:\/\/blogopara.com.br\/index.php\/2021\/01\/15\/juazeiro-as-nomeacoes-sao-normais-em-qualquer-inicio-de-gestao-estranho-e-a-hipocrisia","title":{"rendered":"Juazeiro: As nomea\u00e7\u00f5es s\u00e3o normais em qualquer in\u00edcio de gest\u00e3o, estranho \u00e9 a hipocrisia"},"content":{"rendered":"<p style=\"text-align: justify;\">Desde que come\u00e7aram as nomea\u00e7\u00f5es na gest\u00e3o Suzana Ramos (PDSB) um burburinho toma conta da cidade. Nas redes sociais, as pessoas enviam \u00e1udios ou compartilham cards expressando descontentamento por determinada nomea\u00e7\u00e3o.<\/p>\n<p style=\"text-align: justify;\">Qualquer express\u00e3o de indigna\u00e7\u00e3o ou frustra\u00e7\u00e3o pol\u00edtica com o ato da governante, \u00e9 encarada como normal. O cidad\u00e3o-eleitor tem todo direito de expressar a sua carga emotiva de frustra\u00e7\u00e3o, e isso \u00e9 muito bom. Bom para a sa\u00fade emocional do cidad\u00e3o, muito melhor para a governante, que pode mensurar as suas a\u00e7\u00f5es no meio do povo.<\/p>\n<p style=\"text-align: justify;\">O que n\u00e3o \u00e9 normal, s\u00e3o setores da imprensa estarem publicando por conveni\u00eancia somente as nomea\u00e7\u00f5es dos seus desafetos, e fazendo estardalha\u00e7os. Isso, n\u00e3o \u00e9 jornalismo s\u00e9rio, e pode ser visto como apelativo na busca por contratos financeiros.<\/p>\n<p style=\"text-align: justify;\">Na elei\u00e7\u00e3o de 2008 quando Isaac Carvalho (PT) ganhou (era a GRANDE MUDAN\u00c7A), ele no ano seguinte nomeou v\u00e1rias pessoas que foram ligadas aos grupos de Joseph Bandeira e Misael Aguilar (ex prefeitos), inclusive o PSDB foi aliado do PCdoB naquelas elei\u00e7\u00f5es.<\/p>\n<p style=\"text-align: justify;\">No segundo mandato de Isaac, ele intensificou a coopta\u00e7\u00e3o, nomeando mais pessoas ligadas aos grupos pol\u00edticos tradicionais de Juazeiro, inclusive a fam\u00edlia Tanuri.<\/p>\n<p style=\"text-align: justify;\">Em 2017 quando assumiu o governo, Paulo Bomfim (PT) tinha 21 vereadores ao seu lado, quais pessoas ele nomeou? Pessoas ligadas aos tradicionais grupos pol\u00edticos de Juazeiro que circulavam nos principais campos da pol\u00edtica nacional. Era uma verdadeira salada de partidos e a cidade ficou sem representa\u00e7\u00e3o parlamentar com todos os edis na base do governo. Normal? Para alguns, sim!<\/p>\n<p style=\"text-align: justify;\">Qual a diferen\u00e7a agora com Suzana Ramos? A hipocrisia est\u00e1 evid\u00eancia. Vale ressaltar que Suzana abriu m\u00e3o de cooptar todos os vereadores eleitos.<\/p>\n<p style=\"text-align: justify;\">Algumas nomea\u00e7\u00f5es foram feitas pela necessidade do funcionamento da m\u00e1quina p\u00fablica, e outras s\u00e3o parte do compromisso pol\u00edtico de governabilidade com os partidos aliados. Coisas absolutamente normais no sistema pol\u00edtico brasileiro.<\/p>\n<p style=\"text-align: justify;\">A prefeita \u00e9 inteiramente respons\u00e1vel pelas nomea\u00e7\u00f5es, ela deve saber o peso e as implic\u00e2ncias pol\u00edticas de cada nomea\u00e7\u00e3o. O presente ainda est\u00e1 muito cedo para saber das consequ\u00eancias, embora o burburinho na cidade seja intenso, e o desgaste com alguns aliados seja absolutamente vis\u00edvel.<\/p>\n","protected":false},"excerpt":{"rendered":"<p>Desde que come\u00e7aram as nomea\u00e7\u00f5es na gest\u00e3o Suzana Ramos (PDSB) um burburinho toma conta da cidade. Nas redes sociais, as pessoas enviam \u00e1udios ou compartilham cards expressando descontentamento por determinada nomea\u00e7\u00e3o. Qualquer express\u00e3o de indigna\u00e7\u00e3o ou frustra\u00e7\u00e3o pol\u00edtica com o ato da governante, \u00e9 encarada como normal. O cidad\u00e3o-eleitor tem todo direito de expressar a [&hellip;]<\/p>\n","protected":false},"author":1,"featured_media":17463,"comment_status":"open","ping_status":"open","sticky":false,"template":"","format":"standard","meta":{"_uag_custom_page_level_css":"","_monsterinsights_skip_tracking":false,"_monsterinsights_sitenote_active":false,"_monsterinsights_sitenote_note":"","_monsterinsights_sitenote_category":0,"jetpack_post_was_ever_published":false,"_jetpack_newsletter_access":"","_jetpack_dont_email_post_to_subs":false,"_jetpack_newsletter_tier_id":0,"_jetpack_memberships_contains_paywalled_content":false,"_jetpack_memberships_contains_paid_content":false,"footnotes":"","jetpack_publicize_message":"","jetpack_publicize_feature_enabled":true,"jetpack_social_post_already_shared":true,"jetpack_social_options":{"image_generator_settings":{"template":"highway","default_image_id":0,"font":"","enabled":false},"version":2}},"categories":[203,197],"tags":[],"class_list":["post-17820","post","type-post","status-publish","format-standard","has-post-thumbnail","hentry","category-juazeiro","category-politica"],"jetpack_publicize_connections":[],"jetpack_featured_media_url":"https:\/\/blogopara.com.br\/wp-content\/uploads\/2021\/01\/dnb_prefeitura_juazeiro1-838x471-1.jpg","uagb_featured_image_src":{"full":["https:\/\/blogopara.com.br\/wp-content\/uploads\/2021\/01\/dnb_prefeitura_juazeiro1-838x471-1.jpg",500,281,false],"thumbnail":["https:\/\/blogopara.com.br\/wp-content\/uploads\/2021\/01\/dnb_prefeitura_juazeiro1-838x471-1-150x150.jpg",150,150,true],"medium":["https:\/\/blogopara.com.br\/wp-content\/uploads\/2021\/01\/dnb_prefeitura_juazeiro1-838x471-1-300x169.jpg",300,169,true],"medium_large":["https:\/\/blogopara.com.br\/wp-content\/uploads\/2021\/01\/dnb_prefeitura_juazeiro1-838x471-1.jpg",500,281,false],"large":["https:\/\/blogopara.com.br\/wp-content\/uploads\/2021\/01\/dnb_prefeitura_juazeiro1-838x471-1.jpg",500,281,false],"1536x1536":["https:\/\/blogopara.com.br\/wp-content\/uploads\/2021\/01\/dnb_prefeitura_juazeiro1-838x471-1.jpg",500,281,false],"2048x2048":["https:\/\/blogopara.com.br\/wp-content\/uploads\/2021\/01\/dnb_prefeitura_juazeiro1-838x471-1.jpg",500,281,false],"mantranews-slider-large":["https:\/\/blogopara.com.br\/wp-content\/uploads\/2021\/01\/dnb_prefeitura_juazeiro1-838x471-1.jpg",500,281,false],"mantranews-featured-medium":["https:\/\/blogopara.com.br\/wp-content\/uploads\/2021\/01\/dnb_prefeitura_juazeiro1-838x471-1-420x281.jpg",420,281,true],"mantranews-featured-long":["https:\/\/blogopara.com.br\/wp-content\/uploads\/2021\/01\/dnb_prefeitura_juazeiro1-838x471-1-300x281.jpg",300,281,true],"mantranews-block-medium":["https:\/\/blogopara.com.br\/wp-content\/uploads\/2021\/01\/dnb_prefeitura_juazeiro1-838x471-1-464x281.jpg",464,281,true],"mantranews-carousel-image":["https:\/\/blogopara.com.br\/wp-content\/uploads\/2021\/01\/dnb_prefeitura_juazeiro1-838x471-1.jpg",500,281,false],"mantranews-block-thumb":["https:\/\/blogopara.com.br\/wp-content\/uploads\/2021\/01\/dnb_prefeitura_juazeiro1-838x471-1-322x230.jpg",322,230,true],"mantranews-single-large":["https:\/\/blogopara.com.br\/wp-content\/uploads\/2021\/01\/dnb_prefeitura_juazeiro1-838x471-1.jpg",500,281,false]},"uagb_author_info":{"display_name":"Reda\u00e7\u00e3o geral","author_link":"https:\/\/blogopara.com.br\/index.php\/author\/blogopara"},"uagb_comment_info":1,"uagb_excerpt":"Desde que come\u00e7aram as nomea\u00e7\u00f5es na gest\u00e3o Suzana Ramos (PDSB) um burburinho toma conta da cidade. Nas redes sociais, as pessoas enviam \u00e1udios ou compartilham cards expressando descontentamento por determinada nomea\u00e7\u00e3o. Qualquer express\u00e3o de indigna\u00e7\u00e3o ou frustra\u00e7\u00e3o pol\u00edtica com o ato da governante, \u00e9 encarada como normal. O cidad\u00e3o-eleitor tem todo direito de expressar a&hellip;","jetpack_sharing_enabled":true,"jetpack_likes_enabled":true,"_links":{"self":[{"href":"https:\/\/blogopara.com.br\/index.php\/wp-json\/wp\/v2\/posts\/17820","targetHints":{"allow":["GET"]}}],"collection":[{"href":"https:\/\/blogopara.com.br\/index.php\/wp-json\/wp\/v2\/posts"}],"about":[{"href":"https:\/\/blogopara.com.br\/index.php\/wp-json\/wp\/v2\/types\/post"}],"author":[{"embeddable":true,"href":"https:\/\/blogopara.com.br\/index.php\/wp-json\/wp\/v2\/users\/1"}],"replies":[{"embeddable":true,"href":"https:\/\/blogopara.com.br\/index.php\/wp-json\/wp\/v2\/comments?post=17820"}],"version-history":[{"count":12,"href":"https:\/\/blogopara.com.br\/index.php\/wp-json\/wp\/v2\/posts\/17820\/revisions"}],"predecessor-version":[{"id":17892,"href":"https:\/\/blogopara.com.br\/index.php\/wp-json\/wp\/v2\/posts\/17820\/revisions\/17892"}],"wp:featuredmedia":[{"embeddable":true,"href":"https:\/\/blogopara.com.br\/index.php\/wp-json\/wp\/v2\/media\/17463"}],"wp:attachment":[{"href":"https:\/\/blogopara.com.br\/index.php\/wp-json\/wp\/v2\/media?parent=17820"}],"wp:term":[{"taxonomy":"category","embeddable":true,"href":"https:\/\/blogopara.com.br\/index.php\/wp-json\/wp\/v2\/categories?post=17820"},{"taxonomy":"post_tag","embeddable":true,"href":"https:\/\/blogopara.com.br\/index.php\/wp-json\/wp\/v2\/tags?post=17820"}],"curies":[{"name":"wp","href":"https:\/\/api.w.org\/{rel}","templated":true}]}}