{"id":17843,"date":"2021-01-15T10:46:46","date_gmt":"2021-01-15T13:46:46","guid":{"rendered":"http:\/\/blogopara.com.br\/?p=17843"},"modified":"2021-02-03T16:31:40","modified_gmt":"2021-02-03T19:31:40","slug":"prefeita-suzana-ramos-participa-de-reuniao-com-ministro-da-saude-e-se-prepara-para-receber-vacina-contra-covid-19-na-proxima-terca","status":"publish","type":"post","link":"https:\/\/blogopara.com.br\/index.php\/2021\/01\/15\/prefeita-suzana-ramos-participa-de-reuniao-com-ministro-da-saude-e-se-prepara-para-receber-vacina-contra-covid-19-na-proxima-terca","title":{"rendered":"Juazeiro: Prefeita Suzana Ramos participa de reuni\u00e3o com ministro da Sa\u00fade e se prepara para receber vacina contra Covid-19 na pr\u00f3xima ter\u00e7a"},"content":{"rendered":"<p style=\"text-align: justify;\">Nesta quinta-feira (14), a prefeita Suzana Ramos e o secret\u00e1rio de Sa\u00fade Juazeiro, Fernando Costa, participaram da videoconfer\u00eancia com o ministro da sa\u00fade, Eduardo Pazuello.<\/p>\n<p style=\"text-align: justify;\">Mais 120 prefeitos das maiores cidades do Brasil ouviram do ministro, que receber\u00e3o as primeiras doses da vacina contra o coronav\u00edrus na pr\u00f3xima ter\u00e7a-feira (19). Na quarta-feira (20), a vacina\u00e7\u00e3o come\u00e7a simultaneamente no pa\u00eds, \u00e0s 10h.<\/p>\n<p style=\"text-align: justify;\">Nessa primeira fase da campanha, ser\u00e3o vacinados idosos acima de 60 anos que est\u00e3o em abrigos, profissionais de sa\u00fade e ind\u00edgenas que vivem em aldeias. Na segunda fase a popula\u00e7\u00e3o idosa, na terceira fase pessoas com comorbidades e na quarta fase, a popula\u00e7\u00e3o de trabalhadores em atividade.<\/p>\n<p style=\"text-align: justify;\">Considerando a popula\u00e7\u00e3o, o Brasil precisa de 88 milh\u00f5es de doses da vacina contra a covid-19. Segundo Pazuello, at\u00e9 a segunda feira ter\u00e1 cerca de 18,8 milh\u00f5es. \u201cO governo pretende comprar 250 milh\u00f5es de doses, dessas, 100 milh\u00f5es do Butant\u00e3. Mas s\u00f3 conseguiremos imunizar toda a popula\u00e7\u00e3o com a vacina produzida no pa\u00eds. No entanto, nenhuma vacina ser\u00e1 rejeitada, desde que a Anvisa teste sua efici\u00eancia e efic\u00e1cia. Para janeiro ainda, a previs\u00e3o \u00e9 de que teremos distribu\u00eddo 8 milh\u00f5es de doses\u201d, afirmou o ministro.<\/p>\n<p style=\"text-align: justify;\">Miss\u00e3o das prefeituras<\/p>\n<p style=\"text-align: justify;\">O Minist\u00e9rio da Sa\u00fade come\u00e7a a distribui\u00e7\u00e3o no come\u00e7a da semana, e todos os estados brasileiros dever\u00e3o receber as primeiras doses at\u00e9 ter\u00e7a-feira. Com isso, a miss\u00e3o dos munic\u00edpios \u00e9 preparar a estrutura de armazenamento e aplica\u00e7\u00e3o das vacinas, como salas de vacina\u00e7\u00e3o, &nbsp;equipamentos de prote\u00e7\u00e3o individual, \u00e1lcool e seringas.<\/p>\n<p style=\"text-align: justify;\">Insumos para a vacina\u00e7\u00e3o<\/p>\n<p style=\"text-align: justify;\">O ministro da sa\u00fade tranquilizou os prefeitos sobre a compra de seringas afirmando que o Brasil \u00e9 o maior produtor da Am\u00e9rica Latina. O governo comprou 60 milh\u00f5es de seringas para a campanha e vai distribuir com os munic\u00edpios. O secret\u00e1rio Fernando Costa reconhece que as seringas n\u00e3o ser\u00e3o suficientes e tem uma estrat\u00e9gia para Juazeiro. \u201cPretendemos comprar seringas para atender nossa popula\u00e7\u00e3o. Isso \u00e9 parte da prepara\u00e7\u00e3o da nossa rede de frios. J\u00e1 estamos licitando freezers para que tudo esteja pronto quando a vacina chegar, incluindo a log\u00edstica de distribui\u00e7\u00e3o, principalmente para o grupo de risco\u201d, declarou.<\/p>\n<p style=\"text-align: justify;\">A prefeita Suzana Ramos, atenta a fala do ministro Eduardo Pazuello, avaliou a necessidade de Juazeiro adquirir vacinas atrav\u00e9s do munic\u00edpio. \u201cEstamos nos preparando para receber essas primeiras doses, mas estamos buscando caminhos e recursos para comprar vacina para Juazeiro, principalmente para atender o mais r\u00e1pido poss\u00edvel o grupo de risco\u201d, ressaltou a gestora.<\/p>\n<p style=\"text-align: justify;\">Maria Lima \u2013 Assessora de Imprensa da Secretaria de Sa\u00fade<\/p>\n","protected":false},"excerpt":{"rendered":"<p>Nesta quinta-feira (14), a prefeita Suzana Ramos e o secret\u00e1rio de Sa\u00fade Juazeiro, Fernando Costa, participaram da videoconfer\u00eancia com o ministro da sa\u00fade, Eduardo Pazuello. Mais 120 prefeitos das maiores cidades do Brasil ouviram do ministro, que receber\u00e3o as primeiras doses da vacina contra o coronav\u00edrus na pr\u00f3xima ter\u00e7a-feira (19). Na quarta-feira (20), a vacina\u00e7\u00e3o [&hellip;]<\/p>\n","protected":false},"author":1,"featured_media":17844,"comment_status":"open","ping_status":"open","sticky":false,"template":"","format":"standard","meta":{"_uag_custom_page_level_css":"","_monsterinsights_skip_tracking":false,"_monsterinsights_sitenote_active":false,"_monsterinsights_sitenote_note":"","_monsterinsights_sitenote_category":0,"jetpack_post_was_ever_published":false,"_jetpack_newsletter_access":"","_jetpack_dont_email_post_to_subs":false,"_jetpack_newsletter_tier_id":0,"_jetpack_memberships_contains_paywalled_content":false,"_jetpack_memberships_contains_paid_content":false,"footnotes":"","jetpack_publicize_message":"","jetpack_publicize_feature_enabled":true,"jetpack_social_post_already_shared":true,"jetpack_social_options":{"image_generator_settings":{"template":"highway","default_image_id":0,"font":"","enabled":false},"version":2}},"categories":[203,197,205],"tags":[],"class_list":["post-17843","post","type-post","status-publish","format-standard","has-post-thumbnail","hentry","category-juazeiro","category-politica","category-saude"],"jetpack_publicize_connections":[],"jetpack_featured_media_url":"https:\/\/blogopara.com.br\/wp-content\/uploads\/2021\/01\/SUZANA-RAMOS-FERNANDO-COSTA-REUNE-PAZUELLO-3.jpg","uagb_featured_image_src":{"full":["https:\/\/blogopara.com.br\/wp-content\/uploads\/2021\/01\/SUZANA-RAMOS-FERNANDO-COSTA-REUNE-PAZUELLO-3.jpg",398,266,false],"thumbnail":["https:\/\/blogopara.com.br\/wp-content\/uploads\/2021\/01\/SUZANA-RAMOS-FERNANDO-COSTA-REUNE-PAZUELLO-3-150x150.jpg",150,150,true],"medium":["https:\/\/blogopara.com.br\/wp-content\/uploads\/2021\/01\/SUZANA-RAMOS-FERNANDO-COSTA-REUNE-PAZUELLO-3-300x201.jpg",300,201,true],"medium_large":["https:\/\/blogopara.com.br\/wp-content\/uploads\/2021\/01\/SUZANA-RAMOS-FERNANDO-COSTA-REUNE-PAZUELLO-3.jpg",398,266,false],"large":["https:\/\/blogopara.com.br\/wp-content\/uploads\/2021\/01\/SUZANA-RAMOS-FERNANDO-COSTA-REUNE-PAZUELLO-3.jpg",398,266,false],"1536x1536":["https:\/\/blogopara.com.br\/wp-content\/uploads\/2021\/01\/SUZANA-RAMOS-FERNANDO-COSTA-REUNE-PAZUELLO-3.jpg",398,266,false],"2048x2048":["https:\/\/blogopara.com.br\/wp-content\/uploads\/2021\/01\/SUZANA-RAMOS-FERNANDO-COSTA-REUNE-PAZUELLO-3.jpg",398,266,false],"mantranews-slider-large":["https:\/\/blogopara.com.br\/wp-content\/uploads\/2021\/01\/SUZANA-RAMOS-FERNANDO-COSTA-REUNE-PAZUELLO-3.jpg",398,266,false],"mantranews-featured-medium":["https:\/\/blogopara.com.br\/wp-content\/uploads\/2021\/01\/SUZANA-RAMOS-FERNANDO-COSTA-REUNE-PAZUELLO-3.jpg",398,266,false],"mantranews-featured-long":["https:\/\/blogopara.com.br\/wp-content\/uploads\/2021\/01\/SUZANA-RAMOS-FERNANDO-COSTA-REUNE-PAZUELLO-3-300x266.jpg",300,266,true],"mantranews-block-medium":["https:\/\/blogopara.com.br\/wp-content\/uploads\/2021\/01\/SUZANA-RAMOS-FERNANDO-COSTA-REUNE-PAZUELLO-3.jpg",398,266,false],"mantranews-carousel-image":["https:\/\/blogopara.com.br\/wp-content\/uploads\/2021\/01\/SUZANA-RAMOS-FERNANDO-COSTA-REUNE-PAZUELLO-3.jpg",398,266,false],"mantranews-block-thumb":["https:\/\/blogopara.com.br\/wp-content\/uploads\/2021\/01\/SUZANA-RAMOS-FERNANDO-COSTA-REUNE-PAZUELLO-3-322x230.jpg",322,230,true],"mantranews-single-large":["https:\/\/blogopara.com.br\/wp-content\/uploads\/2021\/01\/SUZANA-RAMOS-FERNANDO-COSTA-REUNE-PAZUELLO-3.jpg",398,266,false]},"uagb_author_info":{"display_name":"Reda\u00e7\u00e3o geral","author_link":"https:\/\/blogopara.com.br\/index.php\/author\/blogopara"},"uagb_comment_info":0,"uagb_excerpt":"Nesta quinta-feira (14), a prefeita Suzana Ramos e o secret\u00e1rio de Sa\u00fade Juazeiro, Fernando Costa, participaram da videoconfer\u00eancia com o ministro da sa\u00fade, Eduardo Pazuello. Mais 120 prefeitos das maiores cidades do Brasil ouviram do ministro, que receber\u00e3o as primeiras doses da vacina contra o coronav\u00edrus na pr\u00f3xima ter\u00e7a-feira (19). Na quarta-feira (20), a vacina\u00e7\u00e3o&hellip;","jetpack_sharing_enabled":true,"jetpack_likes_enabled":true,"_links":{"self":[{"href":"https:\/\/blogopara.com.br\/index.php\/wp-json\/wp\/v2\/posts\/17843","targetHints":{"allow":["GET"]}}],"collection":[{"href":"https:\/\/blogopara.com.br\/index.php\/wp-json\/wp\/v2\/posts"}],"about":[{"href":"https:\/\/blogopara.com.br\/index.php\/wp-json\/wp\/v2\/types\/post"}],"author":[{"embeddable":true,"href":"https:\/\/blogopara.com.br\/index.php\/wp-json\/wp\/v2\/users\/1"}],"replies":[{"embeddable":true,"href":"https:\/\/blogopara.com.br\/index.php\/wp-json\/wp\/v2\/comments?post=17843"}],"version-history":[{"count":4,"href":"https:\/\/blogopara.com.br\/index.php\/wp-json\/wp\/v2\/posts\/17843\/revisions"}],"predecessor-version":[{"id":18925,"href":"https:\/\/blogopara.com.br\/index.php\/wp-json\/wp\/v2\/posts\/17843\/revisions\/18925"}],"wp:featuredmedia":[{"embeddable":true,"href":"https:\/\/blogopara.com.br\/index.php\/wp-json\/wp\/v2\/media\/17844"}],"wp:attachment":[{"href":"https:\/\/blogopara.com.br\/index.php\/wp-json\/wp\/v2\/media?parent=17843"}],"wp:term":[{"taxonomy":"category","embeddable":true,"href":"https:\/\/blogopara.com.br\/index.php\/wp-json\/wp\/v2\/categories?post=17843"},{"taxonomy":"post_tag","embeddable":true,"href":"https:\/\/blogopara.com.br\/index.php\/wp-json\/wp\/v2\/tags?post=17843"}],"curies":[{"name":"wp","href":"https:\/\/api.w.org\/{rel}","templated":true}]}}