{"id":17850,"date":"2021-01-15T12:03:20","date_gmt":"2021-01-15T15:03:20","guid":{"rendered":"http:\/\/blogopara.com.br\/?p=17850"},"modified":"2021-01-15T12:04:33","modified_gmt":"2021-01-15T15:04:33","slug":"juazeiro-o-cantor-e-musico-junior-mota-e-nomeado-para-a-cultura","status":"publish","type":"post","link":"https:\/\/blogopara.com.br\/index.php\/2021\/01\/15\/juazeiro-o-cantor-e-musico-junior-mota-e-nomeado-para-a-cultura","title":{"rendered":"Juazeiro: O cantor e m\u00fasico J\u00fanior Mota \u00e9 nomeado para a Cultura"},"content":{"rendered":"<p style=\"text-align: justify;\">Foi publicado no Di\u00e1rio Oficial do Munic\u00edpio nesta quinta-feira (14) a nomea\u00e7\u00e3o para o cargo de superintendente na Secretaria de Cultura, de Reginaldo dos Santos Mota J\u00fanior, &#8220;J\u00fanior Mota&#8221;, para os amigos, familiares e para os seus f\u00e3s.<\/p>\n<p style=\"text-align: justify;\">J\u00fanior Mota \u00e9 cantor, m\u00fasico, ativista cultural, ex-membro do Conselho Municipal de Cultura, participante ativo de Confer\u00eancias e tantas outras mobiliza\u00e7\u00f5es culturais.<\/p>\n<p style=\"text-align: justify;\">Ele natural de Juazeiro, nascido de uma fam\u00edlia de tios m\u00fasicos que animavam os bailes nos clubes Apollo, 28 de setembro e tantos outros.<\/p>\n<p style=\"text-align: justify;\">Aos 13 anos teve sua primeira experi\u00eancia musical no grupo percussivo BANDALHO, liderado por Jo\u00e3o Sereno, Neto e Mundinho. Logo ap\u00f3s esse experiencia, passou a integrar com os mesmos o grupo de samba OS INDEPENDENTES, que perdurou at\u00e9 o final dos anos 90. Com o fim do grupo, passou a trilhar sua carreira solo, em bares e casas de shows de Juazeiro e Petrolina.<\/p>\n<p style=\"text-align: justify;\">Ainda com Neto e Mundinho J\u00fanior Mota foi campe\u00e3 do Festival da Can\u00e7\u00e3o da TV S\u00e3o Francisco, com a can\u00e7\u00e3o &#8220;Medo&#8221; do compositor Wilson Duarte.<\/p>\n<p style=\"text-align: justify;\">Em 2017 lan\u00e7a seu primeiro \u00e1lbum intitulado &#8220;SAMBA DA MINHA TERRA&#8221;, com composi\u00e7\u00f5es exclusivamente de artistas juazeirenses, foi tamb\u00e9m a sua estreia como compositor, nesse \u00e1lbum tem duas can\u00e7\u00f5es de sua autoria.<\/p>\n","protected":false},"excerpt":{"rendered":"<p>Foi publicado no Di\u00e1rio Oficial do Munic\u00edpio nesta quinta-feira (14) a nomea\u00e7\u00e3o para o cargo de superintendente na Secretaria de Cultura, de Reginaldo dos Santos Mota J\u00fanior, &#8220;J\u00fanior Mota&#8221;, para os amigos, familiares e para os seus f\u00e3s. J\u00fanior Mota \u00e9 cantor, m\u00fasico, ativista cultural, ex-membro do Conselho Municipal de Cultura, participante ativo de Confer\u00eancias [&hellip;]<\/p>\n","protected":false},"author":1,"featured_media":17855,"comment_status":"open","ping_status":"open","sticky":false,"template":"","format":"standard","meta":{"_uag_custom_page_level_css":"","_monsterinsights_skip_tracking":false,"_monsterinsights_sitenote_active":false,"_monsterinsights_sitenote_note":"","_monsterinsights_sitenote_category":0,"jetpack_post_was_ever_published":false,"_jetpack_newsletter_access":"","_jetpack_dont_email_post_to_subs":false,"_jetpack_newsletter_tier_id":0,"_jetpack_memberships_contains_paywalled_content":false,"_jetpack_memberships_contains_paid_content":false,"footnotes":"","jetpack_publicize_message":"","jetpack_publicize_feature_enabled":true,"jetpack_social_post_already_shared":true,"jetpack_social_options":{"image_generator_settings":{"template":"highway","default_image_id":0,"font":"","enabled":false},"version":2}},"categories":[203,197,204],"tags":[],"class_list":["post-17850","post","type-post","status-publish","format-standard","has-post-thumbnail","hentry","category-juazeiro","category-politica","category-social"],"jetpack_publicize_connections":[],"jetpack_featured_media_url":"https:\/\/blogopara.com.br\/wp-content\/uploads\/2021\/01\/WhatsApp-Image-2021-01-15-at-11.41.57.jpeg","uagb_featured_image_src":{"full":["https:\/\/blogopara.com.br\/wp-content\/uploads\/2021\/01\/WhatsApp-Image-2021-01-15-at-11.41.57.jpeg",500,668,false],"thumbnail":["https:\/\/blogopara.com.br\/wp-content\/uploads\/2021\/01\/WhatsApp-Image-2021-01-15-at-11.41.57-150x150.jpeg",150,150,true],"medium":["https:\/\/blogopara.com.br\/wp-content\/uploads\/2021\/01\/WhatsApp-Image-2021-01-15-at-11.41.57-225x300.jpeg",225,300,true],"medium_large":["https:\/\/blogopara.com.br\/wp-content\/uploads\/2021\/01\/WhatsApp-Image-2021-01-15-at-11.41.57.jpeg",500,668,false],"large":["https:\/\/blogopara.com.br\/wp-content\/uploads\/2021\/01\/WhatsApp-Image-2021-01-15-at-11.41.57.jpeg",500,668,false],"1536x1536":["https:\/\/blogopara.com.br\/wp-content\/uploads\/2021\/01\/WhatsApp-Image-2021-01-15-at-11.41.57.jpeg",500,668,false],"2048x2048":["https:\/\/blogopara.com.br\/wp-content\/uploads\/2021\/01\/WhatsApp-Image-2021-01-15-at-11.41.57.jpeg",500,668,false],"mantranews-slider-large":["https:\/\/blogopara.com.br\/wp-content\/uploads\/2021\/01\/WhatsApp-Image-2021-01-15-at-11.41.57.jpeg",500,668,false],"mantranews-featured-medium":["https:\/\/blogopara.com.br\/wp-content\/uploads\/2021\/01\/WhatsApp-Image-2021-01-15-at-11.41.57-420x307.jpeg",420,307,true],"mantranews-featured-long":["https:\/\/blogopara.com.br\/wp-content\/uploads\/2021\/01\/WhatsApp-Image-2021-01-15-at-11.41.57-300x443.jpeg",300,443,true],"mantranews-block-medium":["https:\/\/blogopara.com.br\/wp-content\/uploads\/2021\/01\/WhatsApp-Image-2021-01-15-at-11.41.57-464x290.jpeg",464,290,true],"mantranews-carousel-image":["https:\/\/blogopara.com.br\/wp-content\/uploads\/2021\/01\/WhatsApp-Image-2021-01-15-at-11.41.57-500x500.jpeg",500,500,true],"mantranews-block-thumb":["https:\/\/blogopara.com.br\/wp-content\/uploads\/2021\/01\/WhatsApp-Image-2021-01-15-at-11.41.57-322x230.jpeg",322,230,true],"mantranews-single-large":["https:\/\/blogopara.com.br\/wp-content\/uploads\/2021\/01\/WhatsApp-Image-2021-01-15-at-11.41.57-500x642.jpeg",500,642,true]},"uagb_author_info":{"display_name":"Reda\u00e7\u00e3o geral","author_link":"https:\/\/blogopara.com.br\/index.php\/author\/blogopara"},"uagb_comment_info":1,"uagb_excerpt":"Foi publicado no Di\u00e1rio Oficial do Munic\u00edpio nesta quinta-feira (14) a nomea\u00e7\u00e3o para o cargo de superintendente na Secretaria de Cultura, de Reginaldo dos Santos Mota J\u00fanior, &#8220;J\u00fanior Mota&#8221;, para os amigos, familiares e para os seus f\u00e3s. J\u00fanior Mota \u00e9 cantor, m\u00fasico, ativista cultural, ex-membro do Conselho Municipal de Cultura, participante ativo de Confer\u00eancias&hellip;","jetpack_sharing_enabled":true,"jetpack_likes_enabled":true,"_links":{"self":[{"href":"https:\/\/blogopara.com.br\/index.php\/wp-json\/wp\/v2\/posts\/17850","targetHints":{"allow":["GET"]}}],"collection":[{"href":"https:\/\/blogopara.com.br\/index.php\/wp-json\/wp\/v2\/posts"}],"about":[{"href":"https:\/\/blogopara.com.br\/index.php\/wp-json\/wp\/v2\/types\/post"}],"author":[{"embeddable":true,"href":"https:\/\/blogopara.com.br\/index.php\/wp-json\/wp\/v2\/users\/1"}],"replies":[{"embeddable":true,"href":"https:\/\/blogopara.com.br\/index.php\/wp-json\/wp\/v2\/comments?post=17850"}],"version-history":[{"count":3,"href":"https:\/\/blogopara.com.br\/index.php\/wp-json\/wp\/v2\/posts\/17850\/revisions"}],"predecessor-version":[{"id":17856,"href":"https:\/\/blogopara.com.br\/index.php\/wp-json\/wp\/v2\/posts\/17850\/revisions\/17856"}],"wp:featuredmedia":[{"embeddable":true,"href":"https:\/\/blogopara.com.br\/index.php\/wp-json\/wp\/v2\/media\/17855"}],"wp:attachment":[{"href":"https:\/\/blogopara.com.br\/index.php\/wp-json\/wp\/v2\/media?parent=17850"}],"wp:term":[{"taxonomy":"category","embeddable":true,"href":"https:\/\/blogopara.com.br\/index.php\/wp-json\/wp\/v2\/categories?post=17850"},{"taxonomy":"post_tag","embeddable":true,"href":"https:\/\/blogopara.com.br\/index.php\/wp-json\/wp\/v2\/tags?post=17850"}],"curies":[{"name":"wp","href":"https:\/\/api.w.org\/{rel}","templated":true}]}}