{"id":17900,"date":"2021-01-17T23:00:00","date_gmt":"2021-01-18T02:00:00","guid":{"rendered":"http:\/\/blogopara.com.br\/?p=17900"},"modified":"2021-01-17T23:00:05","modified_gmt":"2021-01-18T02:00:05","slug":"juazeiro-suzana-ramos-comemora-pelas-redes-sociais-o-inicio-da-vacinacao-contra-a-covid","status":"publish","type":"post","link":"https:\/\/blogopara.com.br\/index.php\/2021\/01\/17\/juazeiro-suzana-ramos-comemora-pelas-redes-sociais-o-inicio-da-vacinacao-contra-a-covid","title":{"rendered":"Juazeiro: Suzana Ramos comemora pelas redes sociais o in\u00edcio da vacina\u00e7\u00e3o contra a covid"},"content":{"rendered":"<p style=\"text-align: justify;\">A Anvisa (Ag\u00eancia Nacional de Vigil\u00e2ncia Sanit\u00e1ria) autorizou neste domingo (17), por unanimidade, o uso das duas primeiras vacinas contra o coronav\u00edrus dispon\u00edveis em territ\u00f3rio brasileiro: a da Sinovac, produzida pelo Instituto Butantan em parceria com a China, e a da Oxford-AstraZeneca, cujo pedido de uso emergencial foi feito pela Fiocruz \u2014 e cujo primeiro carregamento deve ser trazido da \u00cdndia por um avi\u00e3o fretado pelo Minist\u00e9rio da Sa\u00fade.<\/p>\n<p style=\"text-align: justify;\">O fato foi comemorado nas redes sociais pela prefeita de Juazeiro Suzana Ramos (PSDB).<\/p>\n<p style=\"text-align: justify;\">Veja a postagem da prefeita:<\/p>\n<p style=\"text-align: justify;\">Minha gente, um momento extremamente importante e essencial para salvarmos vidas aconteceu h\u00e1 pouco em S\u00e3o Paulo! A primeira dose de vacina contra covid-19 foi aplicada no Brasil neste domingo (17), ap\u00f3s a aprova\u00e7\u00e3o pela Anvisa (Ag\u00eancia Nacional de Vigil\u00e2ncia Sanit\u00e1ria) do uso emergencial da CoronaVac.<\/p>\n<p style=\"text-align: justify;\">A primeira pessoa vacinada no pa\u00eds \u00e9 a enfermeira M\u00f4nica Calazans, de 54 anos, com perfil de alto risco para complica\u00e7\u00f5es da covid-19. Essa manchete positiva reacende a esperan\u00e7a de tempos melhores daqui pra frente. Reafirmo que estamos na expectativa da chegada da vacina aqui em Juazeiro para come\u00e7armos a imunizar o p\u00fablico priorit\u00e1rio.<\/p>\n<p>O munic\u00edpio de Juazeiro tem 8.075 moradores que foram infectados desde o in\u00edcio da pandemia na cidade, dos quais 5.566 j\u00e1 est\u00e3o recuperados. Os casos descartados somam 16.352. S\u00e3o 2. 372 casos ativos da doen\u00e7a.<\/p>\n<p>N\u00e3o foi registrado nenhum \u00f3bito nas \u00faltimas 24 horas, por isso, a cidade de Juazeiro mant\u00e9m o n\u00famero 137 mortes causadas por complica\u00e7\u00f5es da covid-19. Foram realizados desde o in\u00edcio da pandemia 23.940 testes r\u00e1pidos e 1.259 pelo Lacen em Salvador.<\/p>\n","protected":false},"excerpt":{"rendered":"<p>A Anvisa (Ag\u00eancia Nacional de Vigil\u00e2ncia Sanit\u00e1ria) autorizou neste domingo (17), por unanimidade, o uso das duas primeiras vacinas contra o coronav\u00edrus dispon\u00edveis em territ\u00f3rio brasileiro: a da Sinovac, produzida pelo Instituto Butantan em parceria com a China, e a da Oxford-AstraZeneca, cujo pedido de uso emergencial foi feito pela Fiocruz \u2014 e cujo primeiro [&hellip;]<\/p>\n","protected":false},"author":1,"featured_media":17901,"comment_status":"open","ping_status":"open","sticky":false,"template":"","format":"standard","meta":{"_uag_custom_page_level_css":"","_monsterinsights_skip_tracking":false,"_monsterinsights_sitenote_active":false,"_monsterinsights_sitenote_note":"","_monsterinsights_sitenote_category":0,"jetpack_post_was_ever_published":false,"_jetpack_newsletter_access":"","_jetpack_dont_email_post_to_subs":false,"_jetpack_newsletter_tier_id":0,"_jetpack_memberships_contains_paywalled_content":false,"_jetpack_memberships_contains_paid_content":false,"footnotes":"","jetpack_publicize_message":"","jetpack_publicize_feature_enabled":true,"jetpack_social_post_already_shared":true,"jetpack_social_options":{"image_generator_settings":{"template":"highway","default_image_id":0,"font":"","enabled":false},"version":2}},"categories":[203,197,205],"tags":[],"class_list":["post-17900","post","type-post","status-publish","format-standard","has-post-thumbnail","hentry","category-juazeiro","category-politica","category-saude"],"jetpack_publicize_connections":[],"jetpack_featured_media_url":"https:\/\/blogopara.com.br\/wp-content\/uploads\/2021\/01\/WhatsApp-Image-2020-09-28-at-14.04.16.jpeg","uagb_featured_image_src":{"full":["https:\/\/blogopara.com.br\/wp-content\/uploads\/2021\/01\/WhatsApp-Image-2020-09-28-at-14.04.16.jpeg",500,500,false],"thumbnail":["https:\/\/blogopara.com.br\/wp-content\/uploads\/2021\/01\/WhatsApp-Image-2020-09-28-at-14.04.16-150x150.jpeg",150,150,true],"medium":["https:\/\/blogopara.com.br\/wp-content\/uploads\/2021\/01\/WhatsApp-Image-2020-09-28-at-14.04.16-300x300.jpeg",300,300,true],"medium_large":["https:\/\/blogopara.com.br\/wp-content\/uploads\/2021\/01\/WhatsApp-Image-2020-09-28-at-14.04.16.jpeg",500,500,false],"large":["https:\/\/blogopara.com.br\/wp-content\/uploads\/2021\/01\/WhatsApp-Image-2020-09-28-at-14.04.16.jpeg",500,500,false],"1536x1536":["https:\/\/blogopara.com.br\/wp-content\/uploads\/2021\/01\/WhatsApp-Image-2020-09-28-at-14.04.16.jpeg",500,500,false],"2048x2048":["https:\/\/blogopara.com.br\/wp-content\/uploads\/2021\/01\/WhatsApp-Image-2020-09-28-at-14.04.16.jpeg",500,500,false],"mantranews-slider-large":["https:\/\/blogopara.com.br\/wp-content\/uploads\/2021\/01\/WhatsApp-Image-2020-09-28-at-14.04.16.jpeg",500,500,false],"mantranews-featured-medium":["https:\/\/blogopara.com.br\/wp-content\/uploads\/2021\/01\/WhatsApp-Image-2020-09-28-at-14.04.16-420x307.jpeg",420,307,true],"mantranews-featured-long":["https:\/\/blogopara.com.br\/wp-content\/uploads\/2021\/01\/WhatsApp-Image-2020-09-28-at-14.04.16-300x443.jpeg",300,443,true],"mantranews-block-medium":["https:\/\/blogopara.com.br\/wp-content\/uploads\/2021\/01\/WhatsApp-Image-2020-09-28-at-14.04.16-464x290.jpeg",464,290,true],"mantranews-carousel-image":["https:\/\/blogopara.com.br\/wp-content\/uploads\/2021\/01\/WhatsApp-Image-2020-09-28-at-14.04.16.jpeg",500,500,false],"mantranews-block-thumb":["https:\/\/blogopara.com.br\/wp-content\/uploads\/2021\/01\/WhatsApp-Image-2020-09-28-at-14.04.16-322x230.jpeg",322,230,true],"mantranews-single-large":["https:\/\/blogopara.com.br\/wp-content\/uploads\/2021\/01\/WhatsApp-Image-2020-09-28-at-14.04.16.jpeg",500,500,false]},"uagb_author_info":{"display_name":"Reda\u00e7\u00e3o geral","author_link":"https:\/\/blogopara.com.br\/index.php\/author\/blogopara"},"uagb_comment_info":0,"uagb_excerpt":"A Anvisa (Ag\u00eancia Nacional de Vigil\u00e2ncia Sanit\u00e1ria) autorizou neste domingo (17), por unanimidade, o uso das duas primeiras vacinas contra o coronav\u00edrus dispon\u00edveis em territ\u00f3rio brasileiro: a da Sinovac, produzida pelo Instituto Butantan em parceria com a China, e a da Oxford-AstraZeneca, cujo pedido de uso emergencial foi feito pela Fiocruz \u2014 e cujo primeiro&hellip;","jetpack_sharing_enabled":true,"jetpack_likes_enabled":true,"_links":{"self":[{"href":"https:\/\/blogopara.com.br\/index.php\/wp-json\/wp\/v2\/posts\/17900","targetHints":{"allow":["GET"]}}],"collection":[{"href":"https:\/\/blogopara.com.br\/index.php\/wp-json\/wp\/v2\/posts"}],"about":[{"href":"https:\/\/blogopara.com.br\/index.php\/wp-json\/wp\/v2\/types\/post"}],"author":[{"embeddable":true,"href":"https:\/\/blogopara.com.br\/index.php\/wp-json\/wp\/v2\/users\/1"}],"replies":[{"embeddable":true,"href":"https:\/\/blogopara.com.br\/index.php\/wp-json\/wp\/v2\/comments?post=17900"}],"version-history":[{"count":1,"href":"https:\/\/blogopara.com.br\/index.php\/wp-json\/wp\/v2\/posts\/17900\/revisions"}],"predecessor-version":[{"id":17902,"href":"https:\/\/blogopara.com.br\/index.php\/wp-json\/wp\/v2\/posts\/17900\/revisions\/17902"}],"wp:featuredmedia":[{"embeddable":true,"href":"https:\/\/blogopara.com.br\/index.php\/wp-json\/wp\/v2\/media\/17901"}],"wp:attachment":[{"href":"https:\/\/blogopara.com.br\/index.php\/wp-json\/wp\/v2\/media?parent=17900"}],"wp:term":[{"taxonomy":"category","embeddable":true,"href":"https:\/\/blogopara.com.br\/index.php\/wp-json\/wp\/v2\/categories?post=17900"},{"taxonomy":"post_tag","embeddable":true,"href":"https:\/\/blogopara.com.br\/index.php\/wp-json\/wp\/v2\/tags?post=17900"}],"curies":[{"name":"wp","href":"https:\/\/api.w.org\/{rel}","templated":true}]}}