{"id":17999,"date":"2021-01-19T21:04:36","date_gmt":"2021-01-20T00:04:36","guid":{"rendered":"http:\/\/blogopara.com.br\/?p=17999"},"modified":"2021-01-20T08:04:59","modified_gmt":"2021-01-20T11:04:59","slug":"prefeitura-de-juazeiro-suspende-fiscalizacao-de-cartoes-da-zona-azul-vencidos-em-janeiro","status":"publish","type":"post","link":"https:\/\/blogopara.com.br\/index.php\/2021\/01\/19\/prefeitura-de-juazeiro-suspende-fiscalizacao-de-cartoes-da-zona-azul-vencidos-em-janeiro","title":{"rendered":"Prefeitura de Juazeiro suspende fiscaliza\u00e7\u00e3o de Cart\u00f5es da Zona Azul vencidos em janeiro"},"content":{"rendered":"\n<figure class=\"wp-block-gallery columns-0 is-cropped wp-block-gallery-1 is-layout-flex wp-block-gallery-is-layout-flex\"><ul class=\"blocks-gallery-grid\"><\/ul><\/figure>\n\n\n\n<p class=\"has-text-align-justify\">A Companhia de Seguran\u00e7a, Tr\u00e2nsito e Transporte (CSTT) de Juazeiro suspendeu a fiscaliza\u00e7\u00e3o dos cart\u00f5es de moradores do centro da cidade, que usam o servi\u00e7o Zona Azul, com vencimento no m\u00eas de janeiro de 2021. O motivo da suspens\u00e3o \u00e9 a impossibilidade tempor\u00e1ria de realiza\u00e7\u00e3o dos tr\u00e2mites burocr\u00e1ticos para gera\u00e7\u00e3o dos boletos e assinatura dos cart\u00f5es, devido a mudan\u00e7a de gest\u00e3o. A suspens\u00e3o \u00e9 v\u00e1lida at\u00e9 28 de mar\u00e7o, quando finaliza o contrato com a empresa que administra o servi\u00e7o de Zona Azul no munic\u00edpio.<\/p>\n\n\n\n<p class=\"has-text-align-justify\">Os moradores da referida \u00e1rea n\u00e3o precisam fazer nenhum procedimento, pois j\u00e1 est\u00e3o automaticamente inclusos na suspens\u00e3o tempor\u00e1ria da fiscaliza\u00e7\u00e3o. A empresa que administra o servi\u00e7o de Zona Azul frisou a necessidade de os moradores continuarem a utilizar o cart\u00e3o do m\u00eas janeiro, ainda que fora do prazo de validade, para que sejam identificados como integrantes do p\u00fablico da suspens\u00e3o.<\/p>\n\n\n\n<p class=\"has-text-align-justify\">O diretor-presidente da CSTT, Ten\u00f3rio Filho, tranquilizou a popula\u00e7\u00e3o quanto aos poss\u00edveis registros de multas na localidade. \u201cN\u00f3s j\u00e1 oficiamos a empresa respons\u00e1vel pela administra\u00e7\u00e3o do Zona Azul e a fiscaliza\u00e7\u00e3o j\u00e1 est\u00e1 suspensa para esses moradores. Quando iniciarmos o per\u00edodo de renova\u00e7\u00e3o dos cart\u00f5es, todos ser\u00e3o informados\u201d, destacou.<\/p>\n\n\n\n<p>Brena Souza- Assessora de Imprensa da CSTT<\/p>\n","protected":false},"excerpt":{"rendered":"<p>A Companhia de Seguran\u00e7a, Tr\u00e2nsito e Transporte (CSTT) de Juazeiro suspendeu a fiscaliza\u00e7\u00e3o dos cart\u00f5es de moradores do centro da cidade, que usam o servi\u00e7o Zona Azul, com vencimento no m\u00eas de janeiro de 2021. O motivo da suspens\u00e3o \u00e9 a impossibilidade tempor\u00e1ria de realiza\u00e7\u00e3o dos tr\u00e2mites burocr\u00e1ticos para gera\u00e7\u00e3o dos boletos e assinatura dos [&hellip;]<\/p>\n","protected":false},"author":1,"featured_media":18014,"comment_status":"open","ping_status":"open","sticky":false,"template":"","format":"standard","meta":{"_uag_custom_page_level_css":"","_monsterinsights_skip_tracking":false,"_monsterinsights_sitenote_active":false,"_monsterinsights_sitenote_note":"","_monsterinsights_sitenote_category":0,"jetpack_post_was_ever_published":false,"_jetpack_newsletter_access":"","_jetpack_dont_email_post_to_subs":false,"_jetpack_newsletter_tier_id":0,"_jetpack_memberships_contains_paywalled_content":false,"_jetpack_memberships_contains_paid_content":false,"footnotes":"","jetpack_publicize_message":"","jetpack_publicize_feature_enabled":true,"jetpack_social_post_already_shared":true,"jetpack_social_options":{"image_generator_settings":{"template":"highway","default_image_id":0,"font":"","enabled":false},"version":2}},"categories":[203],"tags":[],"class_list":["post-17999","post","type-post","status-publish","format-standard","has-post-thumbnail","hentry","category-juazeiro"],"jetpack_publicize_connections":[],"jetpack_featured_media_url":"https:\/\/blogopara.com.br\/wp-content\/uploads\/2021\/01\/zona-azul-2-1-1.jpg","uagb_featured_image_src":{"full":["https:\/\/blogopara.com.br\/wp-content\/uploads\/2021\/01\/zona-azul-2-1-1.jpg",500,332,false],"thumbnail":["https:\/\/blogopara.com.br\/wp-content\/uploads\/2021\/01\/zona-azul-2-1-1-150x150.jpg",150,150,true],"medium":["https:\/\/blogopara.com.br\/wp-content\/uploads\/2021\/01\/zona-azul-2-1-1-300x199.jpg",300,199,true],"medium_large":["https:\/\/blogopara.com.br\/wp-content\/uploads\/2021\/01\/zona-azul-2-1-1.jpg",500,332,false],"large":["https:\/\/blogopara.com.br\/wp-content\/uploads\/2021\/01\/zona-azul-2-1-1.jpg",500,332,false],"1536x1536":["https:\/\/blogopara.com.br\/wp-content\/uploads\/2021\/01\/zona-azul-2-1-1.jpg",500,332,false],"2048x2048":["https:\/\/blogopara.com.br\/wp-content\/uploads\/2021\/01\/zona-azul-2-1-1.jpg",500,332,false],"mantranews-slider-large":["https:\/\/blogopara.com.br\/wp-content\/uploads\/2021\/01\/zona-azul-2-1-1.jpg",500,332,false],"mantranews-featured-medium":["https:\/\/blogopara.com.br\/wp-content\/uploads\/2021\/01\/zona-azul-2-1-1-420x307.jpg",420,307,true],"mantranews-featured-long":["https:\/\/blogopara.com.br\/wp-content\/uploads\/2021\/01\/zona-azul-2-1-1-300x332.jpg",300,332,true],"mantranews-block-medium":["https:\/\/blogopara.com.br\/wp-content\/uploads\/2021\/01\/zona-azul-2-1-1-464x290.jpg",464,290,true],"mantranews-carousel-image":["https:\/\/blogopara.com.br\/wp-content\/uploads\/2021\/01\/zona-azul-2-1-1.jpg",500,332,false],"mantranews-block-thumb":["https:\/\/blogopara.com.br\/wp-content\/uploads\/2021\/01\/zona-azul-2-1-1-322x230.jpg",322,230,true],"mantranews-single-large":["https:\/\/blogopara.com.br\/wp-content\/uploads\/2021\/01\/zona-azul-2-1-1.jpg",500,332,false]},"uagb_author_info":{"display_name":"Reda\u00e7\u00e3o geral","author_link":"https:\/\/blogopara.com.br\/index.php\/author\/blogopara"},"uagb_comment_info":0,"uagb_excerpt":"A Companhia de Seguran\u00e7a, Tr\u00e2nsito e Transporte (CSTT) de Juazeiro suspendeu a fiscaliza\u00e7\u00e3o dos cart\u00f5es de moradores do centro da cidade, que usam o servi\u00e7o Zona Azul, com vencimento no m\u00eas de janeiro de 2021. O motivo da suspens\u00e3o \u00e9 a impossibilidade tempor\u00e1ria de realiza\u00e7\u00e3o dos tr\u00e2mites burocr\u00e1ticos para gera\u00e7\u00e3o dos boletos e assinatura dos&hellip;","jetpack_sharing_enabled":true,"jetpack_likes_enabled":true,"_links":{"self":[{"href":"https:\/\/blogopara.com.br\/index.php\/wp-json\/wp\/v2\/posts\/17999","targetHints":{"allow":["GET"]}}],"collection":[{"href":"https:\/\/blogopara.com.br\/index.php\/wp-json\/wp\/v2\/posts"}],"about":[{"href":"https:\/\/blogopara.com.br\/index.php\/wp-json\/wp\/v2\/types\/post"}],"author":[{"embeddable":true,"href":"https:\/\/blogopara.com.br\/index.php\/wp-json\/wp\/v2\/users\/1"}],"replies":[{"embeddable":true,"href":"https:\/\/blogopara.com.br\/index.php\/wp-json\/wp\/v2\/comments?post=17999"}],"version-history":[{"count":4,"href":"https:\/\/blogopara.com.br\/index.php\/wp-json\/wp\/v2\/posts\/17999\/revisions"}],"predecessor-version":[{"id":18017,"href":"https:\/\/blogopara.com.br\/index.php\/wp-json\/wp\/v2\/posts\/17999\/revisions\/18017"}],"wp:featuredmedia":[{"embeddable":true,"href":"https:\/\/blogopara.com.br\/index.php\/wp-json\/wp\/v2\/media\/18014"}],"wp:attachment":[{"href":"https:\/\/blogopara.com.br\/index.php\/wp-json\/wp\/v2\/media?parent=17999"}],"wp:term":[{"taxonomy":"category","embeddable":true,"href":"https:\/\/blogopara.com.br\/index.php\/wp-json\/wp\/v2\/categories?post=17999"},{"taxonomy":"post_tag","embeddable":true,"href":"https:\/\/blogopara.com.br\/index.php\/wp-json\/wp\/v2\/tags?post=17999"}],"curies":[{"name":"wp","href":"https:\/\/api.w.org\/{rel}","templated":true}]}}