{"id":18003,"date":"2021-01-19T21:24:06","date_gmt":"2021-01-20T00:24:06","guid":{"rendered":"http:\/\/blogopara.com.br\/?p=18003"},"modified":"2021-01-20T08:03:15","modified_gmt":"2021-01-20T11:03:15","slug":"secretario-fabio-vilas-boas-explica-razao-para-aplicacao-da-vacina-sem-luva","status":"publish","type":"post","link":"https:\/\/blogopara.com.br\/index.php\/2021\/01\/19\/secretario-fabio-vilas-boas-explica-razao-para-aplicacao-da-vacina-sem-luva","title":{"rendered":"Secret\u00e1rio F\u00e1bio Vilas-Boas explica raz\u00e3o para aplica\u00e7\u00e3o da vacina sem luva"},"content":{"rendered":"\n<p class=\"has-text-align-justify\">\u201cVacina chegou em conquista. Prefeitura postou v\u00eddeo com algu\u00e9m manuseando e abrindo a vacina sem luva e cheia de acess\u00f3rios na m\u00e3o e no bra\u00e7o\u201d, escreveu uma internauta. \u201cQue agonia ta me dando ver esse povo aplicando a vacina sem ao menos colocar uma luva, biosseguran\u00e7a ficou com Deus\u201d, publicou outra.&nbsp;<\/p>\n\n\n\n<p class=\"has-text-align-justify\">Entre os coment\u00e1rios de desaprova\u00e7\u00e3o, uma mulher twittou concordando com o procedimento. \u201cPior que t\u00e1 certo, primeiro que vacina intramuscular n\u00e3o tem contato com sangue, segundo que o protocolo \u00e9 aplicar sem luva e higienizar as m\u00e3os a cada aplica\u00e7\u00e3o, a luva \u00e9 praticamente in\u00fatil e no contexto atual n\u00e3o ta tendo muita oferta de luva por ai\u201d.&nbsp;&nbsp;<\/p>\n\n\n\n<p class=\"has-text-align-justify\">Com a propor\u00e7\u00e3o da pol\u00eamica, o Secret\u00e1rio da Sa\u00fade do Estado da Bahia, F\u00e1bio Vilas-Boas explicou atrav\u00e9s do seu perfil no Twitter que \u00e9 o \u201cprotocolo recomendado\u201d.<\/p>\n\n\n\n<p class=\"has-text-align-justify\">F\u00e1bio Vilas-Boas ainda compartilhou um registro explicativo do Conselho Regional de Enfermagem de S\u00e3o Paulo.&nbsp;<\/p>\n\n\n\n<figure class=\"wp-block-image size-large\"><img loading=\"lazy\" decoding=\"async\" width=\"473\" height=\"1024\" src=\"https:\/\/blogopara.com.br\/wp-content\/uploads\/2021\/01\/EsG47u8XEAA5XN9-473x1024.jpg\" alt=\"\" class=\"wp-image-18006\" srcset=\"https:\/\/blogopara.com.br\/wp-content\/uploads\/2021\/01\/EsG47u8XEAA5XN9-473x1024.jpg 473w, https:\/\/blogopara.com.br\/wp-content\/uploads\/2021\/01\/EsG47u8XEAA5XN9-139x300.jpg 139w, https:\/\/blogopara.com.br\/wp-content\/uploads\/2021\/01\/EsG47u8XEAA5XN9-768x1663.jpg 768w, https:\/\/blogopara.com.br\/wp-content\/uploads\/2021\/01\/EsG47u8XEAA5XN9-710x1536.jpg 710w, https:\/\/blogopara.com.br\/wp-content\/uploads\/2021\/01\/EsG47u8XEAA5XN9.jpg 946w\" sizes=\"auto, (max-width: 473px) 100vw, 473px\" \/><\/figure>\n\n\n\n<p>Fonte: iBahia<\/p>\n","protected":false},"excerpt":{"rendered":"<p>\u201cVacina chegou em conquista. Prefeitura postou v\u00eddeo com algu\u00e9m manuseando e abrindo a vacina sem luva e cheia de acess\u00f3rios na m\u00e3o e no bra\u00e7o\u201d, escreveu uma internauta. \u201cQue agonia ta me dando ver esse povo aplicando a vacina sem ao menos colocar uma luva, biosseguran\u00e7a ficou com Deus\u201d, publicou outra.&nbsp; Entre os coment\u00e1rios de [&hellip;]<\/p>\n","protected":false},"author":1,"featured_media":18011,"comment_status":"open","ping_status":"open","sticky":false,"template":"","format":"standard","meta":{"_uag_custom_page_level_css":"","_monsterinsights_skip_tracking":false,"_monsterinsights_sitenote_active":false,"_monsterinsights_sitenote_note":"","_monsterinsights_sitenote_category":0,"jetpack_post_was_ever_published":false,"_jetpack_newsletter_access":"","_jetpack_dont_email_post_to_subs":false,"_jetpack_newsletter_tier_id":0,"_jetpack_memberships_contains_paywalled_content":false,"_jetpack_memberships_contains_paid_content":false,"footnotes":"","jetpack_publicize_message":"","jetpack_publicize_feature_enabled":true,"jetpack_social_post_already_shared":true,"jetpack_social_options":{"image_generator_settings":{"template":"highway","default_image_id":0,"font":"","enabled":false},"version":2}},"categories":[203],"tags":[],"class_list":["post-18003","post","type-post","status-publish","format-standard","has-post-thumbnail","hentry","category-juazeiro"],"jetpack_publicize_connections":[],"jetpack_featured_media_url":"https:\/\/blogopara.com.br\/wp-content\/uploads\/2021\/01\/vacina2-1.jpg","uagb_featured_image_src":{"full":["https:\/\/blogopara.com.br\/wp-content\/uploads\/2021\/01\/vacina2-1.jpg",500,419,false],"thumbnail":["https:\/\/blogopara.com.br\/wp-content\/uploads\/2021\/01\/vacina2-1-150x150.jpg",150,150,true],"medium":["https:\/\/blogopara.com.br\/wp-content\/uploads\/2021\/01\/vacina2-1-300x251.jpg",300,251,true],"medium_large":["https:\/\/blogopara.com.br\/wp-content\/uploads\/2021\/01\/vacina2-1.jpg",500,419,false],"large":["https:\/\/blogopara.com.br\/wp-content\/uploads\/2021\/01\/vacina2-1.jpg",500,419,false],"1536x1536":["https:\/\/blogopara.com.br\/wp-content\/uploads\/2021\/01\/vacina2-1.jpg",500,419,false],"2048x2048":["https:\/\/blogopara.com.br\/wp-content\/uploads\/2021\/01\/vacina2-1.jpg",500,419,false],"mantranews-slider-large":["https:\/\/blogopara.com.br\/wp-content\/uploads\/2021\/01\/vacina2-1.jpg",500,419,false],"mantranews-featured-medium":["https:\/\/blogopara.com.br\/wp-content\/uploads\/2021\/01\/vacina2-1-420x307.jpg",420,307,true],"mantranews-featured-long":["https:\/\/blogopara.com.br\/wp-content\/uploads\/2021\/01\/vacina2-1-300x419.jpg",300,419,true],"mantranews-block-medium":["https:\/\/blogopara.com.br\/wp-content\/uploads\/2021\/01\/vacina2-1-464x290.jpg",464,290,true],"mantranews-carousel-image":["https:\/\/blogopara.com.br\/wp-content\/uploads\/2021\/01\/vacina2-1.jpg",500,419,false],"mantranews-block-thumb":["https:\/\/blogopara.com.br\/wp-content\/uploads\/2021\/01\/vacina2-1-322x230.jpg",322,230,true],"mantranews-single-large":["https:\/\/blogopara.com.br\/wp-content\/uploads\/2021\/01\/vacina2-1.jpg",500,419,false]},"uagb_author_info":{"display_name":"Reda\u00e7\u00e3o geral","author_link":"https:\/\/blogopara.com.br\/index.php\/author\/blogopara"},"uagb_comment_info":0,"uagb_excerpt":"\u201cVacina chegou em conquista. Prefeitura postou v\u00eddeo com algu\u00e9m manuseando e abrindo a vacina sem luva e cheia de acess\u00f3rios na m\u00e3o e no bra\u00e7o\u201d, escreveu uma internauta. \u201cQue agonia ta me dando ver esse povo aplicando a vacina sem ao menos colocar uma luva, biosseguran\u00e7a ficou com Deus\u201d, publicou outra.&nbsp; Entre os coment\u00e1rios de&hellip;","jetpack_sharing_enabled":true,"jetpack_likes_enabled":true,"_links":{"self":[{"href":"https:\/\/blogopara.com.br\/index.php\/wp-json\/wp\/v2\/posts\/18003","targetHints":{"allow":["GET"]}}],"collection":[{"href":"https:\/\/blogopara.com.br\/index.php\/wp-json\/wp\/v2\/posts"}],"about":[{"href":"https:\/\/blogopara.com.br\/index.php\/wp-json\/wp\/v2\/types\/post"}],"author":[{"embeddable":true,"href":"https:\/\/blogopara.com.br\/index.php\/wp-json\/wp\/v2\/users\/1"}],"replies":[{"embeddable":true,"href":"https:\/\/blogopara.com.br\/index.php\/wp-json\/wp\/v2\/comments?post=18003"}],"version-history":[{"count":3,"href":"https:\/\/blogopara.com.br\/index.php\/wp-json\/wp\/v2\/posts\/18003\/revisions"}],"predecessor-version":[{"id":18013,"href":"https:\/\/blogopara.com.br\/index.php\/wp-json\/wp\/v2\/posts\/18003\/revisions\/18013"}],"wp:featuredmedia":[{"embeddable":true,"href":"https:\/\/blogopara.com.br\/index.php\/wp-json\/wp\/v2\/media\/18011"}],"wp:attachment":[{"href":"https:\/\/blogopara.com.br\/index.php\/wp-json\/wp\/v2\/media?parent=18003"}],"wp:term":[{"taxonomy":"category","embeddable":true,"href":"https:\/\/blogopara.com.br\/index.php\/wp-json\/wp\/v2\/categories?post=18003"},{"taxonomy":"post_tag","embeddable":true,"href":"https:\/\/blogopara.com.br\/index.php\/wp-json\/wp\/v2\/tags?post=18003"}],"curies":[{"name":"wp","href":"https:\/\/api.w.org\/{rel}","templated":true}]}}