{"id":18018,"date":"2021-01-20T08:52:10","date_gmt":"2021-01-20T11:52:10","guid":{"rendered":"http:\/\/blogopara.com.br\/?p=18018"},"modified":"2021-01-20T08:59:07","modified_gmt":"2021-01-20T11:59:07","slug":"juazeiro-pagar-ao-flanelinha-ou-a-empresa-do-zona-azul-indaga-o-cidadao","status":"publish","type":"post","link":"https:\/\/blogopara.com.br\/index.php\/2021\/01\/20\/juazeiro-pagar-ao-flanelinha-ou-a-empresa-do-zona-azul-indaga-o-cidadao","title":{"rendered":"Juazeiro: &#8220;Pagar ao &#8216;flanelinha&#8217; ou a empresa do Zona Azul&#8221;? indaga o cidad\u00e3o"},"content":{"rendered":"<p style=\"text-align: justify;\">Um cidad\u00e3o juazeirense que n\u00e3o quis se identificar, nos enviou um e-mail indignado com a situa\u00e7\u00e3o que viveu no in\u00edcio do m\u00eas ao estacionar a sua moto nas proximidades do Est\u00e1dio Adauto Moraes.<\/p>\n<p style=\"text-align: justify;\">Segundo o cidad\u00e3o, uma funcion\u00e1ria da Sinal Park, a empresa que administra o Zona Azul em Juazeiro notificou a sua moto, quanto ele foi pagar a mesma disse que pagasse ao &#8220;flanelinha&#8221;, pois o valor da notifica\u00e7\u00e3o teria sido pago pelo mesmo.<\/p>\n<p>\u00a0<img loading=\"lazy\" decoding=\"async\" class=\"alignnone size-medium wp-image-18027\" src=\"https:\/\/blogopara.com.br\/wp-content\/uploads\/2021\/01\/WhatsApp-Image-2021-01-06-at-12.16.12-1-225x300.jpeg\" alt=\"\" width=\"225\" height=\"300\" srcset=\"https:\/\/blogopara.com.br\/wp-content\/uploads\/2021\/01\/WhatsApp-Image-2021-01-06-at-12.16.12-1-225x300.jpeg 225w, https:\/\/blogopara.com.br\/wp-content\/uploads\/2021\/01\/WhatsApp-Image-2021-01-06-at-12.16.12-1.jpeg 500w\" sizes=\"auto, (max-width: 225px) 100vw, 225px\" \/><\/p>\n<p style=\"text-align: justify;\">Ao tentar pagar a notifica\u00e7\u00e3o que ainda estava dentro do prazo, o &#8220;flanelinha&#8217; exigiu um valor maior do que aquele que constava na notifica\u00e7\u00e3o. O cidad\u00e3o era obrigado a pagar o valor?<\/p>\n<p style=\"text-align: justify;\">N\u00e3o! O cidad\u00e3o que estacionar o carro em local p\u00fablico n\u00e3o est\u00e1 obrigado a pagar a terceiros o valor, pois tem o direito de aceitar ou n\u00e3o a atividade oferecida. Assim como a empresa, n\u00e3o deve aceitar que terceiros mal intencionados efetuem o pagamento das notifica\u00e7\u00f5es.<\/p>\n<p style=\"text-align: justify;\">O \u201cflanelinha\u201d se recusou a receber o valor da notifica\u00e7\u00e3o, constrangeu e amea\u00e7ou e tentou utiliza-se at\u00e9 mesmo de viol\u00eancia contra o ve\u00edculo do cidad\u00e3o.<\/p>\n<p>Embora exista uma lei que regulamenta a atividade dos &#8220;flanelinhas&#8221;, caso haja o constrangimento para algu\u00e9m pagar para estacionar o ve\u00edculo na via p\u00fablica, a depender das circunst\u00e2ncias, \u00e9 poss\u00edvel a imputa\u00e7\u00e3o do crime de extors\u00e3o.<\/p>\n<p style=\"text-align: justify;\">Urge o munic\u00edpio cadastrar os profissionais que trabalham como guardadores de ve\u00edculos, como acontece em outras cidades.<\/p>\n<p style=\"text-align: justify;\">\n","protected":false},"excerpt":{"rendered":"<p>Um cidad\u00e3o juazeirense que n\u00e3o quis se identificar, nos enviou um e-mail indignado com a situa\u00e7\u00e3o que viveu no in\u00edcio do m\u00eas ao estacionar a sua moto nas proximidades do Est\u00e1dio Adauto Moraes. Segundo o cidad\u00e3o, uma funcion\u00e1ria da Sinal Park, a empresa que administra o Zona Azul em Juazeiro notificou a sua moto, quanto [&hellip;]<\/p>\n","protected":false},"author":1,"featured_media":18025,"comment_status":"open","ping_status":"open","sticky":false,"template":"","format":"standard","meta":{"_uag_custom_page_level_css":"","_monsterinsights_skip_tracking":false,"_monsterinsights_sitenote_active":false,"_monsterinsights_sitenote_note":"","_monsterinsights_sitenote_category":0,"jetpack_post_was_ever_published":false,"_jetpack_newsletter_access":"","_jetpack_dont_email_post_to_subs":false,"_jetpack_newsletter_tier_id":0,"_jetpack_memberships_contains_paywalled_content":false,"_jetpack_memberships_contains_paid_content":false,"footnotes":"","jetpack_publicize_message":"","jetpack_publicize_feature_enabled":true,"jetpack_social_post_already_shared":true,"jetpack_social_options":{"image_generator_settings":{"template":"highway","default_image_id":0,"font":"","enabled":false},"version":2}},"categories":[203,204],"tags":[],"class_list":["post-18018","post","type-post","status-publish","format-standard","has-post-thumbnail","hentry","category-juazeiro","category-social"],"jetpack_publicize_connections":[],"jetpack_featured_media_url":"https:\/\/blogopara.com.br\/wp-content\/uploads\/2021\/01\/flanelinha-533x300-1.jpg","uagb_featured_image_src":{"full":["https:\/\/blogopara.com.br\/wp-content\/uploads\/2021\/01\/flanelinha-533x300-1.jpg",500,281,false],"thumbnail":["https:\/\/blogopara.com.br\/wp-content\/uploads\/2021\/01\/flanelinha-533x300-1-150x150.jpg",150,150,true],"medium":["https:\/\/blogopara.com.br\/wp-content\/uploads\/2021\/01\/flanelinha-533x300-1-300x169.jpg",300,169,true],"medium_large":["https:\/\/blogopara.com.br\/wp-content\/uploads\/2021\/01\/flanelinha-533x300-1.jpg",500,281,false],"large":["https:\/\/blogopara.com.br\/wp-content\/uploads\/2021\/01\/flanelinha-533x300-1.jpg",500,281,false],"1536x1536":["https:\/\/blogopara.com.br\/wp-content\/uploads\/2021\/01\/flanelinha-533x300-1.jpg",500,281,false],"2048x2048":["https:\/\/blogopara.com.br\/wp-content\/uploads\/2021\/01\/flanelinha-533x300-1.jpg",500,281,false],"mantranews-slider-large":["https:\/\/blogopara.com.br\/wp-content\/uploads\/2021\/01\/flanelinha-533x300-1.jpg",500,281,false],"mantranews-featured-medium":["https:\/\/blogopara.com.br\/wp-content\/uploads\/2021\/01\/flanelinha-533x300-1-420x281.jpg",420,281,true],"mantranews-featured-long":["https:\/\/blogopara.com.br\/wp-content\/uploads\/2021\/01\/flanelinha-533x300-1-300x281.jpg",300,281,true],"mantranews-block-medium":["https:\/\/blogopara.com.br\/wp-content\/uploads\/2021\/01\/flanelinha-533x300-1-464x281.jpg",464,281,true],"mantranews-carousel-image":["https:\/\/blogopara.com.br\/wp-content\/uploads\/2021\/01\/flanelinha-533x300-1.jpg",500,281,false],"mantranews-block-thumb":["https:\/\/blogopara.com.br\/wp-content\/uploads\/2021\/01\/flanelinha-533x300-1-322x230.jpg",322,230,true],"mantranews-single-large":["https:\/\/blogopara.com.br\/wp-content\/uploads\/2021\/01\/flanelinha-533x300-1.jpg",500,281,false]},"uagb_author_info":{"display_name":"Reda\u00e7\u00e3o geral","author_link":"https:\/\/blogopara.com.br\/index.php\/author\/blogopara"},"uagb_comment_info":1,"uagb_excerpt":"Um cidad\u00e3o juazeirense que n\u00e3o quis se identificar, nos enviou um e-mail indignado com a situa\u00e7\u00e3o que viveu no in\u00edcio do m\u00eas ao estacionar a sua moto nas proximidades do Est\u00e1dio Adauto Moraes. Segundo o cidad\u00e3o, uma funcion\u00e1ria da Sinal Park, a empresa que administra o Zona Azul em Juazeiro notificou a sua moto, quanto&hellip;","jetpack_sharing_enabled":true,"jetpack_likes_enabled":true,"_links":{"self":[{"href":"https:\/\/blogopara.com.br\/index.php\/wp-json\/wp\/v2\/posts\/18018","targetHints":{"allow":["GET"]}}],"collection":[{"href":"https:\/\/blogopara.com.br\/index.php\/wp-json\/wp\/v2\/posts"}],"about":[{"href":"https:\/\/blogopara.com.br\/index.php\/wp-json\/wp\/v2\/types\/post"}],"author":[{"embeddable":true,"href":"https:\/\/blogopara.com.br\/index.php\/wp-json\/wp\/v2\/users\/1"}],"replies":[{"embeddable":true,"href":"https:\/\/blogopara.com.br\/index.php\/wp-json\/wp\/v2\/comments?post=18018"}],"version-history":[{"count":1,"href":"https:\/\/blogopara.com.br\/index.php\/wp-json\/wp\/v2\/posts\/18018\/revisions"}],"predecessor-version":[{"id":18028,"href":"https:\/\/blogopara.com.br\/index.php\/wp-json\/wp\/v2\/posts\/18018\/revisions\/18028"}],"wp:featuredmedia":[{"embeddable":true,"href":"https:\/\/blogopara.com.br\/index.php\/wp-json\/wp\/v2\/media\/18025"}],"wp:attachment":[{"href":"https:\/\/blogopara.com.br\/index.php\/wp-json\/wp\/v2\/media?parent=18018"}],"wp:term":[{"taxonomy":"category","embeddable":true,"href":"https:\/\/blogopara.com.br\/index.php\/wp-json\/wp\/v2\/categories?post=18018"},{"taxonomy":"post_tag","embeddable":true,"href":"https:\/\/blogopara.com.br\/index.php\/wp-json\/wp\/v2\/tags?post=18018"}],"curies":[{"name":"wp","href":"https:\/\/api.w.org\/{rel}","templated":true}]}}