{"id":1802,"date":"2019-07-20T15:49:11","date_gmt":"2019-07-20T18:49:11","guid":{"rendered":"http:\/\/blogopara.com.br\/?p=1802"},"modified":"2019-07-20T15:50:23","modified_gmt":"2019-07-20T18:50:23","slug":"com-dois-a-mais-vasco-vira-o-jogo-sobre-o-fluminense-e-deixa-tricolor-a-beira-do-z-4","status":"publish","type":"post","link":"https:\/\/blogopara.com.br\/index.php\/2019\/07\/20\/com-dois-a-mais-vasco-vira-o-jogo-sobre-o-fluminense-e-deixa-tricolor-a-beira-do-z-4","title":{"rendered":"Com dois a mais, Vasco vira o jogo sobre o Fluminense e deixa Tricolor \u00e0 beira do Z-4"},"content":{"rendered":"<p style=\"text-align: justify;\">O Vasco fez valer o canto e o empurr\u00e3o de sua torcida em um S\u00e3o Janu\u00e1rio lotado na manh\u00e3 deste s\u00e1bado. Com um gol de Leandro Castan e um gola\u00e7o de Bruno C\u00e9sar, o Cruz-Maltino virou para cima do Fluminense, que saiu na frente com Pedro, mas virou presa f\u00e1cil com dois zagueiros expulsos: Dig\u00e3o e Frazan. Sem nada a ver com isso, o time de Luxemburgo venceu o cl\u00e1ssico carioca da abertura da 11\u00aa rodada do Campeonato Brasileiro, passou o pr\u00f3prio Tricolor na tabela e abriu tr\u00eas pontos de dist\u00e2ncia da zona de rebaixamento.<\/p>\n<p style=\"text-align: justify;\"><strong class=\"lance-posjogo__item__titulo\">Agenda<\/strong><\/p>\n<div id=\"7110f8ab-77c4-46ac-b144-9378a349e4fd\" class=\"backstage-component\" style=\"text-align: justify;\">\n<p>Na pr\u00f3xima rodada, o Vasco visita o l\u00edder Palmeiras no s\u00e1bado que vem, \u00e0s 17h (de Bras\u00edlia), na Arena Palmeiras. No mesmo dia, o Fluminense receber\u00e1 o S\u00e3o Paulo \u00e0s 19h no Maracan\u00e3. Antes, por\u00e9m, o Tricolor volta a campo ter\u00e7a-feira pela Copa Sul-Americana. O time de Fernando Diniz vai at\u00e9 Montevid\u00e9u, no Uruguai, enfrentar o Pe\u00f1arol \u00e0s 21h30 (de Bras\u00edlia), no Est\u00e1dio Campe\u00f3n del Siglo.<\/p>\n<pre>Fonte: Globo Esporte<\/pre>\n<\/div>\n","protected":false},"excerpt":{"rendered":"<p>Com gols de Castan e Bruno C\u00e9sar, Cruz-Maltino faz 2 a 1 sobre o rival, que teve dois zagueiros expulsos, n\u00e3o vence h\u00e1 oito partidas e segue mal nos cl\u00e1ssicos e no Brasileir\u00e3o em 2019<\/p>\n","protected":false},"author":1,"featured_media":1805,"comment_status":"open","ping_status":"open","sticky":false,"template":"","format":"standard","meta":{"_uag_custom_page_level_css":"","_monsterinsights_skip_tracking":false,"_monsterinsights_sitenote_active":false,"_monsterinsights_sitenote_note":"","_monsterinsights_sitenote_category":0,"jetpack_post_was_ever_published":false,"_jetpack_newsletter_access":"","_jetpack_dont_email_post_to_subs":false,"_jetpack_newsletter_tier_id":0,"_jetpack_memberships_contains_paywalled_content":false,"_jetpack_memberships_contains_paid_content":false,"footnotes":"","jetpack_publicize_message":"","jetpack_publicize_feature_enabled":true,"jetpack_social_post_already_shared":true,"jetpack_social_options":{"image_generator_settings":{"template":"highway","default_image_id":0,"font":"","enabled":false},"version":2}},"categories":[200],"tags":[14,35],"class_list":["post-1802","post","type-post","status-publish","format-standard","has-post-thumbnail","hentry","category-brasil","tag-brasil","tag-futebol"],"jetpack_publicize_connections":[],"jetpack_featured_media_url":"https:\/\/blogopara.com.br\/wp-content\/uploads\/2019\/07\/leandro-castan-comemora-gol-do-vasco-contra-o-fluminense-1563637796686_v2_1920x1280.jpg","uagb_featured_image_src":{"full":["https:\/\/blogopara.com.br\/wp-content\/uploads\/2019\/07\/leandro-castan-comemora-gol-do-vasco-contra-o-fluminense-1563637796686_v2_1920x1280.jpg",1920,1280,false],"thumbnail":["https:\/\/blogopara.com.br\/wp-content\/uploads\/2019\/07\/leandro-castan-comemora-gol-do-vasco-contra-o-fluminense-1563637796686_v2_1920x1280-150x150.jpg",150,150,true],"medium":["https:\/\/blogopara.com.br\/wp-content\/uploads\/2019\/07\/leandro-castan-comemora-gol-do-vasco-contra-o-fluminense-1563637796686_v2_1920x1280-300x200.jpg",300,200,true],"medium_large":["https:\/\/blogopara.com.br\/wp-content\/uploads\/2019\/07\/leandro-castan-comemora-gol-do-vasco-contra-o-fluminense-1563637796686_v2_1920x1280-768x512.jpg",640,427,true],"large":["https:\/\/blogopara.com.br\/wp-content\/uploads\/2019\/07\/leandro-castan-comemora-gol-do-vasco-contra-o-fluminense-1563637796686_v2_1920x1280-1024x683.jpg",640,427,true],"1536x1536":["https:\/\/blogopara.com.br\/wp-content\/uploads\/2019\/07\/leandro-castan-comemora-gol-do-vasco-contra-o-fluminense-1563637796686_v2_1920x1280.jpg",1536,1024,false],"2048x2048":["https:\/\/blogopara.com.br\/wp-content\/uploads\/2019\/07\/leandro-castan-comemora-gol-do-vasco-contra-o-fluminense-1563637796686_v2_1920x1280.jpg",1920,1280,false],"mantranews-slider-large":["https:\/\/blogopara.com.br\/wp-content\/uploads\/2019\/07\/leandro-castan-comemora-gol-do-vasco-contra-o-fluminense-1563637796686_v2_1920x1280.jpg",1020,680,false],"mantranews-featured-medium":["https:\/\/blogopara.com.br\/wp-content\/uploads\/2019\/07\/leandro-castan-comemora-gol-do-vasco-contra-o-fluminense-1563637796686_v2_1920x1280.jpg",420,280,false],"mantranews-featured-long":["https:\/\/blogopara.com.br\/wp-content\/uploads\/2019\/07\/leandro-castan-comemora-gol-do-vasco-contra-o-fluminense-1563637796686_v2_1920x1280.jpg",300,200,false],"mantranews-block-medium":["https:\/\/blogopara.com.br\/wp-content\/uploads\/2019\/07\/leandro-castan-comemora-gol-do-vasco-contra-o-fluminense-1563637796686_v2_1920x1280.jpg",435,290,false],"mantranews-carousel-image":["https:\/\/blogopara.com.br\/wp-content\/uploads\/2019\/07\/leandro-castan-comemora-gol-do-vasco-contra-o-fluminense-1563637796686_v2_1920x1280.jpg",600,400,false],"mantranews-block-thumb":["https:\/\/blogopara.com.br\/wp-content\/uploads\/2019\/07\/leandro-castan-comemora-gol-do-vasco-contra-o-fluminense-1563637796686_v2_1920x1280.jpg",322,215,false],"mantranews-single-large":["https:\/\/blogopara.com.br\/wp-content\/uploads\/2019\/07\/leandro-castan-comemora-gol-do-vasco-contra-o-fluminense-1563637796686_v2_1920x1280.jpg",963,642,false]},"uagb_author_info":{"display_name":"Reda\u00e7\u00e3o geral","author_link":"https:\/\/blogopara.com.br\/index.php\/author\/blogopara"},"uagb_comment_info":0,"uagb_excerpt":"Com gols de Castan e Bruno C\u00e9sar, Cruz-Maltino faz 2 a 1 sobre o rival, que teve dois zagueiros expulsos, n\u00e3o vence h\u00e1 oito partidas e segue mal nos cl\u00e1ssicos e no Brasileir\u00e3o em 2019","jetpack_sharing_enabled":true,"jetpack_likes_enabled":true,"_links":{"self":[{"href":"https:\/\/blogopara.com.br\/index.php\/wp-json\/wp\/v2\/posts\/1802","targetHints":{"allow":["GET"]}}],"collection":[{"href":"https:\/\/blogopara.com.br\/index.php\/wp-json\/wp\/v2\/posts"}],"about":[{"href":"https:\/\/blogopara.com.br\/index.php\/wp-json\/wp\/v2\/types\/post"}],"author":[{"embeddable":true,"href":"https:\/\/blogopara.com.br\/index.php\/wp-json\/wp\/v2\/users\/1"}],"replies":[{"embeddable":true,"href":"https:\/\/blogopara.com.br\/index.php\/wp-json\/wp\/v2\/comments?post=1802"}],"version-history":[{"count":2,"href":"https:\/\/blogopara.com.br\/index.php\/wp-json\/wp\/v2\/posts\/1802\/revisions"}],"predecessor-version":[{"id":1806,"href":"https:\/\/blogopara.com.br\/index.php\/wp-json\/wp\/v2\/posts\/1802\/revisions\/1806"}],"wp:featuredmedia":[{"embeddable":true,"href":"https:\/\/blogopara.com.br\/index.php\/wp-json\/wp\/v2\/media\/1805"}],"wp:attachment":[{"href":"https:\/\/blogopara.com.br\/index.php\/wp-json\/wp\/v2\/media?parent=1802"}],"wp:term":[{"taxonomy":"category","embeddable":true,"href":"https:\/\/blogopara.com.br\/index.php\/wp-json\/wp\/v2\/categories?post=1802"},{"taxonomy":"post_tag","embeddable":true,"href":"https:\/\/blogopara.com.br\/index.php\/wp-json\/wp\/v2\/tags?post=1802"}],"curies":[{"name":"wp","href":"https:\/\/api.w.org\/{rel}","templated":true}]}}