{"id":18030,"date":"2021-01-20T09:02:22","date_gmt":"2021-01-20T12:02:22","guid":{"rendered":"http:\/\/blogopara.com.br\/?p=18030"},"modified":"2021-01-20T09:02:27","modified_gmt":"2021-01-20T12:02:27","slug":"vacinas-contra-a-covid-19-chegam-a-todos-os-estados-do-pais","status":"publish","type":"post","link":"https:\/\/blogopara.com.br\/index.php\/2021\/01\/20\/vacinas-contra-a-covid-19-chegam-a-todos-os-estados-do-pais","title":{"rendered":"Vacinas contra a Covid-19 chegam a todos os estados do Pa\u00eds"},"content":{"rendered":"\n<p>Nesta ter\u00e7a-feira (19) todos os Estados brasileiros receberam as 6 milh\u00f5es de doses da fase 1, que vai atender mais de 2,8 milh\u00f5es de pessoas. O Governo Federal deu in\u00edcio, nessa segunda-feira (18), \u00e0 campanha de vacina\u00e7\u00e3o contra a Covid-19 no Brasil. O ministro da Sa\u00fade, Eduardo Pazuello, e governadores acompanharam a sa\u00edda das primeiras vacinas em avi\u00f5es da For\u00e7a A\u00e9rea Brasileira (FAB).<\/p>\n\n\n\n<p><em>Com informa\u00e7\u00f5es do Minist\u00e9rio da Sa\u00fade<\/em><\/p>\n\n\n\n<p>A distribui\u00e7\u00e3o das doses ocorreu de forma proporcional a popula\u00e7\u00e3o de cada unidade da federa\u00e7\u00e3o e de maneira simult\u00e2nea. A vacina\u00e7\u00e3o ter\u00e1 in\u00edcio pelos grupos priorit\u00e1rios da chamada fase 1: trabalhadores de sa\u00fade, pessoas de 60 anos ou mais institucionalizadas, pessoas com defici\u00eancia institucionalizadas e popula\u00e7\u00e3o ind\u00edgena aldeada.<\/p>\n\n\n\n<p>\u201cEst\u00e1 dado o primeiro passo para a maior campanha de vacina\u00e7\u00e3o do mundo. O Brasil \u00e9 refer\u00eancia em vacinas no mundo e vai continuar sendo&#8221;, afirmou Pazuello.<\/p>\n\n\n\n<p>O ministro tamb\u00e9m refor\u00e7ou o pedido para que a popula\u00e7\u00e3o continue tomando medidas preventivas para evitar a dissemina\u00e7\u00e3o do coronav\u00edrus, mesmo com o in\u00edcio da imuniza\u00e7\u00e3o: \u201cA vacina n\u00e3o determina o fim das medidas preventivas. Temos que continuar usando m\u00e1scara, tomando as medidas de preven\u00e7\u00e3o e distanciamento social. Continuaremos vivendo dessa forma at\u00e9 termos a pandemia controlada\u201d, ressaltou.<\/p>\n\n\n\n<p><strong>N\u00fameros<\/strong><\/p>\n\n\n\n<p><strong>N\u00famero de pessoas a serem vacinadas em cada regi\u00e3o neste primeiro momento:<\/strong><br>Norte: 337.332<br>Nordeste: 683.924<br>Sudeste: 1.202.090<br>Sul: 357.821<br>Centro-Oeste: 273.393<\/p>\n\n\n\n<p><strong>Quantidade de doses que est\u00e3o enviadas para cada regi\u00e3o:<\/strong><br>Norte: 708.440<br>Nordeste: 1.436.160<br>Sudeste: 2.524.360<br>Sul: 751.440<br>Centro-Oeste: 574.160<\/p>\n\n\n\n<p><\/p>\n","protected":false},"excerpt":{"rendered":"<p>Nesta ter\u00e7a-feira (19) todos os Estados brasileiros receberam as 6 milh\u00f5es de doses da fase 1, que vai atender mais de 2,8 milh\u00f5es de pessoas. O Governo Federal deu in\u00edcio, nessa segunda-feira (18), \u00e0 campanha de vacina\u00e7\u00e3o contra a Covid-19 no Brasil. O ministro da Sa\u00fade, Eduardo Pazuello, e governadores acompanharam a sa\u00edda das primeiras [&hellip;]<\/p>\n","protected":false},"author":1,"featured_media":18033,"comment_status":"open","ping_status":"open","sticky":false,"template":"","format":"standard","meta":{"_uag_custom_page_level_css":"","_monsterinsights_skip_tracking":false,"_monsterinsights_sitenote_active":false,"_monsterinsights_sitenote_note":"","_monsterinsights_sitenote_category":0,"jetpack_post_was_ever_published":false,"_jetpack_newsletter_access":"","_jetpack_dont_email_post_to_subs":false,"_jetpack_newsletter_tier_id":0,"_jetpack_memberships_contains_paywalled_content":false,"_jetpack_memberships_contains_paid_content":false,"footnotes":"","jetpack_publicize_message":"","jetpack_publicize_feature_enabled":true,"jetpack_social_post_already_shared":true,"jetpack_social_options":{"image_generator_settings":{"template":"highway","default_image_id":0,"font":"","enabled":false},"version":2}},"categories":[200,205],"tags":[],"class_list":["post-18030","post","type-post","status-publish","format-standard","has-post-thumbnail","hentry","category-brasil","category-saude"],"jetpack_publicize_connections":[],"jetpack_featured_media_url":"https:\/\/blogopara.com.br\/wp-content\/uploads\/2021\/01\/dosesnopais1.jpg","uagb_featured_image_src":{"full":["https:\/\/blogopara.com.br\/wp-content\/uploads\/2021\/01\/dosesnopais1.jpg",500,290,false],"thumbnail":["https:\/\/blogopara.com.br\/wp-content\/uploads\/2021\/01\/dosesnopais1-150x150.jpg",150,150,true],"medium":["https:\/\/blogopara.com.br\/wp-content\/uploads\/2021\/01\/dosesnopais1-300x174.jpg",300,174,true],"medium_large":["https:\/\/blogopara.com.br\/wp-content\/uploads\/2021\/01\/dosesnopais1.jpg",500,290,false],"large":["https:\/\/blogopara.com.br\/wp-content\/uploads\/2021\/01\/dosesnopais1.jpg",500,290,false],"1536x1536":["https:\/\/blogopara.com.br\/wp-content\/uploads\/2021\/01\/dosesnopais1.jpg",500,290,false],"2048x2048":["https:\/\/blogopara.com.br\/wp-content\/uploads\/2021\/01\/dosesnopais1.jpg",500,290,false],"mantranews-slider-large":["https:\/\/blogopara.com.br\/wp-content\/uploads\/2021\/01\/dosesnopais1.jpg",500,290,false],"mantranews-featured-medium":["https:\/\/blogopara.com.br\/wp-content\/uploads\/2021\/01\/dosesnopais1-420x290.jpg",420,290,true],"mantranews-featured-long":["https:\/\/blogopara.com.br\/wp-content\/uploads\/2021\/01\/dosesnopais1-300x290.jpg",300,290,true],"mantranews-block-medium":["https:\/\/blogopara.com.br\/wp-content\/uploads\/2021\/01\/dosesnopais1-464x290.jpg",464,290,true],"mantranews-carousel-image":["https:\/\/blogopara.com.br\/wp-content\/uploads\/2021\/01\/dosesnopais1.jpg",500,290,false],"mantranews-block-thumb":["https:\/\/blogopara.com.br\/wp-content\/uploads\/2021\/01\/dosesnopais1-322x230.jpg",322,230,true],"mantranews-single-large":["https:\/\/blogopara.com.br\/wp-content\/uploads\/2021\/01\/dosesnopais1.jpg",500,290,false]},"uagb_author_info":{"display_name":"Reda\u00e7\u00e3o geral","author_link":"https:\/\/blogopara.com.br\/index.php\/author\/blogopara"},"uagb_comment_info":0,"uagb_excerpt":"Nesta ter\u00e7a-feira (19) todos os Estados brasileiros receberam as 6 milh\u00f5es de doses da fase 1, que vai atender mais de 2,8 milh\u00f5es de pessoas. O Governo Federal deu in\u00edcio, nessa segunda-feira (18), \u00e0 campanha de vacina\u00e7\u00e3o contra a Covid-19 no Brasil. O ministro da Sa\u00fade, Eduardo Pazuello, e governadores acompanharam a sa\u00edda das primeiras&hellip;","jetpack_sharing_enabled":true,"jetpack_likes_enabled":true,"_links":{"self":[{"href":"https:\/\/blogopara.com.br\/index.php\/wp-json\/wp\/v2\/posts\/18030","targetHints":{"allow":["GET"]}}],"collection":[{"href":"https:\/\/blogopara.com.br\/index.php\/wp-json\/wp\/v2\/posts"}],"about":[{"href":"https:\/\/blogopara.com.br\/index.php\/wp-json\/wp\/v2\/types\/post"}],"author":[{"embeddable":true,"href":"https:\/\/blogopara.com.br\/index.php\/wp-json\/wp\/v2\/users\/1"}],"replies":[{"embeddable":true,"href":"https:\/\/blogopara.com.br\/index.php\/wp-json\/wp\/v2\/comments?post=18030"}],"version-history":[{"count":1,"href":"https:\/\/blogopara.com.br\/index.php\/wp-json\/wp\/v2\/posts\/18030\/revisions"}],"predecessor-version":[{"id":18034,"href":"https:\/\/blogopara.com.br\/index.php\/wp-json\/wp\/v2\/posts\/18030\/revisions\/18034"}],"wp:featuredmedia":[{"embeddable":true,"href":"https:\/\/blogopara.com.br\/index.php\/wp-json\/wp\/v2\/media\/18033"}],"wp:attachment":[{"href":"https:\/\/blogopara.com.br\/index.php\/wp-json\/wp\/v2\/media?parent=18030"}],"wp:term":[{"taxonomy":"category","embeddable":true,"href":"https:\/\/blogopara.com.br\/index.php\/wp-json\/wp\/v2\/categories?post=18030"},{"taxonomy":"post_tag","embeddable":true,"href":"https:\/\/blogopara.com.br\/index.php\/wp-json\/wp\/v2\/tags?post=18030"}],"curies":[{"name":"wp","href":"https:\/\/api.w.org\/{rel}","templated":true}]}}