{"id":18031,"date":"2021-01-20T09:02:36","date_gmt":"2021-01-20T12:02:36","guid":{"rendered":"http:\/\/blogopara.com.br\/?p=18031"},"modified":"2021-01-20T09:02:39","modified_gmt":"2021-01-20T12:02:39","slug":"juazeiro-lixao-esta-se-formando-no-bairro-jardim-florida-denuncia-morador","status":"publish","type":"post","link":"https:\/\/blogopara.com.br\/index.php\/2021\/01\/20\/juazeiro-lixao-esta-se-formando-no-bairro-jardim-florida-denuncia-morador","title":{"rendered":"Juazeiro: Lix\u00e3o est\u00e1 se formando no bairro Jardim Fl\u00f3rida, denuncia morador"},"content":{"rendered":"<p>Circula nas redes sociais o apelo de um cidad\u00e3o, morador do bairro Jardim Fl\u00f3rida, segundo ele um lix\u00e3o est\u00e1 se formando naquela comunidade.<\/p>\n<p style=\"text-align: justify;\">&#8220;Gostaria que voc\u00eas nos ajudassem divulgando este enorme lix\u00e3o aqui na rua Arnaldo Vieira do Nascimento, bairro Jardim Fl\u00f3rida em Juazeiro\/Bahia. J\u00e1 n\u00e3o suportamos mais tantos insetos e ratos neste terreno.<\/p>\n<p style=\"text-align: justify;\">J\u00e1 entramos em contato com os \u00f3rg\u00e3os respons\u00e1veis da prefeitura por diversas vezes, a prefeitura n\u00e3o toma nenhuma provid\u00eancia com rela\u00e7\u00e3o a resolu\u00e7\u00e3o deste problema. Precisamos de provid\u00eancias urgentes do poder p\u00fablico municipal no sentido de coibir o descarte irregular de lixo em \u00e1reas do bairro.<\/p>\n<p style=\"text-align: justify;\">Algumas pessoas precisam ser notificadas pela SEMAURB, como exemplo, uma senhora moradora da rua que descarta frutas podres no terreno e muitas vezes na cal\u00e7ada, um morador que est\u00e1 com tr\u00eas carradas de areia na rua, duas na cal\u00e7ada e uma menor em via p\u00fablica (inclusive j\u00e1 causou um acidente) e, a dona do terreno tamb\u00e9m precisa ser notificada para murar o terreno.<\/p>\n<p style=\"text-align: justify;\">J\u00e1 n\u00e3o aguentamos mais, a prefeitura precisa comparecer a rua, todos sabem quem s\u00e3o as pessoas citadas aqui.<\/p>\n<p style=\"text-align: justify;\">Agradecemos em nome dos moradores da rua&#8221;.<\/p>\n<p style=\"text-align: justify;\">Batista Oliveira<\/p>\n","protected":false},"excerpt":{"rendered":"<p>Circula nas redes sociais o apelo de um cidad\u00e3o, morador do bairro Jardim Fl\u00f3rida, segundo ele um lix\u00e3o est\u00e1 se formando naquela comunidade. &#8220;Gostaria que voc\u00eas nos ajudassem divulgando este enorme lix\u00e3o aqui na rua Arnaldo Vieira do Nascimento, bairro Jardim Fl\u00f3rida em Juazeiro\/Bahia. J\u00e1 n\u00e3o suportamos mais tantos insetos e ratos neste terreno. J\u00e1 [&hellip;]<\/p>\n","protected":false},"author":1,"featured_media":18032,"comment_status":"open","ping_status":"open","sticky":false,"template":"","format":"standard","meta":{"_uag_custom_page_level_css":"","_monsterinsights_skip_tracking":false,"_monsterinsights_sitenote_active":false,"_monsterinsights_sitenote_note":"","_monsterinsights_sitenote_category":0,"jetpack_post_was_ever_published":false,"_jetpack_newsletter_access":"","_jetpack_dont_email_post_to_subs":false,"_jetpack_newsletter_tier_id":0,"_jetpack_memberships_contains_paywalled_content":false,"_jetpack_memberships_contains_paid_content":false,"footnotes":"","jetpack_publicize_message":"","jetpack_publicize_feature_enabled":true,"jetpack_social_post_already_shared":true,"jetpack_social_options":{"image_generator_settings":{"template":"highway","default_image_id":0,"font":"","enabled":false},"version":2}},"categories":[203,197,205],"tags":[],"class_list":["post-18031","post","type-post","status-publish","format-standard","has-post-thumbnail","hentry","category-juazeiro","category-politica","category-saude"],"jetpack_publicize_connections":[],"jetpack_featured_media_url":"https:\/\/blogopara.com.br\/wp-content\/uploads\/2021\/01\/9f4064c3-d7c2-4ce7-9e54-57f35447c04c.jpg","uagb_featured_image_src":{"full":["https:\/\/blogopara.com.br\/wp-content\/uploads\/2021\/01\/9f4064c3-d7c2-4ce7-9e54-57f35447c04c.jpg",500,400,false],"thumbnail":["https:\/\/blogopara.com.br\/wp-content\/uploads\/2021\/01\/9f4064c3-d7c2-4ce7-9e54-57f35447c04c-150x150.jpg",150,150,true],"medium":["https:\/\/blogopara.com.br\/wp-content\/uploads\/2021\/01\/9f4064c3-d7c2-4ce7-9e54-57f35447c04c-300x240.jpg",300,240,true],"medium_large":["https:\/\/blogopara.com.br\/wp-content\/uploads\/2021\/01\/9f4064c3-d7c2-4ce7-9e54-57f35447c04c.jpg",500,400,false],"large":["https:\/\/blogopara.com.br\/wp-content\/uploads\/2021\/01\/9f4064c3-d7c2-4ce7-9e54-57f35447c04c.jpg",500,400,false],"1536x1536":["https:\/\/blogopara.com.br\/wp-content\/uploads\/2021\/01\/9f4064c3-d7c2-4ce7-9e54-57f35447c04c.jpg",500,400,false],"2048x2048":["https:\/\/blogopara.com.br\/wp-content\/uploads\/2021\/01\/9f4064c3-d7c2-4ce7-9e54-57f35447c04c.jpg",500,400,false],"mantranews-slider-large":["https:\/\/blogopara.com.br\/wp-content\/uploads\/2021\/01\/9f4064c3-d7c2-4ce7-9e54-57f35447c04c.jpg",500,400,false],"mantranews-featured-medium":["https:\/\/blogopara.com.br\/wp-content\/uploads\/2021\/01\/9f4064c3-d7c2-4ce7-9e54-57f35447c04c-420x307.jpg",420,307,true],"mantranews-featured-long":["https:\/\/blogopara.com.br\/wp-content\/uploads\/2021\/01\/9f4064c3-d7c2-4ce7-9e54-57f35447c04c-300x400.jpg",300,400,true],"mantranews-block-medium":["https:\/\/blogopara.com.br\/wp-content\/uploads\/2021\/01\/9f4064c3-d7c2-4ce7-9e54-57f35447c04c-464x290.jpg",464,290,true],"mantranews-carousel-image":["https:\/\/blogopara.com.br\/wp-content\/uploads\/2021\/01\/9f4064c3-d7c2-4ce7-9e54-57f35447c04c.jpg",500,400,false],"mantranews-block-thumb":["https:\/\/blogopara.com.br\/wp-content\/uploads\/2021\/01\/9f4064c3-d7c2-4ce7-9e54-57f35447c04c-322x230.jpg",322,230,true],"mantranews-single-large":["https:\/\/blogopara.com.br\/wp-content\/uploads\/2021\/01\/9f4064c3-d7c2-4ce7-9e54-57f35447c04c.jpg",500,400,false]},"uagb_author_info":{"display_name":"Reda\u00e7\u00e3o geral","author_link":"https:\/\/blogopara.com.br\/index.php\/author\/blogopara"},"uagb_comment_info":0,"uagb_excerpt":"Circula nas redes sociais o apelo de um cidad\u00e3o, morador do bairro Jardim Fl\u00f3rida, segundo ele um lix\u00e3o est\u00e1 se formando naquela comunidade. &#8220;Gostaria que voc\u00eas nos ajudassem divulgando este enorme lix\u00e3o aqui na rua Arnaldo Vieira do Nascimento, bairro Jardim Fl\u00f3rida em Juazeiro\/Bahia. J\u00e1 n\u00e3o suportamos mais tantos insetos e ratos neste terreno. J\u00e1&hellip;","jetpack_sharing_enabled":true,"jetpack_likes_enabled":true,"_links":{"self":[{"href":"https:\/\/blogopara.com.br\/index.php\/wp-json\/wp\/v2\/posts\/18031","targetHints":{"allow":["GET"]}}],"collection":[{"href":"https:\/\/blogopara.com.br\/index.php\/wp-json\/wp\/v2\/posts"}],"about":[{"href":"https:\/\/blogopara.com.br\/index.php\/wp-json\/wp\/v2\/types\/post"}],"author":[{"embeddable":true,"href":"https:\/\/blogopara.com.br\/index.php\/wp-json\/wp\/v2\/users\/1"}],"replies":[{"embeddable":true,"href":"https:\/\/blogopara.com.br\/index.php\/wp-json\/wp\/v2\/comments?post=18031"}],"version-history":[{"count":1,"href":"https:\/\/blogopara.com.br\/index.php\/wp-json\/wp\/v2\/posts\/18031\/revisions"}],"predecessor-version":[{"id":18035,"href":"https:\/\/blogopara.com.br\/index.php\/wp-json\/wp\/v2\/posts\/18031\/revisions\/18035"}],"wp:featuredmedia":[{"embeddable":true,"href":"https:\/\/blogopara.com.br\/index.php\/wp-json\/wp\/v2\/media\/18032"}],"wp:attachment":[{"href":"https:\/\/blogopara.com.br\/index.php\/wp-json\/wp\/v2\/media?parent=18031"}],"wp:term":[{"taxonomy":"category","embeddable":true,"href":"https:\/\/blogopara.com.br\/index.php\/wp-json\/wp\/v2\/categories?post=18031"},{"taxonomy":"post_tag","embeddable":true,"href":"https:\/\/blogopara.com.br\/index.php\/wp-json\/wp\/v2\/tags?post=18031"}],"curies":[{"name":"wp","href":"https:\/\/api.w.org\/{rel}","templated":true}]}}